{"id":27437,"date":"2017-11-17T02:17:45","date_gmt":"2017-11-17T01:17:45","guid":{"rendered":"http:\/\/middleeasttransparent.com\/?p=27437"},"modified":"2017-11-17T02:17:45","modified_gmt":"2017-11-17T01:17:45","slug":"mario-stasi-edwy-plenel-a-tort-toute-ligne","status":"publish","type":"post","link":"https:\/\/middleeasttransparent.com\/fr\/mario-stasi-edwy-plenel-a-tort-toute-ligne\/","title":{"rendered":"Mario Stasi : \u00ab Edwy Plenel a tort sur toute la ligne \u00bb"},"content":{"rendered":"<header>\n<hgroup>\n<h2 data-bind=\"text: articleSubtitle\">Le nouveau pr\u00e9sident de la Licra prend position dans l\u2019affrontement entre \u00ab Charlie Hebdo \u00bb et le fondateur de Mediapart. Et demande \u00e0 Emmanuel Macron de s\u2019exprimer.<\/h2>\n<h2 data-bind=\"text: articleSubtitle\"><\/h2>\n<h2 data-bind=\"text: articleSubtitle\"><\/h2>\n<\/hgroup>\n<ul class=\"art-byline\">\n<li class=\"art-author\" data-bind=\"text: byline\"><span style=\"color: #0000ff;\"><strong>Marie-Am\u00e9lie Lombard-Latune \u00a3@malombard<\/strong><\/span><\/li>\n<\/ul>\n<\/header>\n<div data-bind=\"foreach: articleBlocks\">\n<p data-bind=\"text: $data\">L\u2019avocat vient de prendre la t\u00eate de la Licra (Ligue internationale de lutte contre le racisme et l\u2019antis\u00e9mitisme) qui c\u00e9l\u00e8bre ses quatrevingt-dix ans, compte 6000 adh\u00e9rents et \u00e9largit son audience via les r\u00e9seaux sociaux. Il veut mettre l\u2019accent sur l\u2019\u00e9ducation \u00e0 l\u2019antiracisme en multipliant les interventions aupr\u00e8s des \u00e9coliers et coll\u00e9giens. LE FIGARO. &#8211; Une intense pol\u00e9mique oppose Charlie Hebdo au directeur du site Mediapart, Edwy Plenel.<\/p>\n<p data-bind=\"text: $data\"><strong>L\u2019hebdomadaire satirique accuse Plenel de \u00ab condamner \u00e0 mort une deuxi\u00e8me fois \u00bb sa r\u00e9daction en affirmant que celle-ci a d\u00e9clar\u00e9 \u00ab la guerre aux musulmans \u00bb. Querelle m\u00e9diatique \u00e0 gauche ou d\u00e9bat de fond sur l\u2019islam et la la\u00efcit\u00e9 ?<\/strong><\/p>\n<p data-bind=\"text: $data\"><strong>Mario STASI<\/strong>. &#8211; C\u2019est une question de fond. Charlie Hebdo ne m\u00e8ne aucune guerre contre les musulmans mais condamne les extr\u00e9mismes religieux d\u2019o\u00f9 qu\u2019ils viennent. Edwy Plenel, avec sa rh\u00e9torique habituelle, fait semblant de confondre musulmans et int\u00e9gristes musulmans. Lui et ceux qui le soutiennent sont dans un combat id\u00e9ologique. A minima, c\u2019est irresponsable dans une soci\u00e9t\u00e9 o\u00f9 des drames humains, comme l\u2019attentat contre Charlie Hebdo, ont \u00e9t\u00e9 la cons\u00e9quence d\u2019\u00e9crits et de dessins. Mais je crois plus s\u00fbrement que c\u2019est volontaire. Edwy Plenel a tort, sur toute la ligne.<\/p>\n<p data-bind=\"text: $data\"><strong>Riss, le directeur de Charlie Hebdo, d\u00e9nonce un \u00ab appel au meurtre \u00bb, Manuel Valls accuse Edwy Plenel de \u00ab complicit\u00e9 intellectuelle \u00bb avec le terrorisme. Ont-ils raison ? Oui, dans les deux cas.<\/strong><\/p>\n<p data-bind=\"text: $data\">Apr\u00e8s les menaces de mort contre Charlie Hebdo, Laurent Wauquiez, le candidat \u00e0 la pr\u00e9sidence LR, a estim\u00e9 qu\u2019Emmanuel Macron devait s\u2019exprimer sur le sujet. \u00cates-vous d\u2019accord ? Une parole forte, et aussi claire que celle de Manuel Valls, est en effet attendue pour d\u00e9fendre la libert\u00e9 d\u2019expression, le droit au blasph\u00e8me, la R\u00e9publique la\u00efque. Et pour condamner le communautarisme totalement oppos\u00e9 \u00e0 l\u2019id\u00e9al r\u00e9publicain. La Licra regrette qu\u2019un tel discours n\u2019ait pas encore \u00e9t\u00e9 pro- nonc\u00e9. Mais ce discours fondateur sur les valeurs de la R\u00e9publique, le chef de l\u2019\u00c9tat l\u2019aura certainement. C\u2019est le moment.<\/p>\n<p data-bind=\"text: $data\"><strong>Est-ce trop tard ? Emmanuel Macron est souvent d\u00e9crit comme \u00ab mal \u00e0 l\u2019aise \u00bb avec ce d\u00e9bat.<\/strong><\/p>\n<p data-bind=\"text: $data\">Quelle est la finalit\u00e9 du combat antiraciste, tel que le con\u00e7oit la Licra ? Ne pas rester dans l\u2019incantation mais obtenir des r\u00e9sultats. Quand le pr\u00e9sident, avec sa culture \u00e9conomique, se pr\u00e9occupe des banlieues, ne veut plus de l\u2019assistanat mais des r\u00e9sultats, comme sur l\u2019emploi, c\u2019est le m\u00eame objectif : faire cesser la fragmentation, le repli identitaire.<\/p>\n<p data-bind=\"text: $data\">D<strong>\u00e8s votre arriv\u00e9e \u00e0 la t\u00eate de la Licra, la semaine derni\u00e8re, vous avez \u00e9crit \u00e0 Jean-Luc M\u00e9lenchon pour lui demander de clarifier ses positions \u00e0 l\u2019\u00e9gard du Parti des indig\u00e8nes de la R\u00e9publique, que vous qualifiez de \u00ab groupuscule extr\u00e9miste dont la doctrine (est) exclusivement vert\u00e9br\u00e9e par le racisme et l\u2019obsession des Juifs \u00bb. Une d\u00e9put\u00e9e La France insoumise, Dani\u00e8le Obono, avait en effet pris la d\u00e9fense de ce mouvement et de sa porte-parole. Quel est le sens de votre d\u00e9marche ?<\/strong><\/p>\n<p data-bind=\"text: $data\">Arr\u00eater de mettre la poussi\u00e8re sous le tapis. Quand une d\u00e9put\u00e9e se dit \u00ab camarade \u00bb d\u2019une responsable d\u2019un mouvement identitaire, raciste, antis\u00e9mite et homophobe, qui pr\u00f4ne la communautarisation de la soci\u00e9t\u00e9 pour fracasser le socle r\u00e9publicain, elle engage son parti. La r\u00e9ponse de Jean-Luc M\u00e9lenchon est enfin une clarification.<\/p>\n<p data-bind=\"text: $data\"><strong>Jean-Luc M\u00e9lenchon condamne le Parti des indig\u00e8nes de la R\u00e9publique mais il ne d\u00e9savoue pas pour autant \u00ab sa \u00bb d\u00e9put\u00e9e Dani\u00e8le Obono ?<\/strong><\/p>\n<p data-bind=\"text: $data\">Il a fait la moiti\u00e9 du chemin. Au sein de La France insoumise, les tensions sont fortes sur ces sujets.<\/p>\n<p data-bind=\"text: $data\"><strong>\u00ab Islamo-gauchisme \u00bb : le terme vous convient-il ?<\/strong><\/p>\n<p data-bind=\"text: $data\">Quand on se sert des musulmans pour les transformer en nouveaux damn\u00e9s de la terre, quand on m\u00e8ne un combat qui dessert la R\u00e9publique en m\u00e9langeant habilement la guerre contre les extr\u00e9mistes et la pseudo-guerre contre les musulmans, c\u2019est ce qu\u2019on fait. C\u2019est ce qu\u2019Edwy Plenel d\u00e9fend. <strong>Et quand il n\u2019y a plus un enfant juif dans les \u00e9coles publiques de Seine-Saint-Denis, c\u2019est la cons\u00e9quence de l\u2019islamogauchisme.<\/strong><\/p>\n<p data-bind=\"text: $data\"><strong>La Licra a \u00e9t\u00e9 tr\u00e8s critiqu\u00e9e pour avoir \u00e9t\u00e9 partie civile, au c\u00f4t\u00e9 du sulfureux Collectif contre l\u2019islamophobie en France (CCIF), dans le proc\u00e8s contre l\u2019historien Georges Bensoussan qui avait d\u00e9clar\u00e9 \u00ab dans les familles arabes en France (\u2026) l\u2019antis\u00e9mitisme, on le t\u00e8te avec le lait de sa m\u00e8re \u00bb. C\u2019\u00e9tait une erreur ?<\/strong><\/p>\n<p data-bind=\"text: $data\">Cette affaire appartient au pass\u00e9 et nous vaut encore des menaces de mort\u2026 Il est criminel de dire que nous entretenons une quelconque connivence avec le CCIF ! La Licra combat l\u2019antis\u00e9mitisme et le racisme sous toutes leurs formes quand bien m\u00eame elle risque de se retrouver sur le banc des parties civiles au c\u00f4t\u00e9 du CCIF ou d\u2019autres associations dont elle ne partage aucune valeur. Avec Georges Bensoussan, nous avons eu un diff\u00e9rend. Avec le CCIF, nous sommes en totale opposition. Nous n\u2019avons pas interjet\u00e9 appel de la relaxe de Georges Bensoussan.<\/p>\n<p style=\"text-align: center;\" data-bind=\"text: $data\">\u00ab Quand Emmanuel Macron, avec sa culture \u00e9conomique, se pr\u00e9occupe des banlieues, ne veut plus de l\u2019assistanat mais des r\u00e9sultats, comme sur l\u2019emploi, c\u2019est le m\u00eame objectif : faire cesser la fragmentation, identitaire\u00bb le repli MARIO STASI<\/p>\n<p data-bind=\"text: $data\"><strong>En 2014, vous avez obtenu une condamnation pour racisme \u00ab anti-Blanc \u00bb. C\u2019\u00e9tait une premi\u00e8re. <\/strong><\/p>\n<p data-bind=\"text: $data\">Si le racisme \u00abanti-Blanc\u00bb est de toute \u00e9vidence moins discriminant que le racisme anti-Noir ou antimusulman, il existe bien. Il repr\u00e9sente 2 \u00e0 3 % des plaintes dont nous sommes saisis.<\/p>\n<p data-bind=\"text: $data\"><strong>Le retour des djihadistes en France inqui\u00e8te. Quel traitement doivent-ils recevoir ?<\/strong><\/p>\n<p data-bind=\"text: $data\">Ce sont des adultes responsables qui doivent \u00eatre trait\u00e9s sur un plan judiciaire au cas par cas. Pour les hommes qui ont combattu, c\u2019est de l\u2019intelligence avec l\u2019ennemi. Pour les femmes, il faudra appr\u00e9cier le degr\u00e9 de contrainte, contrainte qui reste \u00e0 prouver\u2026<\/p>\n<p data-bind=\"text: $data\"><strong>La ministre des Arm\u00e9es avait dit : \u00ab Si des djihadistes p\u00e9rissent \u00e0 Raqqa, c\u2019est tant mieux \u00bb. \u00cates-vous d\u2019accord ?<\/strong><\/p>\n<p data-bind=\"text: $data\">Sont-ils des soldats ? Des soldats de la terreur, sans aucun doute. Je ne vais pas pleurer.<\/p>\n<p data-bind=\"text: $data\"><a href=\"http:\/\/Mario Stasi : \u00ab Edwy Plenel a tort sur toute la ligne \u00bb\">LE FIGARO<\/a><\/p>\n<\/div>\n","protected":false},"excerpt":{"rendered":"<p>Le nouveau pr\u00e9sident de la Licra prend position dans l\u2019affrontement entre \u00ab Charlie Hebdo \u00bb et le fondateur de Mediapart. Et demande \u00e0 Emmanuel Macron de s\u2019exprimer. Marie-Am\u00e9lie Lombard-Latune \u00a3@malombard L\u2019avocat vient de prendre la t\u00eate de la Licra (Ligue internationale de lutte contre le racisme et l\u2019antis\u00e9mitisme) qui c\u00e9l\u00e8bre ses quatrevingt-dix ans, compte 6000<\/p>\n","protected":false},"author":152,"featured_media":27440,"comment_status":"open","ping_status":"open","sticky":false,"template":"","format":"standard","meta":{"_uf_show_specific_survey":0,"_uf_disable_surveys":false,"footnotes":""},"categories":[37],"tags":[],"class_list":{"0":"post-27437","1":"post","2":"type-post","3":"status-publish","4":"format-standard","5":"has-post-thumbnail","7":"category-alaune-fr"},"aioseo_notices":[],"_links":{"self":[{"href":"https:\/\/middleeasttransparent.com\/fr\/wp-json\/wp\/v2\/posts\/27437","targetHints":{"allow":["GET"]}}],"collection":[{"href":"https:\/\/middleeasttransparent.com\/fr\/wp-json\/wp\/v2\/posts"}],"about":[{"href":"https:\/\/middleeasttransparent.com\/fr\/wp-json\/wp\/v2\/types\/post"}],"author":[{"embeddable":true,"href":"https:\/\/middleeasttransparent.com\/fr\/wp-json\/wp\/v2\/users\/152"}],"replies":[{"embeddable":true,"href":"https:\/\/middleeasttransparent.com\/fr\/wp-json\/wp\/v2\/comments?post=27437"}],"version-history":[{"count":0,"href":"https:\/\/middleeasttransparent.com\/fr\/wp-json\/wp\/v2\/posts\/27437\/revisions"}],"wp:featuredmedia":[{"embeddable":true,"href":"https:\/\/middleeasttransparent.com\/fr\/wp-json\/wp\/v2\/media\/27440"}],"wp:attachment":[{"href":"https:\/\/middleeasttransparent.com\/fr\/wp-json\/wp\/v2\/media?parent=27437"}],"wp:term":[{"taxonomy":"category","embeddable":true,"href":"https:\/\/middleeasttransparent.com\/fr\/wp-json\/wp\/v2\/categories?post=27437"},{"taxonomy":"post_tag","embeddable":true,"href":"https:\/\/middleeasttransparent.com\/fr\/wp-json\/wp\/v2\/tags?post=27437"}],"curies":[{"name":"wp","href":"https:\/\/api.w.org\/{rel}","templated":true}]}}