{"id":27401,"date":"2017-11-16T20:16:30","date_gmt":"2017-11-16T19:16:30","guid":{"rendered":"http:\/\/middleeasttransparent.com\/?p=27401"},"modified":"2017-11-16T20:18:59","modified_gmt":"2017-11-16T19:18:59","slug":"entretien-zineb-el-rhazoui-collaborationnistes-fascisme-islamique-nombreux-france","status":"publish","type":"post","link":"https:\/\/middleeasttransparent.com\/fr\/entretien-zineb-el-rhazoui-collaborationnistes-fascisme-islamique-nombreux-france\/","title":{"rendered":"Entretien avec Zineb El Rhazoui: \u00abLes collaborationnistes du fascisme islamique sont nombreux en France\u00bb"},"content":{"rendered":"<header>\n<hgroup><\/hgroup>\n<p class=\"fig-content__chapo\">FIGAROVOX\/ENTRETIEN &#8211; Survivante de l&rsquo;\u00e9quipe de\u00a0<i>Charlie Hebdo<\/i>, la journaliste analyse la pol\u00e9mique qui oppose le journal satirique \u00e0\u00a0<i>Mediapart<\/i>. Pour elle, deux ans apr\u00e8s les attentats de Paris, une partie des \u00e9lites m\u00e9diatiques et politiques est toujours dans le d\u00e9ni.<\/p>\n<div data-component=\"fig-content-body\"><\/div>\n<div class=\"fig-content__body\" data-component=\"fig-content-body\">\n<hgroup>\n<h4 data-bind=\"text: articleTitle\"><span style=\"color: #0000ff;\">PROPOS RECUEILLIS PAR ALEXANDRE DEVECCHIO @AlexDevecchio<\/span><\/h4>\n<\/hgroup>\n<\/div>\n<\/header>\n<div data-bind=\"foreach: articleBlocks\">\n<p data-bind=\"text: $data\"><span style=\"color: #000000;\"><strong>LE FIGARO. \u2013 Entre Charlie Hebdo et Mediapart, la pol\u00e9mique atteint un grand degr\u00e9 de virulence. Le directeur de Mediapart, Edwy Plenel, a \u00e9t\u00e9 brocard\u00e9 par Charlie Hebdo pour sa proximit\u00e9 avec Tariq Ramadan. Et, dans son \u00e9ditorial, Riss accuse d\u00e9sormais Plenel de \u00ab condamner \u00e0 mort une deuxi\u00e8me fois \u00bb sa r\u00e9daction\u2026 <\/strong><\/span><\/p>\n<p data-bind=\"text: $data\"><span style=\"color: #000000;\"><strong>Zineb EL RHAZOUI.<\/strong> \u2013 C\u2019est bien curieux, mais cette pol\u00e9mique me rappelle qu\u2019apr\u00e8s l\u2019attaque terroriste de Charlie Hebdo, alors que nous n\u2019avions pas encore enterr\u00e9 nos morts, certaines voix avaient d\u00e9j\u00e0 donn\u00e9 la m\u00eame sempiternelle tournure au d\u00e9bat public : \u00ab je ne suis pas Charlie \u00bb et \u00ab halte \u00e0 l\u2019islamophobie \u00bb en supputant que les \u00ab musulmans \u00bb \u00e9taient les v\u00e9ritables victimes. Apr\u00e8s les attentats terroristes du 13 novembre, ceux qui s\u2019\u00e9taient un peu trop \u00e9mus du sort des morts et des bless\u00e9s ont eu droit \u00e0 des accusations \u00e0 peine masqu\u00e9es de racisme parce qu\u2019ils auraient plut\u00f4t d\u00fb s\u2019\u00e9mouvoir du sort des victimes des attentats terroristes de Beyrouth. Apr\u00e8s les attentats de Nice o\u00f9 des b\u00e9b\u00e9s ont \u00e9t\u00e9 broy\u00e9s dans leurs poussettes pendant qu\u2019ils regardaient des feux d\u2019artifice, le d\u00e9bat public accusait encore une fois la France de racisme pour avoir rechign\u00e9 \u00e0 accueillir des burkinis sur la m\u00eame plage&#8230;<\/span><\/p>\n<p data-bind=\"text: $data\"><span style=\"color: #000000;\"><strong>Le 12 novembre, Mediapart a publi\u00e9 une tribune de soutien \u00e0 Plenel sign\u00e9e par 130 personnalit\u00e9s accusant Charlie Hebdo d\u2019attiser un climat de \u00ab haine \u00bb.<\/strong><\/span><\/p>\n<p data-bind=\"text: $data\"><span style=\"color: #000000;\">Cette tribune refuse que la ligne \u00e9ditoriale islamo-complaisante de Mediapart soit questionn\u00e9e. Je me pose la question de l\u2019opportunit\u00e9 de s\u2019en prendre \u00e0 Charlie Hebdo comme un porte\u00e9tendard de la \u00ab haine \u00bb une semaine apr\u00e8s que cet hebdo eut \u00e9t\u00e9 vis\u00e9 par une campagne de menaces de mort particuli\u00e8rement violente. Mediapart fait d\u2019ailleurs partie des organes de presse qui d\u00e9fendent l\u2019id\u00e9e selon laquelle les \u00ab musulmans \u00bb seraient de plus en plus des \u00ab victimes \u00bb depuis les attentats.<\/span><\/p>\n<p data-bind=\"text: $data\"><span style=\"color: #000000;\">Pour ma part, je fais partie d\u2019une maison journalistique o\u00f9 le mot \u00ab victime \u00bb a une signification tr\u00e8s r\u00e9elle, sanglante, qui se vit dans la douleur de l\u2019absence et dans la peur de la r\u00e9cidive. J\u2019ai envie de dire aux signataires : vous ne remuez pas le petit doigt lorsque des confr\u00e8res sont menac\u00e9s de mort, en revanche, vous faites bloc lorsque la moustache d\u2019Edwy Plenel et surtout ses accointances avec Tariq Ramadan sont tourn\u00e9es en d\u00e9rision ?<\/span><\/p>\n<p data-bind=\"text: $data\"><span style=\"color: #000000;\"><strong>Charlie Hebdo a-t-il bien fait de pointer la complicit\u00e9 de Plenel et de Ramadan sur le plan id\u00e9ologique ?<\/strong><\/span><\/p>\n<p data-bind=\"text: $data\"><span style=\"color: #000000;\">Je ne fais plus partie de la r\u00e9daction de Charlie Hebdo, mais si j\u2019y travaillais encore, j\u2019aurais sans doute approuv\u00e9 ce Plenel-bashing, o\u00f9 rien ne souffre si ce n\u2019est son ego. Dans un journal satirique, ce genre d\u2019ironie est trop pr\u00e9cieux pour le laisser passer. Plenel, en s\u2019affichant fi\u00e8rement avec Ramadan et en d\u00e9diabolisant sa figure, a mis\u00e9 sur le mauvais cheval. L\u2019admettre aurait \u00e9t\u00e9 plus noble que de se cacher derri\u00e8re une tribune sign\u00e9e par de nombreux intellectuels \u00e0 la probit\u00e9 et \u00e0 l\u2019honn\u00eatet\u00e9 av\u00e9r\u00e9es, mais aussi par des islamistes, des amis de Tariq Ramadan et autres idiots utiles des islamistes.<\/span><\/p>\n<p data-bind=\"text: $data\"><span style=\"color: #000000;\"><strong>\u00ab L\u2019islamisme n\u2019est pas en soi une chose grave \u00bb, a d\u00e9clar\u00e9 la copr\u00e9sidente de la soci\u00e9t\u00e9 des journalistes de Mediapart, Jade Lindgaard&#8230;<\/strong><\/span><\/p>\n<p data-bind=\"text: $data\"><span style=\"color: #000000;\">Cette consoeur p\u00eache au mieux par inculture, au pire par racisme. Soit elle ignore ce qu\u2019est le projet islamiste dans le domaine politique et n\u2019a jamais \u00e9tudi\u00e9 les codes civils et p\u00e9naux des th\u00e9ocraties islamiques du monde arabe et d\u2019ailleurs ; soit elle consid\u00e8re que nous autres \u00ab musulmans \u00bb devons \u00eatre condamn\u00e9s \u00e0 \u00eatre r\u00e9gis par la coutume et la superstition. Si Mme Lindgaard \u00e9tait n\u00e9e musulmane \u00e0 Marrakech, \u00e0 Annaba, \u00e0 Assiout, \u00e0 Hofouf ou \u00e0 Djalalabad, elle serait priv\u00e9e de libert\u00e9s aussi \u00e9l\u00e9mentaires que travailler, \u00e9tudier, se parfumer, penser, sortir, boire un verre, choisir son \u00e9poux, h\u00e9riter \u00e0 \u00e9galit\u00e9 avec ses fr\u00e8res ou encore se rendre au cimeti\u00e8re pour enterrer les siens. Son affirmation est une insulte \u00e0 tous ceux qui se battent pour la libert\u00e9 dans le monde musulman au p\u00e9ril de leur vie.<\/span><\/p>\n<\/div>\n<p style=\"text-align: center;\" data-bind=\"text: $data\"><img fetchpriority=\"high\" decoding=\"async\" class=\"alignnone size-full wp-image-27410\" src=\"http:\/\/middleeasttransparent.com\/wp-content\/uploads\/2017\/11\/Zineblivre.jpg\" alt=\"\" width=\"606\" height=\"495\" srcset=\"https:\/\/middleeasttransparent.com\/wp-content\/uploads\/2017\/11\/Zineblivre.jpg 606w, https:\/\/middleeasttransparent.com\/wp-content\/uploads\/2017\/11\/Zineblivre-600x490.jpg 600w, https:\/\/middleeasttransparent.com\/wp-content\/uploads\/2017\/11\/Zineblivre-168x137.jpg 168w\" sizes=\"(max-width: 606px) 100vw, 606px\" \/><\/p>\n<div data-bind=\"foreach: articleBlocks\">\n<p data-bind=\"text: $data\"><span style=\"color: #000000;\"><strong>Les cas de Mediapart et Plenel sont-ils isol\u00e9s ?<\/strong><\/span><\/p>\n<p data-bind=\"text: $data\"><span style=\"color: #000000;\">Malheureusement, ceux que j\u2019appelle les collaborationnistes du fascisme islamique sont nombreux en France. Ils s\u00e9vissent dans tous les domaines. Dans les m\u00e9dias, ce sont tous ces journaux fiers de \u00ab d\u00e9fendre les musulmans \u00bb alors qu\u2019ils auraient honte d\u2019en faire autant avec les \u00ab chr\u00e9tiens \u00bb. En politique, ce sont tous ceux qui s\u2019obstinent \u00e0 traiter les \u00ab musulmans \u00bb comme une communaut\u00e9 au lieu de les voir simplement comme des individus. Dans le d\u00e9bat public, ce sont tous ceux qui consid\u00e8rent que critiquer le christianisme est conforme \u00e0 l\u2019esprit des Lumi\u00e8res (et sur ce point ils ont raison), mais que critiquer l\u2019islam est de l\u2019\u00ab islamophobie \u00bb et du racisme. Ce sont tous ceux qui acceptent un f\u00e9minisme au rabais pour les femmes n\u00e9es musulmanes. Ce sont tous ceux qui consid\u00e8rent les \u00ab musulmans \u00bb comme un nouveau prol\u00e9tariat et consentent \u00e0 ce qu\u2019un musulman ne puisse jamais \u00e9chapper \u00e0 son identit\u00e9.<\/span><\/p>\n<p data-bind=\"text: $data\"><span style=\"color: #000000;\"><strong>Ces personnes ont pourtant droit, comme les autres, \u00e0 la libert\u00e9 d\u2019expression et d\u2019opinion&#8230;<\/strong><\/span><\/p>\n<p data-bind=\"text: $data\"><span style=\"color: #000000;\">Les seules limites \u00e0 la libert\u00e9 d\u2019expression sont celles de la loi, que nous sommes tous, surtout en tant que journalistes, tenus de respecter. En dehors de ces limites, chacun a le droit de dire que la terre n\u2019est pas ronde s\u2019il le souhaite, il devrait en \u00eatre libre. Toutefois, la soci\u00e9t\u00e9 doit aussi \u00eatre libre de le tourner en d\u00e9rision, de d\u00e9noncer son discours comme ridicule ou dangereux. Aussi, personne ne conteste le droit de M. Plenel d\u2019\u00eatre une groupie de Tariq Ramadan. Simplement, il devrait faire preuve de plus d\u2019humilit\u00e9 lorsque ses amiti\u00e9s intellectuelles s\u2019av\u00e8rent moins honorables qu\u2019il ne le pr\u00e9tendait.<\/span><\/p>\n<p data-bind=\"text: $data\"><span style=\"color: #000000;\"><strong>Dans votre livre 13, vous aviez racont\u00e9 la nuit du 13 novembre. Deux ans apr\u00e8s qu\u2019est-ce qui a chang\u00e9 ?<\/strong><\/span><\/p>\n<p data-bind=\"text: $data\"><span style=\"color: #000000;\"> Dans la soci\u00e9t\u00e9, beaucoup de choses. Mais nos politiques, eux, comme une bonne partie des \u00e9lites m\u00e9diatiques, font preuve d\u2019un d\u00e9ni d\u00e9concertant face au terrorisme islamique. Ils continuent de refuser de faire le lien entre les crimes de masse commis au nom de l\u2019islam et les aspects plus \u00ab banals \u00bb de la radicalisation islamique. \u00c0 tous ceux-l\u00e0, j\u2019ai envie de proposer d\u2019aller vivre quelques mois dans une th\u00e9ocratie islamique, ils sauront alors ce qu\u2019est l\u2019aboutissement du projet islamiste auquel ils veulent bien donner une chance en France. J\u2019ai envie de leur dire que, s\u2019ils nous consid\u00e8rent vraiment comme leurs \u00e9gaux, nous autres \u00ab musulmans \u00bb, eh bien qu\u2019ils nous reconnaissent les m\u00eames droits qu\u2019ils exigent pour eux-m\u00eames : la libert\u00e9. Pas celle de \u00ab porter le voile \u00bb ou de se retrancher dans le communautarisme, non. Nous m\u00e9ritons la m\u00eame libert\u00e9 qu\u2019en Occident : celle de critiquer la dictature des th\u00e9ocraties, de rire de notre h\u00e9ritage, de rejeter le joug de notre religion, de choisir notre orientation sexuelle, et de jouir de l\u2019\u00e9galit\u00e9 femmes-hommes.<\/span><\/p>\n<p data-bind=\"text: $data\"><span style=\"color: #000000;\"><a href=\"http:\/\/www.lefigaro.fr\/vox\/societe\/2017\/11\/15\/31003-20171115ARTFIG00372-zineb-el-rhazoui-les-collaborationnistes-du-fascisme-islamique-sont-nombreux-en-france.php\"><strong>LE FIGARO<\/strong><\/a><\/span><\/p>\n<\/div>\n","protected":false},"excerpt":{"rendered":"<p>FIGAROVOX\/ENTRETIEN &#8211; Survivante de l&rsquo;\u00e9quipe de\u00a0Charlie Hebdo, la journaliste analyse la pol\u00e9mique qui oppose le journal satirique \u00e0\u00a0Mediapart. Pour elle, deux ans apr\u00e8s les attentats de Paris, une partie des \u00e9lites m\u00e9diatiques et politiques est toujours dans le d\u00e9ni. PROPOS RECUEILLIS PAR ALEXANDRE DEVECCHIO @AlexDevecchio LE FIGARO. \u2013 Entre Charlie Hebdo et Mediapart, la pol\u00e9mique<\/p>\n","protected":false},"author":152,"featured_media":27408,"comment_status":"open","ping_status":"open","sticky":false,"template":"","format":"standard","meta":{"_uf_show_specific_survey":0,"_uf_disable_surveys":false,"footnotes":""},"categories":[37],"tags":[],"class_list":{"0":"post-27401","1":"post","2":"type-post","3":"status-publish","4":"format-standard","5":"has-post-thumbnail","7":"category-alaune-fr"},"aioseo_notices":[],"_links":{"self":[{"href":"https:\/\/middleeasttransparent.com\/fr\/wp-json\/wp\/v2\/posts\/27401","targetHints":{"allow":["GET"]}}],"collection":[{"href":"https:\/\/middleeasttransparent.com\/fr\/wp-json\/wp\/v2\/posts"}],"about":[{"href":"https:\/\/middleeasttransparent.com\/fr\/wp-json\/wp\/v2\/types\/post"}],"author":[{"embeddable":true,"href":"https:\/\/middleeasttransparent.com\/fr\/wp-json\/wp\/v2\/users\/152"}],"replies":[{"embeddable":true,"href":"https:\/\/middleeasttransparent.com\/fr\/wp-json\/wp\/v2\/comments?post=27401"}],"version-history":[{"count":0,"href":"https:\/\/middleeasttransparent.com\/fr\/wp-json\/wp\/v2\/posts\/27401\/revisions"}],"wp:featuredmedia":[{"embeddable":true,"href":"https:\/\/middleeasttransparent.com\/fr\/wp-json\/wp\/v2\/media\/27408"}],"wp:attachment":[{"href":"https:\/\/middleeasttransparent.com\/fr\/wp-json\/wp\/v2\/media?parent=27401"}],"wp:term":[{"taxonomy":"category","embeddable":true,"href":"https:\/\/middleeasttransparent.com\/fr\/wp-json\/wp\/v2\/categories?post=27401"},{"taxonomy":"post_tag","embeddable":true,"href":"https:\/\/middleeasttransparent.com\/fr\/wp-json\/wp\/v2\/tags?post=27401"}],"curies":[{"name":"wp","href":"https:\/\/api.w.org\/{rel}","templated":true}]}}