{"id":27195,"date":"2017-11-13T03:22:36","date_gmt":"2017-11-13T02:22:36","guid":{"rendered":"http:\/\/middleeasttransparent.com\/?p=27195"},"modified":"2017-11-13T03:22:36","modified_gmt":"2017-11-13T02:22:36","slug":"patriarche-chez-custode-de-kaaba","status":"publish","type":"post","link":"https:\/\/middleeasttransparent.com\/fr\/patriarche-chez-custode-de-kaaba\/","title":{"rendered":"Un patriarche chez le custode de la Kaaba"},"content":{"rendered":"<p class=\"p3\"><span class=\"s1\"> A l\u2019heure o\u00f9 cet article est r\u00e9dig\u00e9, Sa B\u00e9atitude Bechara Ra\u00ef, Patriarche d\u2019Antioche des Maronites et Cardinal de l\u2019Eglise Catholique romaine, s\u2019appr\u00eate \u00e0 se d\u00e9placer \u00e0 Riyadh, capitale du Royaume d\u2019Arabie Saoudite dont le roi porte le titre de \u00ab\u00a0Custode des deux Enclos Sacr\u00e9s\u00a0\u00bb\u00a0; \u00e0 savoir les lieux les plus saints de l\u2019Islam\u00a0: la grande mosqu\u00e9e de La Mecque (enclos de La Kaaba) et la grande mosqu\u00e9e de M\u00e9dine, (enclos du tombeau du proph\u00e8te Muhammad).<\/span><\/p>\n<p class=\"p3\"><span class=\"s1\"><strong>L\u2019\u00e9v\u00e9nement est un pr\u00e9c\u00e9dent de taille<\/strong>. Il comporte plusieurs dimensions symboliques et constitue, sans doute, un tournant historique majeur \u00e0 caract\u00e8re universel d\u00e9passant les fronti\u00e8res du Liban comme pays-message. Si les libanais eux-m\u00eames sont loin d\u2019\u00eatre conscients de ce trait de leur pays, un cardinal de l\u2019Eglise romaine ne l\u2019est certainement pas. Et c\u2019est ce message d\u2019ouverture et de paix que le libanais Bechara Ra\u00ef va porter au c\u0153ur m\u00eame des terres de l\u2019Islam, sur les lieux historiques o\u00f9 cette troisi\u00e8me religion monoth\u00e9iste de la tradition abrahamique a vu le jour. <\/span><\/p>\n<p class=\"p3\"><span class=\"s1\">Plusieurs grilles de lecture s\u2019offrent \u00e0 nous pour saisir les port\u00e9es multiples de cet \u00e9v\u00e9nement exceptionnel.<\/span><\/p>\n<ul>\n<li class=\"li3\"><span class=\"s1\"><strong>Il y a d\u2019abord la dimension biblique abrahamique<\/strong> elle-m\u00eame qui donne \u00e0 l\u2019\u00e9v\u00e9nement une port\u00e9e universelle. Le Patriarche Ra\u00ef, h\u00e9ritier spirituel d\u2019Isaac, fils d\u2019Abraham et de Sarah, va saluer et donner l\u2019accolade au Roi d\u2019Arabie, h\u00e9ritier d\u2019Isma\u00ebl fils d\u2019Abraham et de Hagar, l\u2019anc\u00eatre des Arabes. Et c\u2019est en langue arabe que se d\u00e9ploiera le protocole de cette rencontre sans pr\u00e9c\u00e9dent. Il y a l\u00e0 comme une image de la r\u00e9conciliation tant attendue des deux fr\u00e8res, Isaac et Isma\u00ebl, et leur participation mutuelle \u00e0 l\u2019h\u00e9ritage commun de leur p\u00e8re Abraham.<\/span><\/li>\n<\/ul>\n<ul>\n<li class=\"li3\"><span class=\"s1\">Il y a ensuite la dimension historique de la pr\u00e9sence chr\u00e9tienne oubli\u00e9e sur la terre d\u2019 Arabie<strong>.<\/strong> <strong>L\u2019histoire pr\u00e9islamique de l\u2019Arabie, assez mal connue, t\u00e9moigne de la pr\u00e9sence d\u2019une chr\u00e9tient\u00e9 chalc\u00e9donienne et jacobite en Arabie du Nord-Ouest, chez les Ghassanides\u00a0; d\u2019une chr\u00e9tient\u00e9 nestorienne en Arabie du Nord-Est, chez les Lakhmides\u00a0; d\u2019une chr\u00e9tient\u00e9 monophysite sud-arabique qui fut pers\u00e9cut\u00e9e par le royaume juif des Himyarites alors que dans le Hijaz central,<\/strong> on fait \u00e9tat de la pr\u00e9sence de groupes jud\u00e9o-chr\u00e9tiens (Ebionites). Quoi qu\u2019il en soit, la terre d\u2019Arabie a \u00e9t\u00e9 arros\u00e9e par le sang des martyrs chr\u00e9tiens comme \u00e0 Najran. Elle a donn\u00e9 de grandes figures de saintet\u00e9 comme <strong>Isaac le Syrien (Saint Isaac de Ninive) originaire d\u2019Arabie Orientale, du Qatar plus pr\u00e9cis\u00e9ment.<\/strong><\/span><\/li>\n<\/ul>\n<p><img fetchpriority=\"high\" decoding=\"async\" class=\"size-full wp-image-27197 aligncenter\" src=\"http:\/\/middleeasttransparent.com\/wp-content\/uploads\/2017\/11\/IssacSyrien.jpg\" alt=\"\" width=\"356\" height=\"472\" \/><\/p>\n<ul>\n<li class=\"li3\"><span class=\"s1\">Mais il y a aussi le fruit des efforts incessants qui ont \u00e9t\u00e9 d\u00e9ploy\u00e9s en mati\u00e8re de dialogue islamo-chr\u00e9tien et inter-religieux On rappellera le r\u00f4le de premier plan que les libanais (musulmans et chr\u00e9tiens) ont jou\u00e9 dans les r\u00e9cents congr\u00e8s que la prestigieuse institution Al Azhar a organis\u00e9s au Caire en partenariat avec le Conseil des Anciens de l\u2019Islam. La <i>D\u00e9claration d\u2019Al Azhar <\/i>du 01\/03\/2017 sur la citoyennet\u00e9, les libert\u00e9s et le vivre-ensemble r\u00e9sonne comme une adoption du travail de d\u00e9frichage que les libanais ont accompli en mati\u00e8re de dialogue. Cette d\u00e9claration pionni\u00e8re proclame que l\u2019unit\u00e9 politique est fond\u00e9e sur une base juridique et constitutionnelle en chaque lieu donn\u00e9 qu\u2019elle appelle \u00ab\u00a0nos patries arabes\u00bb. En juillet dernier, le Patriarche maronite avait organis\u00e9 \u00e0 l\u2019universit\u00e9 de Louaiz\u00e9 une conf\u00e9rence inter-religieuse en \u00e9cho \u00e0 Al Azhar. La <i>D\u00e9claration de Louaiz\u00e9<\/i> s\u2019abstient de parler de \u00ab\u00a0minorit\u00e9s\u00a0\u00bb et accueille la main tendue \u00e0 Al Azhar. La visite de Mgr Ra\u00ef \u00e0 Riyadh concr\u00e9tise ainsi la volont\u00e9 mutuelle de tourner la page et d\u2019entamer un nouveau chapitre du vivre-ensemble au sein de l\u2019Orient arabe entre Islam et Christianisme.<\/span><\/li>\n<\/ul>\n<ul>\n<li class=\"li3\"><span class=\"s1\"><strong>Mais il y a surtout une dimension r\u00e9volutionnaire au c\u0153ur m\u00eame de l\u2019Islam le plus puritain, \u00e0 savoir le Wahhabisme<\/strong>. Recevoir fastueusement un pr\u00e9lat chr\u00e9tien, arabe, mais aussi un haut dignitaire de l\u2019Eglise romaine, est un signe adress\u00e9 au monde entier comme quoi quelque chose bouge et change au sein de l\u2019Islam. Quelles seront les cons\u00e9quences d\u2019un tel bouleversement\u00a0? Nul ne peut le pr\u00e9voir mais on serait de mauvaise foi de ne pas y voir un signe majeur de changement radical.<\/span><\/li>\n<\/ul>\n<ul>\n<li class=\"li3\"><span class=\"s1\">Comment ne pas \u00e9voquer \u00e9galement l\u2019aspect purement chr\u00e9tien oriental de cette visite\u00a0? La pr\u00e9sence \u00e0 Riyadh de Mgr Ra\u00ef proclame haut et fort que les chr\u00e9tiens du Liban ne font pas le choix de vivre en ghetto mais de poursuivre leur longue tradition d\u2019ouverture qui fait du Liban le lieu par excellence du vivre-ensemble.<\/span><\/li>\n<\/ul>\n<p class=\"p3\"><span class=\"s1\">Quant aux cons\u00e9quences politiques de cette visite en mati\u00e8re d\u2019affaires purement libanaises, elle sont loin d\u2019avoir les dimensions exceptionnelles et historiques de son caract\u00e8re hautement symbolique et universel. La d\u00e9mission de Monsieur Hariri, aussi importante soit-elle, passe au second plan de cette rencontre entre islam et christianisme arabes. C\u2019est dans ce contexte que la visite aura des r\u00e9percussions politiques internes au Liban. Tout libanais de bonne volont\u00e9 met beaucoup d\u2019esp\u00e9rance dans cette rencontre.<\/span><\/p>\n<p>acourban@gmail.com<\/p>\n<p>*Beyrouth<\/p>\n","protected":false},"excerpt":{"rendered":"<p>A l\u2019heure o\u00f9 cet article est r\u00e9dig\u00e9, Sa B\u00e9atitude Bechara Ra\u00ef, Patriarche d\u2019Antioche des Maronites et Cardinal de l\u2019Eglise Catholique romaine, s\u2019appr\u00eate \u00e0 se d\u00e9placer \u00e0 Riyadh, capitale du Royaume d\u2019Arabie Saoudite dont le roi porte le titre de \u00ab\u00a0Custode des deux Enclos Sacr\u00e9s\u00a0\u00bb\u00a0; \u00e0 savoir les lieux les plus saints de l\u2019Islam\u00a0: la grande<\/p>\n","protected":false},"author":33,"featured_media":27198,"comment_status":"open","ping_status":"open","sticky":false,"template":"","format":"standard","meta":{"_uf_show_specific_survey":0,"_uf_disable_surveys":false,"footnotes":""},"categories":[22],"tags":[],"class_list":{"0":"post-27195","1":"post","2":"type-post","3":"status-publish","4":"format-standard","5":"has-post-thumbnail","7":"category-actualites-fr"},"aioseo_notices":[],"_links":{"self":[{"href":"https:\/\/middleeasttransparent.com\/fr\/wp-json\/wp\/v2\/posts\/27195","targetHints":{"allow":["GET"]}}],"collection":[{"href":"https:\/\/middleeasttransparent.com\/fr\/wp-json\/wp\/v2\/posts"}],"about":[{"href":"https:\/\/middleeasttransparent.com\/fr\/wp-json\/wp\/v2\/types\/post"}],"author":[{"embeddable":true,"href":"https:\/\/middleeasttransparent.com\/fr\/wp-json\/wp\/v2\/users\/33"}],"replies":[{"embeddable":true,"href":"https:\/\/middleeasttransparent.com\/fr\/wp-json\/wp\/v2\/comments?post=27195"}],"version-history":[{"count":0,"href":"https:\/\/middleeasttransparent.com\/fr\/wp-json\/wp\/v2\/posts\/27195\/revisions"}],"wp:featuredmedia":[{"embeddable":true,"href":"https:\/\/middleeasttransparent.com\/fr\/wp-json\/wp\/v2\/media\/27198"}],"wp:attachment":[{"href":"https:\/\/middleeasttransparent.com\/fr\/wp-json\/wp\/v2\/media?parent=27195"}],"wp:term":[{"taxonomy":"category","embeddable":true,"href":"https:\/\/middleeasttransparent.com\/fr\/wp-json\/wp\/v2\/categories?post=27195"},{"taxonomy":"post_tag","embeddable":true,"href":"https:\/\/middleeasttransparent.com\/fr\/wp-json\/wp\/v2\/tags?post=27195"}],"curies":[{"name":"wp","href":"https:\/\/api.w.org\/{rel}","templated":true}]}}