{"id":27047,"date":"2017-11-11T20:31:19","date_gmt":"2017-11-11T19:31:19","guid":{"rendered":"http:\/\/middleeasttransparent.com\/?p=27047"},"modified":"2017-11-11T20:56:37","modified_gmt":"2017-11-11T19:56:37","slug":"macron-jette-bases-dun-dialogue-franc-larabie","status":"publish","type":"post","link":"https:\/\/middleeasttransparent.com\/fr\/macron-jette-bases-dun-dialogue-franc-larabie\/","title":{"rendered":"Macron jette les bases d\u2019un dialogue franc avec l\u2019Arabie"},"content":{"rendered":"<header>\n<hgroup>\n<h2 data-bind=\"text: articleSubtitle\">Mohammed Ben Salman a assur\u00e9 au chef de l\u2019\u00c9tat que le responsable libanais Saad Hariri n\u2019\u00e9tait pas assign\u00e9 \u00e0 r\u00e9sidence.<\/h2>\n<\/hgroup>\n<\/header>\n<figure class=\"art-pic\"><\/figure>\n<div data-bind=\"foreach: articleBlocks\">\n<p data-bind=\"text: $data\">MOYEN-ORIENT La brusque mont\u00e9e des tensions au Moyen-Orient &#8211; avec un tir de missile sur Riyad \u00e0 partir du Y\u00e9men et la d\u00e9mission surprise du premier ministre libanais Saad Hariri &#8211; a fourni l\u2019occasion \u00e0 Emmanuel Macron de se faire inviter \u00e0 Riyad. Le pr\u00e9sident r\u00e9formateur de 39 ans n\u2019avait pas encore rencontr\u00e9 Mohammed Ben Salman (MBS), ce jeune prince de 32 ans aux \u00e9lans r\u00e9volutionnaires. C\u2019est donc chose faite. \u00c0 l\u2019invitation de l\u2019h\u00e9ritier du tr\u00f4ne saoudien, qui fait la une des m\u00e9dias avec sa purge anticorruption, le chef de l\u2019\u00c9tat fran\u00e7ais, qui achevait une visite de 24 heures aux \u00c9mirats arabes unis, a d\u00een\u00e9 jeudi soir \u00e0 Riyad avec le nouvel homme fort d\u2019un royaume alli\u00e9 de longue date de Paris.<\/p>\n<p data-bind=\"text: $data\">L\u2019Iran, que l\u2019Arabie accuse de d\u00e9stabiliser le Moyen-Orient, a \u00e9t\u00e9 l\u2019un des principaux sujets au menu du d\u00eener entre les deux dirigeants. Macron partage les craintes de Riyad, quand il d\u00e9nonce \u00ab les tentations h\u00e9g\u00e9moniques iraniennes \u00bb en Irak, en Syrie, au Liban et au Y\u00e9men. Mais il n\u2019est pas loin de penser que ces craintes confinent \u00e0 une certaine obsession de l\u2019Iran chez les responsables saoudiens. \u00ab J\u2019ai entendu des positions tr\u00e8s dures \u00bb exprim\u00e9es par l\u2019Arabie \u00ab vis-\u00e0-vis de l\u2019Iran qui ne sont pas conformes \u00e0 ce que je pense \u00bb, avait-il dit \u00e0 Duba\u00ef, quelques heures avant son \u00e9tape saoudienne. \u00ab Le pr\u00e9sident de la R\u00e9publique a expliqu\u00e9 le rationnel au prince Ben Salman \u00bb, d\u00e9crypte-t-on \u00e0 l\u2019\u00c9lys\u00e9e. \u00ab Il s\u2019agit de n\u2019avoir aucune politique jusqu\u2019au-boutiste qui viendrait cr\u00e9er des d\u00e9s\u00e9quilibres, voire des conflits, dans la r\u00e9gion \u00bb, avait rappel\u00e9 le chef de l\u2019\u00c9tat \u00e0 Duba\u00ef. Il pensait au Liban, que la d\u00e9mission de Saad Hariri, apparemment arrach\u00e9e par Riyad, plonge dans l\u2019incertitude. Jeudi, l\u2019Arabie a appel\u00e9 ses ressortissants \u00e0 quitter le pays du C\u00e8dre. \u00ab <strong>MBS a dit au pr\u00e9sident qu\u2019il ne souhaitait pas une guerre au Liban, il a rappel\u00e9 qu\u2019il \u00e9tait attach\u00e9 \u00e0 la stabilit\u00e9 du pays<\/strong> \u00bb, insiste-t-on \u00e0 l\u2019\u00c9lys\u00e9e. Sauf que la confusion autour du sort de Saad Hariri a pouss\u00e9 Paris \u00e0 agir. D\u2019abord en envoyant, d\u00e8s jeudi apr\u00e8s-midi, l\u2019ambassadeur de France \u00e0 Riyad, Fran\u00e7ois Gouyette, rencontrer le premier ministre d\u00e9missionnaire. \u00ab MBS a dit au pr\u00e9sident que Hariri n\u2019\u00e9tait pas assign\u00e9 \u00e0 r\u00e9sidence \u00bb, dit-on \u00e0 l\u2019\u00c9lys\u00e9e. Selon une source fran\u00e7aise \u00e0 Beyrouth, o\u00f9 a \u00e9t\u00e9 d\u00e9p\u00each\u00e9 vendredi <strong>Aur\u00e9lien Le Chevalier, conseiller Moyen-Orient de Macron<\/strong>, lorsque Fran\u00e7ois Gouyette a parl\u00e9 \u00e0 Saad Hariri chez ce dernier, <strong>des officiels saoudiens n\u2019\u00e9taient pas loin<\/strong>.<\/p>\n<\/div>\n<p style=\"text-align: center;\" data-bind=\"text: $data\">\u00a0 \u00a0 \u00a0\u201cUne proposition saoudienne a \u00e9t\u00e9 faite \u00e0 la famille Hariri de d\u00e9signer Baha, un fr\u00e8re de Saad, pour reprendre le flambeau politique \u201d UNE SOURCE FRAN\u00c7AISE \u00c0 BEYROUTH<\/p>\n<div data-bind=\"foreach: articleBlocks\">\n<p data-bind=\"text: $data\">L\u2019avenir de Hariri est au centre des tractations entre ses alli\u00e9s saoudiens et fran\u00e7ais. Riyad chercherait \u00e0 le remplacer par un de ses fr\u00e8res. \u00ab <strong>Une proposition saoudienne a \u00e9t\u00e9 faite \u00e0 la famille Hariri de d\u00e9signer Baha<\/strong>, un fr\u00e8re de Saad, pour reprendre le flambeau politique \u00bb, confie la source fran\u00e7aise \u00e0 Beyrouth. Nazek, la veuve de Rafic Hariri, l\u2019ancien premier ministre assassin\u00e9 en 2005, Bahyia Hariri, la soeur de ce dernier, et Ahmad, un fils de Bahyia qui dirige le Parti libanais Al-Moustaqbal, auraient \u00e9t\u00e9 convi\u00e9s \u00e0 Riyad pour avaliser cette redistribution des cartes, mais le clan aurait refus\u00e9.<\/p>\n<p data-bind=\"text: $data\">\u00c0 la surprise g\u00e9n\u00e9rale dans un pays habituellement fragment\u00e9, la plupart des hommes politiques libanais ont r\u00e9clam\u00e9 le retour de Saad Hariri \u00e0 Beyrouth. Vendredi, le pr\u00e9sident Michel Aoun, qui n\u2019accepte pas cette d\u00e9mission, a une nouvelle fois souhait\u00e9 que le premier ministre puisse rentrer au Liban. \u00ab Involontairement, l\u2019Arabie saoudite renforce sa popularit\u00e9 \u00bb, souligne un observateur, joint au t\u00e9l\u00e9phone \u00e0 Beyrouth. D\u2019autres redoutent que Riyad, exasp\u00e9r\u00e9 par la domination du Hezbollah sur les affaires libanaises, m\u00e8ne une guerre \u00e9conomique, en ass\u00e9chant les finances du Liban, largement d\u00e9pendantes du Golfe, pour le contraindre \u00e0 s\u2019\u00e9carter du Parti de Dieu, pro-iranien. <strong>Un sc\u00e9nario qui perturbe Paris.<\/strong> \u00ab Le sujet qui nous pr\u00e9occupe, c\u2019est la stabilit\u00e9 du Liban et qu\u2019il y ait une solution politique qui se mette en place rapidement \u00bb, a d\u00e9clar\u00e9 vendredi Jean-Yves Le Drian, le ministre des Affaires \u00e9trang\u00e8res. En clair que l\u2019affaire Hariri se d\u00e9noue. Ce sera un des objectifs de la visite, jeudi prochain \u00e0 Riyad, du chef de la diplomatie fran\u00e7aise.<\/p>\n<p data-bind=\"text: $data\">Sur le Y\u00e9men, si Emmanuel Macron condamne le tir de missile sur Riyad, il a fait passer \u00ab le message tr\u00e8s fort \u00bb \u00e0 MBS que la fermeture des ports et a\u00e9roports y\u00e9m\u00e9nites, d\u00e9cid\u00e9e par l\u2019Arabie en r\u00e9torsion au tir de missile, \u00e9tait \u00ab une vraie pr\u00e9occupation \u00bb. Bref, une discussion franche \u00e0 laquelle les dirigeants saoudiens n\u2019\u00e9taient plus habitu\u00e9s. Macron fait le pari que dans le Golfe o\u00f9 l\u2019on a le culte du \u00ab za\u00efm \u00bb (le chef), le langage de v\u00e9rit\u00e9 n\u2019est pas forc\u00e9ment contre-productif.<\/p>\n<p data-bind=\"text: $data\"><a href=\"http:\/\/www.lefigaro.fr\/international\/2017\/11\/10\/01003-20171110ARTFIG00307-macron-jette-les-bases-d-un-dialogue-franc-avec-l-arabie-saoudite.php\">Le Figaro<\/a><\/p>\n<p data-bind=\"text: $data\">\u00a0<a href=\"https:\/\/www.pressreader.com\/france\/le-figaro\/20171111\/281505046500332\">PressReader<\/a><\/p>\n<\/div>\n","protected":false},"excerpt":{"rendered":"<p>Mohammed Ben Salman a assur\u00e9 au chef de l\u2019\u00c9tat que le responsable libanais Saad Hariri n\u2019\u00e9tait pas assign\u00e9 \u00e0 r\u00e9sidence. MOYEN-ORIENT La brusque mont\u00e9e des tensions au Moyen-Orient &#8211; avec un tir de missile sur Riyad \u00e0 partir du Y\u00e9men et la d\u00e9mission surprise du premier ministre libanais Saad Hariri &#8211; a fourni l\u2019occasion \u00e0<\/p>\n","protected":false},"author":34,"featured_media":27053,"comment_status":"open","ping_status":"open","sticky":false,"template":"","format":"standard","meta":{"_uf_show_specific_survey":0,"_uf_disable_surveys":false,"footnotes":""},"categories":[37],"tags":[],"class_list":{"0":"post-27047","1":"post","2":"type-post","3":"status-publish","4":"format-standard","5":"has-post-thumbnail","7":"category-alaune-fr"},"aioseo_notices":[],"_links":{"self":[{"href":"https:\/\/middleeasttransparent.com\/fr\/wp-json\/wp\/v2\/posts\/27047","targetHints":{"allow":["GET"]}}],"collection":[{"href":"https:\/\/middleeasttransparent.com\/fr\/wp-json\/wp\/v2\/posts"}],"about":[{"href":"https:\/\/middleeasttransparent.com\/fr\/wp-json\/wp\/v2\/types\/post"}],"author":[{"embeddable":true,"href":"https:\/\/middleeasttransparent.com\/fr\/wp-json\/wp\/v2\/users\/34"}],"replies":[{"embeddable":true,"href":"https:\/\/middleeasttransparent.com\/fr\/wp-json\/wp\/v2\/comments?post=27047"}],"version-history":[{"count":0,"href":"https:\/\/middleeasttransparent.com\/fr\/wp-json\/wp\/v2\/posts\/27047\/revisions"}],"wp:featuredmedia":[{"embeddable":true,"href":"https:\/\/middleeasttransparent.com\/fr\/wp-json\/wp\/v2\/media\/27053"}],"wp:attachment":[{"href":"https:\/\/middleeasttransparent.com\/fr\/wp-json\/wp\/v2\/media?parent=27047"}],"wp:term":[{"taxonomy":"category","embeddable":true,"href":"https:\/\/middleeasttransparent.com\/fr\/wp-json\/wp\/v2\/categories?post=27047"},{"taxonomy":"post_tag","embeddable":true,"href":"https:\/\/middleeasttransparent.com\/fr\/wp-json\/wp\/v2\/tags?post=27047"}],"curies":[{"name":"wp","href":"https:\/\/api.w.org\/{rel}","templated":true}]}}