{"id":26068,"date":"2017-10-28T21:51:28","date_gmt":"2017-10-28T20:51:28","guid":{"rendered":"http:\/\/middleeasttransparent.com\/?p=26068"},"modified":"2017-10-28T21:51:28","modified_gmt":"2017-10-28T20:51:28","slug":"vie-cerveau-massacre-jo-de-munich-revelee-a-prague","status":"publish","type":"post","link":"https:\/\/middleeasttransparent.com\/fr\/vie-cerveau-massacre-jo-de-munich-revelee-a-prague\/","title":{"rendered":"La vie du cerveau du massacre des JO de Munich r\u00e9v\u00e9l\u00e9e \u00e0 Prague"},"content":{"rendered":"<header>\n<hgroup>\n<h2 class=\"underline\">En plus d\u2019Abu Daoud, de nouveaux documents d\u00e9classifi\u00e9s d\u00e9taillent la p\u00e9riode v\u00e9cue en Tch\u00e9coslovaquie par le grand terroriste de triste m\u00e9moire \u00ab\u00a0Carlos le chacal\u00a0\u00bb<\/h2>\n<\/hgroup>\n<div class=\"share-buttons\"><\/div>\n<\/header>\n<div class=\"article-main\">\n<div class=\"article-body\">\n<p>Des rapports de surveillance d\u00e9classifi\u00e9s par l\u2019ex-Tch\u00e9coslovaquie r\u00e9v\u00e8lent les d\u00e9tails de la vie \u2013 faite de consommation lourde d\u2019alcool et d\u2019instabilit\u00e9 \u2013 du Palestinien qui avait planifi\u00e9 le massacre commis pendant les Jeux Olympiques de Munich en 1972 \u00e0 Prague sous l\u2019ancien r\u00e9gime communiste, et refl\u00e8tent la suspicion qu\u2019il inspirait \u00e0 ses h\u00f4tes dans ce pays de l\u2019ex-Allemagne de l\u2019est.<\/p>\n<p>En plus de donner des d\u00e9tails sur les escapades alcoolis\u00e9es d\u2019Abu Daoud \u00e0 Prague, ce rapport des renseignements \u2013 dont certains extraits ont \u00e9t\u00e9 publi\u00e9s par le\u00a0<em>Guardian<\/em>\u00a0\u2013 se penche sur la p\u00e9riode qu\u2019a pass\u00e9 en Tch\u00e9coslovaquie le grand terroriste \u00ab\u00a0Carlos le chacal\u00a0\u00bb.<\/p>\n<p>Il r\u00e9v\u00e8le comment les outrances commises par les deux hommes, dans les ann\u00e9es 1970 et 1980, ont finalement men\u00e9 les autorit\u00e9s tch\u00e8ques \u00e0 les expulser du pays.<\/p>\n<p>Daoud (dont le vrai nom \u00e9tait Daoud Oudeh), cerveau de l\u2019attentat terroriste perp\u00e9tr\u00e9 en 1972 aux Jeux olympiques de Munich au cours duquel 11 athl\u00e8tes isra\u00e9liens ont \u00e9t\u00e9 tu\u00e9s, se distingue particuli\u00e8rement dans ces documents rendus publics par son comportement incontr\u00f4l\u00e9, ses visites effectu\u00e9es chez les prostitu\u00e9es et son go\u00fbt prononc\u00e9 pour l\u2019ivresse.<\/p>\n<p>Par exemple, Daoud, qui est n\u00e9 \u00e0 J\u00e9rusalem-Est et qui est \u00e9voqu\u00e9 dans les documents sous le nom de \u00ab\u00a0RAK\u00a0\u00bb, est contr\u00f4l\u00e9 alors qu\u2019il quitte l\u2019h\u00f4tel continental de Prague dans un \u00ab\u00a0\u00e9tat d\u2019\u00e9bri\u00e9t\u00e9 avanc\u00e9\u00a0\u00bb apr\u00e8s avoir rencontr\u00e9 un agent des renseignements irakien.<\/p>\n<p>\u00ab\u00a0A 2 heures 50 du matin, RAK sort de l\u2019Intercontinental. Il a la t\u00eate nue, il est v\u00eatu d\u2019un costume marron clair et de chaussures marrons, il ne transporte aucun objet avec lui\u00a0\u00bb, note l\u2019un des rapports de surveillance, selon le\u00a0<em>Guardian<\/em>. \u00ab\u00a0RAK, d\u2019un pas h\u00e9sitant et les mains dans ses poches, se dirige vers un v\u00e9hicule stationn\u00e9 devant l\u2019entr\u00e9e principale et s\u2019appuie contre le v\u00e9hicule, respirant lourdement\u00a0\u00bb.<\/p>\n<div id=\"attachment_866629\" class=\"wp-caption alignright\">\n<p><a href=\"http:\/\/cdn.timesofisrael.com\/uploads\/2016\/04\/800px-Flickr_-_Government_Press_Office_GPO_-_Memorial_Service_for_the_Munich_Massacre_3.jpg\" rel=\"lightbox[972033]\"><img fetchpriority=\"high\" decoding=\"async\" class=\"size-medium wp-image-866629\" title=\"Service m\u00e9morial du massacre de Munich (Cr\u00e9dit : Government Press Office (GPO))\" src=\"http:\/\/cdn.timesofisrael.com\/uploads\/2016\/04\/800px-Flickr_-_Government_Press_Office_GPO_-_Memorial_Service_for_the_Munich_Massacre_3-305x172.jpg\" alt=\"Service m\u00e9morial du massacre de Munich (Cr\u00e9dit : Government Press Office (GPO))\" width=\"305\" height=\"172\" \/><\/a><\/p>\n<p class=\"wp-caption-text\">Service m\u00e9morial du massacre de Munich (Cr\u00e9dit : Government Press Office (GPO))<\/p>\n<\/div>\n<p>\u00ab\u00a0La mani\u00e8re dont il bouge sugg\u00e8re un \u00e9tat d\u2019\u00e9bri\u00e9t\u00e9 tr\u00e8s avanc\u00e9\u00a0\u00bb, ajoute le rapport.<\/p>\n<p>Au vu de l\u2019implications dans des activit\u00e9s terroristes de Daoud et de Carlos, les autorit\u00e9s tch\u00e9coslovaques s\u2019inqui\u00e8tent rapidement inqui\u00e9t\u00e9s et cherchent un moyen de les expulser.<\/p>\n<p>L\u2019un des rapports affirme que Daoud, apr\u00e8s avoir re\u00e7u l\u2019ordre de la police secr\u00e8te de partir du pays, a fulmin\u00e9 contre les mauvais traitements pr\u00e9sum\u00e9s dont il aurait \u00e9t\u00e9 l\u2019objet de la part des autorit\u00e9s tch\u00e9coslovaques.<\/p>\n<p>\u00ab\u00a0Je ne reviendrai jamais en Tch\u00e9coslovaquie\u00a0\u00bb, aurait-t-il d\u00e9clar\u00e9 \u00e0 un employ\u00e9 d\u2019h\u00f4tel. \u00ab\u00a0Et je vais dire \u00e9galement \u00e0 tous mes amis et \u00e0 toutes mes relations de chercher un autre \u00e9tat o\u00f9 aller. Je suis une personne ayant le sens de la morale et jamais je n\u2019ai subi un tel traitement ailleurs dans le monde\u00a0\u00bb.<\/p>\n<div id=\"attachment_972043\" class=\"wp-caption alignnone\">\n<p><a href=\"http:\/\/cdn.timesofisrael.com\/uploads\/2017\/10\/000_N20Y3.jpg\" rel=\"lightbox[972033]\"><img decoding=\"async\" class=\"size-full wp-image-972043\" title=\"Cette combinaison d'images cr\u00e9\u00e9e le 28 mars 2017 montre, de gauche \u00e0 droite, un portrait du terroriste v\u00e9n\u00e9zu\u00e9lien Ilich Ramirez Sanchez, connu \u00e9galement sous le nom de &quot;Carlos le chacal&quot; prise au d\u00e9but des ann\u00e9es 1970 ; de Ramirez arrivant \u00e0 son proc\u00e8s au Palais de justice de Paris le 7 mars 2001 et de Ramirez arrivant devant le Tribunal p\u00e9nal du Palais de justice de Paris le 9 d\u00e9cembre 2013 (Cr\u00e9dit :AFP)\" src=\"http:\/\/cdn.timesofisrael.com\/uploads\/2017\/10\/000_N20Y3.jpg\" alt=\"Cette combinaison d'images cr\u00e9\u00e9e le 28 mars 2017 montre, de gauche \u00e0 droite, un portrait du terroriste v\u00e9n\u00e9zu\u00e9lien Ilich Ramirez Sanchez, connu \u00e9galement sous le nom de &quot;Carlos le chacal&quot; prise au d\u00e9but des ann\u00e9es 1970 ; de Ramirez arrivant \u00e0 son proc\u00e8s au Palais de justice de Paris le 7 mars 2001 et de Ramirez arrivant devant le Tribunal p\u00e9nal du Palais de justice de Paris le 9 d\u00e9cembre 2013 (Cr\u00e9dit :AFP)\" width=\"768\" height=\"409\" \/><\/a><\/p>\n<p class=\"wp-caption-text\">Cette combinaison d\u2019images cr\u00e9\u00e9e le 28 mars 2017 montre, de gauche \u00e0 droite, un portrait du terroriste v\u00e9n\u00e9zu\u00e9lien Ilich Ramirez Sanchez, connu \u00e9galement sous le nom de \u00ab\u00a0Carlos le chacal\u00a0\u00bb prise au d\u00e9but des ann\u00e9es 1970 ; de Ramirez arrivant \u00e0 son proc\u00e8s au Palais de justice de Paris le 7 mars 2001 et de Ramirez arrivant devant le Tribunal p\u00e9nal du Palais de justice de Paris le 9 d\u00e9cembre 2013 (Cr\u00e9dit :AFP)<\/p>\n<\/div>\n<p>Les Tch\u00e9coslovaques ont pu ensuite se d\u00e9barrasser de Carlos le Chacal, un natif du Venezuela dont le vrai nom \u00e9tait Ilich Ramirez Sanchez. Ce dernier a en effet quitt\u00e9 le pays apr\u00e8s que la police secr\u00e8te lui a laiss\u00e9 entendre, de fa\u00e7on mensong\u00e8re, que les services de renseignements fran\u00e7ais avaient envoy\u00e9 une \u00e9quipe pour le tuer, selon le\u00a0<em>Guardian<\/em>.<\/p>\n<p>Dans l\u2019un des documents, la police secr\u00e8te tch\u00e9coslovaque d\u00e9crit la mani\u00e8re dont Ramirez a couru, devenu comme fou, dans les couloirs d\u2019un h\u00f4tel, un revolver \u00e0 la main, apr\u00e8s s\u2019\u00eatre trouv\u00e9 enferm\u00e9 \u00e0 l\u2019ext\u00e9rieur de sa chambre.<\/p>\n<p>\u00ab\u00a0Entre 18 heures et 19 heures, probablement par accident, BAK s\u2019est trouv\u00e9 enferm\u00e9 \u00e0 l\u2019ext\u00e9rieur de sa chambre. Alors qu\u2019il \u00e9tait incapable d\u2019y re-rentrer, il est all\u00e9 voir le directeur de l\u2019h\u00f4tel\u00a0\u00bb, dit le rapport, qui fait r\u00e9f\u00e9rence \u00e0 Ramirez sous le nom de \u00ab\u00a0BAK\u00a0\u00bb.<\/p>\n<p>\u00ab\u00a0Il courait dans tous les sens, un revolver \u00e0 la main \u2013 d\u2019abord le long des couloirs et il s\u2019est r\u00e9fugi\u00e9 ensuite pr\u00e8s de sa chambre\u00a0\u00bb, continue le rapport. \u00ab\u00a0C\u2019\u00e9tait une arme de grande taille. BAK \u00e9tait furieux. Sa chambre a \u00e9t\u00e9 ouverte gr\u00e2ce \u00e0 une cl\u00e9 sp\u00e9ciale\u00a0\u00bb.<\/p>\n<div class=\"SandboxRoot env-bp-350\" data-twitter-event-id=\"0\">\n<div id=\"twitter-widget-3\" class=\"EmbeddedTweet EmbeddedTweet--edge EmbeddedTweet--mediaForward media-forward js-clickToOpenTarget js-tweetIdInfo tweet-InformationCircle-widgetParent\" lang=\"fr\" data-click-to-open-target=\"https:\/\/twitter.com\/HOCommunism\/status\/906467739585445888\" data-iframe-title=\"Tweet de Twitter\" data-dt-full=\"%{hours24}:%{minutes} - %{day} %{month} %{year}\" data-dt-explicit-timestamp=\"12:42 - 9 sept. 2017\" data-dt-months=\"Janv|F\u00e9vr|Mars|Avr|Mai|Juin|Juil|Ao\u00fbt|Sept|Oct|Nov|D\u00e9c\" data-dt-am=\"AM\" data-dt-pm=\"PM\" data-dt-now=\"maintenant\" data-dt-s=\"s\" data-dt-m=\"m\" data-dt-h=\"h\" data-dt-second=\"seconde\" data-dt-seconds=\"secondes\" data-dt-minute=\"minute\" data-dt-minutes=\"minutes\" data-dt-hour=\"heure\" data-dt-hours=\"heures\" data-dt-abbr=\"%{number}%{symbol}\" data-dt-short=\"%{day} %{month}\" data-dt-long=\"%{day} %{month} %{year}\" data-scribe=\"page:tweet\" data-tweet-id=\"906467739585445888\" data-twitter-event-id=\"1\">\n<article class=\"MediaCard MediaCard--mediaForward customisable-border\" dir=\"ltr\" data-scribe=\"component:card\">\n<div class=\"MediaCard-mediaContainer js-cspForcedStyle\" data-style=\"padding-bottom: 50%\">\n<div class=\"MediaCard-mediaAsset ImageGrid ImageGrid--2 ImageGrid--roundedTop \"><a class=\"ImageGrid-image ImageGrid-image-0 CroppedImage CroppedImage--fillHeight\" href=\"https:\/\/twitter.com\/HOCommunism\/status\/906467739585445888\/photo\/1\"><img decoding=\"async\" class=\"CroppedImage-image js-cspForcedStyle\" title=\"Voir l'image sur Twitter\" src=\"https:\/\/pbs.twimg.com\/media\/DJRrmJmW0AELrP_.jpg:small\" alt=\"Voir l'image sur Twitter\" width=\"620\" height=\"372\" data-srcset=\"https%3A%2F%2Fpbs.twimg.com%2Fmedia%2FDJRrmJmW0AELrP_.jpg%3Asmall 620w,https%3A%2F%2Fpbs.twimg.com%2Fmedia%2FDJRrmJmW0AELrP_.jpg%3Alarge 620w,https%3A%2F%2Fpbs.twimg.com%2Fmedia%2FDJRrmJmW0AELrP_.jpg 620w\" data-style=\"left:-33%; ;\" \/><\/a><a class=\"ImageGrid-image ImageGrid-image-1 CroppedImage CroppedImage--fillHeight\" href=\"https:\/\/twitter.com\/HOCommunism\/status\/906467739585445888\/photo\/1\"><img loading=\"lazy\" decoding=\"async\" class=\"CroppedImage-image js-cspForcedStyle\" title=\"Voir l'image sur Twitter\" src=\"https:\/\/pbs.twimg.com\/media\/DJRrmdrXUAAKc_a.jpg:small\" alt=\"Voir l'image sur Twitter\" width=\"620\" height=\"372\" data-srcset=\"https%3A%2F%2Fpbs.twimg.com%2Fmedia%2FDJRrmdrXUAAKc_a.jpg%3Asmall 620w,https%3A%2F%2Fpbs.twimg.com%2Fmedia%2FDJRrmdrXUAAKc_a.jpg%3Alarge 620w,https%3A%2F%2Fpbs.twimg.com%2Fmedia%2FDJRrmdrXUAAKc_a.jpg 620w\" data-style=\"left:-37%; ;\" \/><\/a><\/div>\n<\/div>\n<\/article>\n<\/div>\n<\/div>\n<p>Daoud s\u2019est install\u00e9 plus tard en Syrie, o\u00f9 il est mort en 2010. Ramirez, qui est emprisonn\u00e9 en France pour les meurtres de deux policiers \u00e0 Paris en 1975 et celui d\u2019un ancien camarade qui l\u2019avait trahi, a \u00e9t\u00e9 condamn\u00e9 \u00e0 une troisi\u00e8me peine de prison \u00e0 vie au mois de mars pour une explosion \u00e0 la bombe survenue en 1974 au sein de la capitale fran\u00e7aise qui avait fait deux morts et 34 bless\u00e9s.<\/p>\n<p>Le reportage du\u00a0<em>Guardian<\/em>\u00a0survient quelques jours apr\u00e8s l\u2019inauguration d\u2019un nouveau m\u00e9morial \u00e0 Munich en souvenir des victimes de l\u2019attentat commis pendant les Olympiades, il y a 45 ans.<\/p>\n<p>Lors de l\u2019attaque de 1972, onze Isra\u00e9liens avaient \u00e9t\u00e9 pris en otage par le groupe terroriste palestinien Septembre noir. Deux d\u2019entre eux avaient \u00e9t\u00e9 assassin\u00e9s dans le village olympique et neuf autres avaient \u00e9t\u00e9 ex\u00e9cut\u00e9s \u00e0 l\u2019a\u00e9roport. Un policier allemand avait \u00e9t\u00e9 tu\u00e9 lors d\u2019une fusillade contre les terroristes au cours d\u2019une tentative de secours rat\u00e9e.<\/p>\n<div id=\"attachment_176138\" class=\"wp-caption alignnone\">\n<p><a href=\"http:\/\/cdn.timesofisrael.com\/uploads\/2012\/07\/munich.jpg\" rel=\"lightbox[972033]\"><img loading=\"lazy\" decoding=\"async\" class=\"size-full wp-image-176138\" title=\"Les onze victimes isra\u00e9liennes du massacre de Munich, pendant les Jeux olympiques d'\u00e9t\u00e9 1972\" src=\"http:\/\/cdn.timesofisrael.com\/uploads\/2012\/07\/munich.jpg\" alt=\"The 11 Israeli Munich victims.\" width=\"800\" height=\"600\" \/><\/a><\/p>\n<p class=\"wp-caption-text\">Les onze victimes isra\u00e9liennes du massacre de Munich, pendant les Jeux olympiques d\u2019\u00e9t\u00e9 1972<\/p>\n<\/div>\n<p>S\u2019exprimant lors de la c\u00e9r\u00e9monie d\u2019inauguration du site de comm\u00e9moration, le pr\u00e9sident Reuven Rivlin a accus\u00e9 le parti du Fatah \u00e0 la t\u00eate de l\u2019Autorit\u00e9 palestinienne de continuer \u00e0 glorifier l\u2019attentat.<\/p>\n<p>\u00ab\u00a0Il y a toujours ceux qui voient dans le meurtre de sportifs un acte h\u00e9ro\u00efque\u00a0\u00bb, a dit Rivlin avant de d\u00e9signer sp\u00e9cifiquement la formation politique du pr\u00e9sident Mahmoud Abbas. \u00ab\u00a0L\u2019ann\u00e9e derni\u00e8re seulement, le Fatah a comm\u00e9mor\u00e9 le massacre de sportifs comme un \u2018acte d\u2019h\u00e9ro\u00efsme\u00a0\u00bb.<\/p>\n<p>Rivlin a ajout\u00e9 qu\u2019alors qu\u2019Isra\u00ebl a attendu depuis pr\u00e8s d\u2019un demi-si\u00e8cle la construction d\u2019un m\u00e9morial, l\u2019Etat juif attend qu\u2019une autre injustice historique soit r\u00e9par\u00e9e et que les JO organisent une minute de silence en l\u2019honneur des Isra\u00e9liens assassin\u00e9s.<\/p>\n<p><em>Les agences ont contribu\u00e9 \u00e0 cet article.<\/em><\/p>\n<\/div>\n<p><a href=\"http:\/\/fr.timesofisrael.com\/la-vie-du-cerveau-du-massacre-des-jo-de-munich-revelee-a-prague\/\">Times of Israel<\/a><\/p>\n<\/div>\n","protected":false},"excerpt":{"rendered":"<p>En plus d\u2019Abu Daoud, de nouveaux documents d\u00e9classifi\u00e9s d\u00e9taillent la p\u00e9riode v\u00e9cue en Tch\u00e9coslovaquie par le grand terroriste de triste m\u00e9moire \u00ab\u00a0Carlos le chacal\u00a0\u00bb Des rapports de surveillance d\u00e9classifi\u00e9s par l\u2019ex-Tch\u00e9coslovaquie r\u00e9v\u00e8lent les d\u00e9tails de la vie \u2013 faite de consommation lourde d\u2019alcool et d\u2019instabilit\u00e9 \u2013 du Palestinien qui avait planifi\u00e9 le massacre commis pendant<\/p>\n","protected":false},"author":106,"featured_media":26070,"comment_status":"open","ping_status":"open","sticky":false,"template":"","format":"standard","meta":{"_uf_show_specific_survey":0,"_uf_disable_surveys":false,"footnotes":""},"categories":[37],"tags":[],"class_list":{"0":"post-26068","1":"post","2":"type-post","3":"status-publish","4":"format-standard","5":"has-post-thumbnail","7":"category-alaune-fr"},"aioseo_notices":[],"_links":{"self":[{"href":"https:\/\/middleeasttransparent.com\/fr\/wp-json\/wp\/v2\/posts\/26068","targetHints":{"allow":["GET"]}}],"collection":[{"href":"https:\/\/middleeasttransparent.com\/fr\/wp-json\/wp\/v2\/posts"}],"about":[{"href":"https:\/\/middleeasttransparent.com\/fr\/wp-json\/wp\/v2\/types\/post"}],"author":[{"embeddable":true,"href":"https:\/\/middleeasttransparent.com\/fr\/wp-json\/wp\/v2\/users\/106"}],"replies":[{"embeddable":true,"href":"https:\/\/middleeasttransparent.com\/fr\/wp-json\/wp\/v2\/comments?post=26068"}],"version-history":[{"count":0,"href":"https:\/\/middleeasttransparent.com\/fr\/wp-json\/wp\/v2\/posts\/26068\/revisions"}],"wp:featuredmedia":[{"embeddable":true,"href":"https:\/\/middleeasttransparent.com\/fr\/wp-json\/wp\/v2\/media\/26070"}],"wp:attachment":[{"href":"https:\/\/middleeasttransparent.com\/fr\/wp-json\/wp\/v2\/media?parent=26068"}],"wp:term":[{"taxonomy":"category","embeddable":true,"href":"https:\/\/middleeasttransparent.com\/fr\/wp-json\/wp\/v2\/categories?post=26068"},{"taxonomy":"post_tag","embeddable":true,"href":"https:\/\/middleeasttransparent.com\/fr\/wp-json\/wp\/v2\/tags?post=26068"}],"curies":[{"name":"wp","href":"https:\/\/api.w.org\/{rel}","templated":true}]}}