{"id":2598,"date":"2015-07-24T20:06:49","date_gmt":"2015-07-24T19:06:49","guid":{"rendered":"http:\/\/middleeasttransparent.com\/news\/?p=2598"},"modified":"2015-07-24T20:06:49","modified_gmt":"2015-07-24T19:06:49","slug":"zurich-refuse-une-ecole-maternelle-islamique","status":"publish","type":"post","link":"https:\/\/middleeasttransparent.com\/fr\/zurich-refuse-une-ecole-maternelle-islamique\/","title":{"rendered":"Z\u00fcrich refuse une \u00e9cole maternelle islamique"},"content":{"rendered":"<p class=\"teaser\"><span style=\"color: #0000ff;\"><strong>La justice zurichoise n&rsquo;autorise pas l&rsquo;association \u00abal Huda\u00bb \u00e0 donner un enseignement conforme aux pr\u00e9ceptes islamiques aux jeunes enfants.<\/strong><\/span><\/p>\n<p class=\"caption\">Le centre islamique de Volketswil (ZH), o\u00f9 \u00abAl Huda\u00bb souhaiterait cr\u00e9er une \u00e9cole enfantine islamique<\/p>\n<p>La justice zurichoise confirme le rejet des autorit\u00e9s face \u00e0 l&rsquo;ouverture d&rsquo;une \u00e9cole enfantine islamique \u00e0 Volketswil. Selon elle, les \u00e9l\u00e8ves risquent d&rsquo;\u00eatre expos\u00e9s \u00e0 des influences p\u00e9dagogiques id\u00e9ologiques contraires aux buts de l&rsquo;\u00e9cole publique.<\/p>\n<p>Le concept propos\u00e9 par l&rsquo;association \u00abal Huda\u00bb ne marque pas suffisamment de distance entre l&rsquo;enseignement profane et les contenus d&rsquo;enseignement religieux, invoque mardi le Tribunal administratif zurichois dans sa d\u00e9cision publi\u00e9e en ligne. Les enfants risqueraient donc de se voir enseigner surtout des contenus religieux comme base de la vie quotidienne.<\/p>\n<p><b>Enseignement \u00e0 contre-courant <\/b><\/p>\n<p>Il est \u00abd\u00e9licat\u00bb de ne pas informer les enfants du fait que \u00abcertaines visions religieuses ne correspondent pas aux r\u00e8gles actuelles de la soci\u00e9t\u00e9 suisse, en mati\u00e8re d&rsquo;homosexualit\u00e9 ou de relations sexuelles avant le mariage, notamment\u00bb. En outre, les liens existant entre ce projet et l&rsquo;organisation islamiste Conseil central islamique suisse sont probl\u00e9matiques, estime la Cour.<\/p>\n<p><b>Ecole de 15 \u00e0 25 \u00e9l\u00e8ves<\/b><\/p>\n<p>\u00abAl Huda\u00bb souhaite cr\u00e9er une \u00e9cole maternelle de 15 \u00e0 25 \u00e9l\u00e8ves dans un appartement du centre islamique de Volketswil (ZH). Le but de cette \u00e9cole est d&rsquo;enseigner l&rsquo;arabe et le Coran, ainsi que de renforcer la coh\u00e9sion de la communaut\u00e9 islamique. La connaissance de la religion constitue la base de tout ce que les enfants apprennent et vivent plus tard, selon \u00abal Huda\u00bb.<\/p>\n<p><b>Recours <\/b><\/p>\n<p>L&rsquo;Office cantonal de l&rsquo;\u00e9cole obligatoire avait rejet\u00e9 en mai 2014 la premi\u00e8re demande d&rsquo;\u00abal Huda\u00bb. Il voyait un lien id\u00e9ologique \u00e9troit entre l&rsquo;organisation et le Conseil central islamique suisse.<\/p>\n<p>L&rsquo;association avait alors affirm\u00e9 qu&rsquo;elle respecterait les prescriptions l\u00e9gales. D\u00e9posant un recours aupr\u00e8s du gouvernement zurichois, elle avait aussi d\u00e9clar\u00e9 n&rsquo;entretenir \u00abaucun lien avec des organisations qui pr\u00f4nent une id\u00e9ologie\u00bb.<\/p>\n<p>Le gouvernement cantonal a toutefois rejet\u00e9 ce recours \u00e0 la fin de l&rsquo;an pass\u00e9. L&rsquo;ex\u00e9cutif doute que ce jardin d&rsquo;enfants respecte le plan d&rsquo;\u00e9tude, la religion et l&rsquo;arabe \u00e9tant les points forts de l&rsquo;enseignement.<\/p>\n<p><a href=\"http:\/\/www.lematin.ch\/suisse\/Zuerich-refuse-une-ecole-maternelle-islamique\/story\/22736145\">Le Matin<\/a><\/p>\n","protected":false},"excerpt":{"rendered":"<p>La justice zurichoise n&rsquo;autorise pas l&rsquo;association \u00abal Huda\u00bb \u00e0 donner un enseignement conforme aux pr\u00e9ceptes islamiques aux jeunes enfants. Le centre islamique de Volketswil (ZH), o\u00f9 \u00abAl Huda\u00bb souhaiterait cr\u00e9er une \u00e9cole enfantine islamique La justice zurichoise confirme le rejet des autorit\u00e9s face \u00e0 l&rsquo;ouverture d&rsquo;une \u00e9cole enfantine islamique \u00e0 Volketswil. Selon elle, les \u00e9l\u00e8ves<\/p>\n","protected":false},"author":145,"featured_media":2600,"comment_status":"open","ping_status":"open","sticky":false,"template":"","format":"standard","meta":{"_uf_show_specific_survey":0,"_uf_disable_surveys":false,"footnotes":""},"categories":[22],"tags":[],"class_list":{"0":"post-2598","1":"post","2":"type-post","3":"status-publish","4":"format-standard","5":"has-post-thumbnail","7":"category-actualites-fr"},"aioseo_notices":[],"_links":{"self":[{"href":"https:\/\/middleeasttransparent.com\/fr\/wp-json\/wp\/v2\/posts\/2598","targetHints":{"allow":["GET"]}}],"collection":[{"href":"https:\/\/middleeasttransparent.com\/fr\/wp-json\/wp\/v2\/posts"}],"about":[{"href":"https:\/\/middleeasttransparent.com\/fr\/wp-json\/wp\/v2\/types\/post"}],"author":[{"embeddable":true,"href":"https:\/\/middleeasttransparent.com\/fr\/wp-json\/wp\/v2\/users\/145"}],"replies":[{"embeddable":true,"href":"https:\/\/middleeasttransparent.com\/fr\/wp-json\/wp\/v2\/comments?post=2598"}],"version-history":[{"count":0,"href":"https:\/\/middleeasttransparent.com\/fr\/wp-json\/wp\/v2\/posts\/2598\/revisions"}],"wp:featuredmedia":[{"embeddable":true,"href":"https:\/\/middleeasttransparent.com\/fr\/wp-json\/wp\/v2\/media\/2600"}],"wp:attachment":[{"href":"https:\/\/middleeasttransparent.com\/fr\/wp-json\/wp\/v2\/media?parent=2598"}],"wp:term":[{"taxonomy":"category","embeddable":true,"href":"https:\/\/middleeasttransparent.com\/fr\/wp-json\/wp\/v2\/categories?post=2598"},{"taxonomy":"post_tag","embeddable":true,"href":"https:\/\/middleeasttransparent.com\/fr\/wp-json\/wp\/v2\/tags?post=2598"}],"curies":[{"name":"wp","href":"https:\/\/api.w.org\/{rel}","templated":true}]}}