{"id":25783,"date":"2017-10-23T10:44:26","date_gmt":"2017-10-23T09:44:26","guid":{"rendered":"http:\/\/middleeasttransparent.com\/?p=25783"},"modified":"2017-10-23T10:44:26","modified_gmt":"2017-10-23T09:44:26","slug":"hamas-simplante-liban-laide-de-liran-affirme-chef-shin-bet","status":"publish","type":"post","link":"https:\/\/middleeasttransparent.com\/fr\/hamas-simplante-liban-laide-de-liran-affirme-chef-shin-bet\/","title":{"rendered":"Le Hamas s\u2019implante au Liban avec l\u2019aide de l\u2019Iran, affirme le chef du Shin Bet"},"content":{"rendered":"<header>\n<hgroup>\n<h2 class=\"underline\">Nadav Argaman affirme que le groupe terroriste palestinien bas\u00e9 \u00e0 Gaza est pr\u00eat \u00e0 un nouveau conflit avec Isra\u00ebl<\/h2>\n<h2><\/h2>\n<\/hgroup>\n<div class=\"under-headline\"><span class=\"byline\"><a title=\"Judah Ari Gross\" href=\"http:\/\/fr.timesofisrael.com\/writers\/judah-ari-gross\/\">JUDAH ARI GROSS<\/a><\/span><\/div>\n<\/header>\n<div class=\"article-main\">\n<div class=\"article-body\">\n<p>Le chef du service de s\u00e9curit\u00e9 du Shin Bet a d\u00e9clar\u00e9 dimanche que le Hamas implante une base au Liban avec le soutien des Iraniens dans le cadre d\u2019efforts actuels pour renforcer ses liens avec \u00ab\u00a0l\u2019axe chiite\u00a0\u00bb de la R\u00e9publique islamique.<\/p>\n<p>S\u2019adressant aux ministres lors de la rencontre hebdomadaire du cabinet, Nadav Argaman a averti que le groupe terroriste palestinien, qui contr\u00f4le la bande de Gaza, a \u00ab\u00a0continu\u00e9 d\u2019investir des moyens consid\u00e9rables en pr\u00e9paration d\u2019un futur conflit, m\u00eame au d\u00e9triment du bien-\u00eatre de ses citoyens\u00a0\u00bb.<\/p>\n<p>Selon le chef de Shin Bet, le Hamas, plus de trois ans apr\u00e8s les derni\u00e8res hostilit\u00e9s, est \u00ab\u00a0pr\u00eat pour un conflit avec Isra\u00ebl\u00a0\u00bb.<\/p>\n<p>Pourtant, a-t-il expliqu\u00e9, le groupe subit \u00e9galement une \u00ab\u00a0d\u00e9tresse strat\u00e9gique\u00a0\u00bb, pris entre sa volont\u00e9 de maintenir la tr\u00eave avec Isra\u00ebl, de calmer sa population et de se r\u00e9armer.<\/p>\n<p>Argaman a not\u00e9 que les trois derni\u00e8res ann\u00e9es depuis la guerre de 2014 \u00e0 Gaza, connue en Isra\u00ebl comme l\u2019Op\u00e9ration Bordure protectrice, ont \u00e9t\u00e9 les plus tranquilles en \u00ab\u00a0trente ans\u00a0\u00bb.<\/p>\n<p>Alors qu\u2019il \u00e9tait, au d\u00e9part, une ramification des Fr\u00e8res Musulmans sunnites, le Hamas a maintenu une relation avec l\u2019Iran et ses alli\u00e9s au cours des ann\u00e9es et \u00ab\u00a0continue de renforcer ses liens strat\u00e9giques avec l\u2019axe shiite\u00a0\u00bb, a d\u00e9clar\u00e9 Argaman.<\/p>\n<p>Le mois dernier, le nouveau dirigeant du Hamas a d\u00e9clar\u00e9 avoir restaur\u00e9 les relations avec l\u2019Iran et se pr\u00e9pare pour des hostilit\u00e9s futures avec Isra\u00ebl.<\/p>\n<div id=\"attachment_922869\" class=\"wp-caption alignright\">\n<p><a href=\"http:\/\/fr.timesofisrael.com\/a-gaza-le-chemin-vers-un-conflit-se-raccourcit\/palestinian-gaza-politics-hamas\/\" rel=\"attachment wp-att-922869\"><img fetchpriority=\"high\" decoding=\"async\" class=\"size-medium wp-image-922869\" title=\"Yahya Sinwar, le nouveau chef du Hamas \u00e0 Gaza, pendant l'inauguration d'une mosqu\u00e9e \u00e0 Rafah, dans le sud de la bande de Gaza, le 24 f\u00e9vrier 2017. (Cr\u00e9dit : Said Khatib\/AFP)\" src=\"http:\/\/cdn.timesofisrael.com\/uploads\/2017\/03\/000_M04IE-305x172.jpg\" alt=\"Yahya Sinwar, le nouveau chef du Hamas \u00e0 Gaza, pendant l'inauguration d'une mosqu\u00e9e \u00e0 Rafah, dans le sud de la bande de Gaza, le 24 f\u00e9vrier 2017. (Cr\u00e9dit : Said Khatib\/AFP)\" width=\"305\" height=\"172\" \/><\/a><\/p>\n<p><em>Yahya Sinwar, le nouveau chef du Hamas \u00e0 Gaza, pendant l\u2019inauguration d\u2019une mosqu\u00e9e \u00e0 Rafah, dans le sud de la bande de Gaza, le 24 f\u00e9vrier 2017. (Cr\u00e9dit : Said Khatib\/AFP)<\/em><\/p>\n<\/div>\n<p>Yahya Sinwar a d\u00e9clar\u00e9 aux journalistes que l\u2019Iran est maintenant \u00ab\u00a0le soutien financier et militaire le plus important\u00a0\u00bb de l\u2019aile arm\u00e9e du Hamas. Il a d\u00e9clar\u00e9 qu\u2019avec l\u2019aide de l\u2019Iran, le Hamas accumule de la puissance militaire en pr\u00e9paration pour une bataille pour la \u00ab\u00a0lib\u00e9ration de la Palestine\u00a0\u00bb.<\/p>\n<p>Le Hamas \u00ab\u00a0d\u00e9veloppe notre force militaire afin de lib\u00e9rer la Palestine\u00a0\u00bb, a d\u00e9clar\u00e9 Sinwar, mais il a \u00e9galement soulign\u00e9 qu\u2019il ne cherche pas la guerre pour le moment \u00ab\u00a0et fait tous les efforts pour \u00e9viter une guerre\u2026 mais en m\u00eame temps, nous n\u2019avons pas peur de la guerre et nous y sommes pr\u00eats\u00a0\u00bb.<\/p>\n<p>\u00ab\u00a0Le soutien militaire iranien au Hamas\u2026 est strat\u00e9gique\u00a0\u00bb, a-t-il ajout\u00e9 en d\u00e9clarant que la relation \u00e9tait \u00ab\u00a0devenue fantastique et \u00e9tait revenue \u00e0 son \u00e8re pr\u00e9c\u00e9dente\u00a0\u00bb.<\/p>\n<p>Le chef du Shin Bet n\u2019a pas pr\u00e9cis\u00e9 o\u00f9 la base du Hamas serait en train d\u2019\u00eatre construite au Liban, m\u00eame si un terroriste du Hamas de premier plan, Saleh al-Arouri, a \u00e9t\u00e9\u00a0<a href=\"http:\/\/fr.timesofisrael.com\/un-responsable-du-hamas-vu-a-beyrouth-pour-la-premiere-fois-depuis-son-expulsion-du-qatar\/\">rep\u00e9r\u00e9 \u00e0 Beyrouth<\/a>. Al-Arouri a d\u00e9m\u00e9nag\u00e9 au Liban apr\u00e8s son expulsion du Qatar en juin, et est actuellement h\u00e9berg\u00e9 par le groupe terroriste du Hezbollah, soutenu par l\u2019Iran, dans son bastion de Dahieh, selon un reportage de la Deuxi\u00e8me cha\u00eene de juillet.<\/p>\n<p>Le Liban est largement vu comme \u00e9tant faible et ouvert \u00e0 l\u2019influence \u00e9trang\u00e8re, tout particuli\u00e8rement de l\u2019Iran, dont le repr\u00e9sentant, le Hezbollah, si\u00e8ge au Parlement libanais.<\/p>\n<p>L\u2019Iran aurait construit au moins deux installations souterraines dans le pays pour fabriquer des missiles et d\u2019autres armes pour le Hezbollah.<\/p>\n<p>En mars, le journal\u00a0<em>Kuwaiti al-Jarida<\/em>\u00a0a annonc\u00e9 que l\u2019Iran avait cr\u00e9\u00e9 plusieurs installations \u00e0 environ 50 m\u00e8tres en dessous du sol et les avaient prot\u00e9g\u00e9es de plusieurs couches de d\u00e9fense en vue d\u2019un potentiel bombardement a\u00e9rien isra\u00e9lien, citant un responsable anonyme des Gardiens de la r\u00e9volution iranienne.<\/p>\n<p>Le chef de l\u2019arm\u00e9e isra\u00e9lienne Gadi Eizenkot a d\u00e9clar\u00e9 en juin qu\u2019Isra\u00ebl se trouvait au milieu d\u2019une campagne majeure pour contrecarrer les tentatives par l\u2019Iran, la Syrie et le Hezbollah pour s\u2019armer avec des missiles disposant d\u2019une plus grande pr\u00e9cision.<\/p>\n<div id=\"attachment_948292\" class=\"wp-caption alignright\">\n<p><a href=\"http:\/\/fr.timesofisrael.com\/eizenkot-les-missiles-iraniens-sont-surestimes-mais-ils-transmettent-un-message\/i4a6609-e1497986332609\/\" rel=\"attachment wp-att-948292\"><img decoding=\"async\" class=\"size-medium wp-image-948292\" title=\"Gadi Eizenkot, chef d'\u00e9tat-major de l'arm\u00e9e isra\u00e9lienne, pendant la conf\u00e9rence de Herzliya, le 20 juin 2017. (Cr\u00e9dit : Hagai Fried\/conf\u00e9rence de Herzliya)\" src=\"http:\/\/cdn.timesofisrael.com\/uploads\/2017\/06\/I4A6609-e14979863326091-305x172.jpg\" alt=\"Gadi Eizenkot, chef d'\u00e9tat-major de l'arm\u00e9e isra\u00e9lienne, pendant la conf\u00e9rence de Herzliya, le 20 juin 2017. (Cr\u00e9dit : Hagai Fried\/conf\u00e9rence de Herzliya)\" width=\"305\" height=\"172\" \/><\/a><\/p>\n<p class=\"wp-caption-text\"><em>Gadi Eizenkot, chef d\u2019\u00e9tat-major de l\u2019arm\u00e9e isra\u00e9lienne, pendant la conf\u00e9rence de Herzliya, le 20 juin 2017. (Cr\u00e9dit : Hagai Fried\/conf\u00e9rence de Herzliya)<\/em><\/p>\n<\/div>\n<p>S\u2019exprimant devant le comit\u00e9 de D\u00e9fense des Affaires \u00e9trang\u00e8res de la Knesset, Eisenkot a d\u00e9clar\u00e9 que la pr\u00e9occupation principale pour Isra\u00ebl \u00e9tait ce qu\u2019il appelait le \u00ab\u00a0projet pr\u00e9cision\u00a0\u00bb \u2013 les efforts de l\u2019Iran, de la Syrie et de Hezbollah de s\u2019\u00e9quiper avec des missiles de pr\u00e9cision.<\/p>\n<p>\u00ab\u00a0Nous sommes engag\u00e9s dans une campagne globale contre le projet pr\u00e9cision et c\u2019est notre priorit\u00e9 absolue\u00a0\u00bb, a-t-il soulign\u00e9.<\/p>\n<p>En juin, \u00e0 la conf\u00e9rence sur la s\u00e9curit\u00e9 \u00e0 Herzliya, le chef du renseignement militaire, le g\u00e9n\u00e9ral\u00a0<a href=\"http:\/\/fr.timesofisrael.com\/topic\/herzl-halevi\/\">Herzl Halevi<\/a>\u00a0a d\u00e9clar\u00e9 que \u00ab\u00a0l\u2019Iran travaille depuis l\u2019ann\u00e9e derni\u00e8re \u00e0 cr\u00e9er des infrastructures sur place pour produire des munitions pr\u00e9cises \u00e0 la fois au Liban et au Y\u00e9men. Nous ne pouvons l\u2019ignorer, et nous ne le ferons pas\u00a0\u00bb.<\/p>\n<\/div>\n<div class=\"description\"><em>Judah Ari Gross est le correspondant militaire du Times of Isra\u00ebl.<\/em><\/div>\n<\/div>\n<div><\/div>\n<div><a href=\"http:\/\/fr.timesofisrael.com\/le-hamas-simplante-au-liban-avec-laide-de-liran-affirme-le-chef-du-shin-bet\/?utm_source=A+La+Une&amp;utm_campaign=d3b724e54d-EMAIL_CAMPAIGN_2017_10_22&amp;utm_medium=email&amp;utm_term=0_47a5af096e-d3b724e54d-55125693\">THE TIMES OF ISRAEL<\/a><\/div>\n","protected":false},"excerpt":{"rendered":"<p>Nadav Argaman affirme que le groupe terroriste palestinien bas\u00e9 \u00e0 Gaza est pr\u00eat \u00e0 un nouveau conflit avec Isra\u00ebl JUDAH ARI GROSS Le chef du service de s\u00e9curit\u00e9 du Shin Bet a d\u00e9clar\u00e9 dimanche que le Hamas implante une base au Liban avec le soutien des Iraniens dans le cadre d\u2019efforts actuels pour renforcer ses<\/p>\n","protected":false},"author":472,"featured_media":25790,"comment_status":"open","ping_status":"open","sticky":false,"template":"","format":"standard","meta":{"_uf_show_specific_survey":0,"_uf_disable_surveys":false,"footnotes":""},"categories":[37],"tags":[],"class_list":{"0":"post-25783","1":"post","2":"type-post","3":"status-publish","4":"format-standard","5":"has-post-thumbnail","7":"category-alaune-fr"},"aioseo_notices":[],"_links":{"self":[{"href":"https:\/\/middleeasttransparent.com\/fr\/wp-json\/wp\/v2\/posts\/25783","targetHints":{"allow":["GET"]}}],"collection":[{"href":"https:\/\/middleeasttransparent.com\/fr\/wp-json\/wp\/v2\/posts"}],"about":[{"href":"https:\/\/middleeasttransparent.com\/fr\/wp-json\/wp\/v2\/types\/post"}],"author":[{"embeddable":true,"href":"https:\/\/middleeasttransparent.com\/fr\/wp-json\/wp\/v2\/users\/472"}],"replies":[{"embeddable":true,"href":"https:\/\/middleeasttransparent.com\/fr\/wp-json\/wp\/v2\/comments?post=25783"}],"version-history":[{"count":0,"href":"https:\/\/middleeasttransparent.com\/fr\/wp-json\/wp\/v2\/posts\/25783\/revisions"}],"wp:featuredmedia":[{"embeddable":true,"href":"https:\/\/middleeasttransparent.com\/fr\/wp-json\/wp\/v2\/media\/25790"}],"wp:attachment":[{"href":"https:\/\/middleeasttransparent.com\/fr\/wp-json\/wp\/v2\/media?parent=25783"}],"wp:term":[{"taxonomy":"category","embeddable":true,"href":"https:\/\/middleeasttransparent.com\/fr\/wp-json\/wp\/v2\/categories?post=25783"},{"taxonomy":"post_tag","embeddable":true,"href":"https:\/\/middleeasttransparent.com\/fr\/wp-json\/wp\/v2\/tags?post=25783"}],"curies":[{"name":"wp","href":"https:\/\/api.w.org\/{rel}","templated":true}]}}