{"id":24716,"date":"2017-09-18T23:08:49","date_gmt":"2017-09-18T22:08:49","guid":{"rendered":"http:\/\/middleeasttransparent.com\/?p=24716"},"modified":"2017-09-18T23:08:49","modified_gmt":"2017-09-18T22:08:49","slug":"bagdad-menace-de-recourir-a-force-contre-kurdes","status":"publish","type":"post","link":"https:\/\/middleeasttransparent.com\/fr\/bagdad-menace-de-recourir-a-force-contre-kurdes\/","title":{"rendered":"Bagdad menace de recourir \u00e0 la force contre les Kurdes"},"content":{"rendered":"<header>\n<hgroup>\n<h2 data-bind=\"text: articleSubtitle\">Le pouvoir irakien veut emp\u00eacher la tenue d\u2019un r\u00e9f\u00e9rendum sur l\u2019ind\u00e9pendance dans les trois provinces autonomes kurdes.<\/h2>\n<h2 data-bind=\"text: articleSubtitle\"><\/h2>\n<h3 data-bind=\"text: articleSubtitle\"><span style=\"font-size: 16px;\">\u00c0 peine la menace djihadiste recule-t-elle en Irak qu\u2019un autre danger affleure : lundi prochain, les Kurdes des trois provinces autonomes du nord du pays ont pr\u00e9vu de tenir un r\u00e9f\u00e9rendum sur leur ind\u00e9pendance. La plupart de leurs leaders r\u00e9p\u00e8tent qu\u2019ils n\u2019ont pas \u00ab d\u2019autre choix \u00bb pour garantir les droits des Kurdes \u2013 entre 15 et 20% de la population irakienne -, durement r\u00e9prim\u00e9s par le r\u00e9gime de Saddam Hussein, jusqu\u2019\u00e0 sa chute en 2003. M\u00eame s\u2019il ne s\u2019agit que d\u2019une \u00e9tape en vue d\u2019une lointaine ind\u00e9pendance, la consultation menace l\u2019unit\u00e9 d\u2019un pays d\u00e9j\u00e0 fragment\u00e9.<\/span><\/h3>\n<h3 data-bind=\"text: articleSubtitle\"><\/h3>\n<\/hgroup>\n<\/header>\n<div data-bind=\"foreach: articleBlocks\">\n<p data-bind=\"text: $data\">Confort\u00e9 par l\u2019opposition de la communaut\u00e9 internationale \u00e0 ce r\u00e9f\u00e9rendum, le gouvernement central de Bagdad est vent debout et se fait mena\u00e7ant. \u00ab Quand j\u2019ai parl\u00e9 aux ambassadeurs europ\u00e9ens de cette question, affirme au Figaro Hadi al-Ameri, le tout-puissant chef de la Mobilisation populaire, qui participe \u00e0 la guerre contre Daech, je leur ai dit que si on ne peut pas emp\u00eacher Massoud Barzani (le pr\u00e9sident du Parlement autonome kurde, NDLR) de tenir le r\u00e9f\u00e9rendum, la confrontation sera certaine. On ne pourra pas \u00e9viter la guerre. \u00bb<\/p>\n<p data-bind=\"text: $data\">Alors que le Parlement kurde \u2013 qui ne s\u2019\u00e9tait pas r\u00e9uni depuis deux ans \u2013 a ratifi\u00e9 le r\u00e9f\u00e9rendum (par 65 voix sur 68 pr\u00e9sents, 43 d\u00e9put\u00e9s \u00e9tant absents), le Parlement central \u00e0 Bagdad l\u2019a rejet\u00e9, son pr\u00e9sident, Salem Jabouri, demandant au premier ministre Haidar alAbadi de \u00abprendre toutes les mesures pour prot\u00e9ger l\u2019unit\u00e9 de l\u2019Irak\u00bb. Samedi, al-Abadi, \u00e0 son tour, a fronc\u00e9 les sourcils, d\u00e9clarant que \u00ab si la population irakienne \u00e9tait menac\u00e9e par l\u2019usage de la force en dehors de la loi, nous interviendrons militairement \u00bb contre les Kurdes.<\/p>\n<p style=\"text-align: center;\" data-bind=\"text: $data\"><img fetchpriority=\"high\" decoding=\"async\" class=\"alignnone size-full wp-image-24726\" src=\"http:\/\/middleeasttransparent.com\/wp-content\/uploads\/2017\/09\/INFcd1eb806-9bb2-11e7-bf15-a01506fbf739-300x240-1.jpg\" alt=\"\" width=\"900\" height=\"720\" srcset=\"https:\/\/middleeasttransparent.com\/wp-content\/uploads\/2017\/09\/INFcd1eb806-9bb2-11e7-bf15-a01506fbf739-300x240-1.jpg 900w, https:\/\/middleeasttransparent.com\/wp-content\/uploads\/2017\/09\/INFcd1eb806-9bb2-11e7-bf15-a01506fbf739-300x240-1-600x480.jpg 600w, https:\/\/middleeasttransparent.com\/wp-content\/uploads\/2017\/09\/INFcd1eb806-9bb2-11e7-bf15-a01506fbf739-300x240-1-768x614.jpg 768w\" sizes=\"(max-width: 900px) 100vw, 900px\" \/><\/p>\n<p data-bind=\"text: $data\">Ces derniers pr\u00e9voient de tenir la consultation dans leurs trois provinces autonomes, mais aussi \u00e0 la p\u00e9riph\u00e9rie de celles-ci dans des \u00ab zones disput\u00e9es \u00bb avec Bagdad que les Kurdes contr\u00f4lent, depuis le blanc-seing donn\u00e9 par les Am\u00e9ricains en 2003. Et c\u2019est l\u00e0 que r\u00e9side le principal danger de confrontation, notamment dans la riche province p\u00e9troli\u00e8re de Kirkouk, que les Kurdes ont encore conquise lors de l\u2019avanc\u00e9e de Daech en juin 2014, sans laquelle leur r\u00eave d\u2019ind\u00e9pendance n\u2019est pas viable. \u00abTenir le r\u00e9f\u00e9rendum dans les zones disput\u00e9es est particuli\u00e8rement provocateur et d\u00e9stabilisant\u00bb, a averti vendredi la Maison-Blanche, qui appelle Massoud Barzani \u00e0 renoncer au r\u00e9f\u00e9rendum et \u00e0 entrer en n\u00e9gociations avec Bagdad. \u00ab Un r\u00e9f\u00e9rendum \u00e0 Kirkouk et dans toutes les zones disput\u00e9es est une ligne rouge \u00bb, gronde Hadi al-Ameri. Selon l\u2019ancien chef de la milice chiite Badr, entra\u00een\u00e9e et form\u00e9e en Iran jusqu\u2019\u00e0 la chute de Saddam Hussein, \u00ables Kurdes agissent en contradiction avec la Constitution irakienne. Les habitants des zones disput\u00e9es sont d\u00e9sarm\u00e9s. Des Turkm\u00e8nes, des Yazidis, des Arabes et des Shabaks refusent le r\u00e9f\u00e9rendum. \u00bb<\/p>\n<p data-bind=\"text: $data\">La semaine derni\u00e8re, le Parlement irakien a d\u00e9mis de ses fonctions le gouverneur kurde de Kirkouk, qui a rejet\u00e9 cette d\u00e9cision. Le danger de confrontation est accru par la pr\u00e9sence dans ces zones, non loin des combattants kurdes, de miliciens chiites d\u00e9ploy\u00e9s \u00e0 la faveur de la guerre contre Daech. Massoud Barzani exige, depuis des mois, leur d\u00e9part. \u00ab Pas question \u00bb, r\u00e9pond Hadi al-Ameri, arguant que le combat antidjihadiste n\u2019est pas termin\u00e9. \u00abFace \u00e0 la d\u00e9cision prise par Barzani de d\u00e9ployer les pechmergas dans ces zones, le gouvernement irakien entrera en confrontation avec les Kurdes, c\u2019est in\u00e9vitable\u00bb, pr\u00e9vient Hadi al-Ameri.<\/p>\n<p data-bind=\"text: $data\">Pour \u00e9viter que la guerre des mots ne d\u00e9g\u00e9n\u00e8re en affrontements, Am\u00e9ricains, Britanniques, Fran\u00e7ais, mais aussi Iraniens et Turcs ont multipli\u00e9 les pressions sur Barzani. Pour Washington, l\u2019initiative kurde remet en cause la guerre, bien avanc\u00e9e contre Daech, apr\u00e8s les victoires \u00e0 Mossoul et Tal Afar, alors que le prochain front sera pr\u00e9cis\u00e9ment dans cette province disput\u00e9e de Kirkouk, \u00e0 Hawija, \u00e0 70 km plus \u00e0 l\u2019est. Mais alors que les forces irakiennes ont pris position non loin de Hawija, al-Abadi a d\u2019ores et d\u00e9j\u00e0 demand\u00e9 aux Kurdes de ne pas s\u2019en approcher. En riposte, des renforts de pechmergas se seraient d\u00e9ploy\u00e9s dans d\u2019autres secteurs de cette province de tous les dangers.<\/p>\n<p data-bind=\"text: $data\">De leur c\u00f4t\u00e9, les voisins turcs et iraniens des Kurdes redoutent que ce r\u00e9f\u00e9rendum attise les app\u00e9tits s\u00e9paratistes de leurs propres minorit\u00e9s kurdes. T\u00e9h\u00e9ran dispose de relais au sein des Kurdes irakiens, divis\u00e9s sur cette initiative jug\u00e9e dangereuse par certains, compte tenu de leur isolement. \u00ab Les Kurdes vont quand m\u00eame trop loin \u00bb, regrette Hamid, un Irakien.<\/p>\n<p data-bind=\"text: $data\">Le premier ministre esp\u00e8re encore que le dialogue \u00e9vitera la confrontation avec Massoud Barzani, qui compte utiliser le oui attendu au r\u00e9f\u00e9rendum pour consolider sa position dans des n\u00e9gociations avec Bagdad sur un divorce. <strong>Mais Haidar al-Abadi est sous pression. \u00ab Jusqu\u2019\u00e0 maintenant, nous avons r\u00e9fr\u00e9n\u00e9 la Mobilisation populaire d\u2019attaquer, mais \u00e7a ne durera pas toujours \u00bb, aurait confi\u00e9 l\u2019Iranien Qassem Soulaimani, toutpuissant patron de la Force al-Qods, \u00e0 un responsable kurde irakien.<\/strong><\/p>\n<\/div>\n<p data-bind=\"text: $data\"><a href=\"http:\/\/www.lefigaro.fr\/international\/2017\/09\/17\/01003-20170917ARTFIG00160-bagdad-menace-de-recourir-a-la-force-contre-les-kurdes.php\">Le Figaro<\/a><\/p>\n<p data-bind=\"text: $data\"><a href=\"https:\/\/www.pressreader.com\/france\/le-figaro\/20170918\/281535111162773\">Press Reader<\/a><\/p>\n","protected":false},"excerpt":{"rendered":"<p>Le pouvoir irakien veut emp\u00eacher la tenue d\u2019un r\u00e9f\u00e9rendum sur l\u2019ind\u00e9pendance dans les trois provinces autonomes kurdes. \u00c0 peine la menace djihadiste recule-t-elle en Irak qu\u2019un autre danger affleure : lundi prochain, les Kurdes des trois provinces autonomes du nord du pays ont pr\u00e9vu de tenir un r\u00e9f\u00e9rendum sur leur ind\u00e9pendance. La plupart de leurs<\/p>\n","protected":false},"author":34,"featured_media":24725,"comment_status":"open","ping_status":"open","sticky":false,"template":"","format":"standard","meta":{"_uf_show_specific_survey":0,"_uf_disable_surveys":false,"footnotes":""},"categories":[37],"tags":[],"class_list":{"0":"post-24716","1":"post","2":"type-post","3":"status-publish","4":"format-standard","5":"has-post-thumbnail","7":"category-alaune-fr"},"aioseo_notices":[],"_links":{"self":[{"href":"https:\/\/middleeasttransparent.com\/fr\/wp-json\/wp\/v2\/posts\/24716","targetHints":{"allow":["GET"]}}],"collection":[{"href":"https:\/\/middleeasttransparent.com\/fr\/wp-json\/wp\/v2\/posts"}],"about":[{"href":"https:\/\/middleeasttransparent.com\/fr\/wp-json\/wp\/v2\/types\/post"}],"author":[{"embeddable":true,"href":"https:\/\/middleeasttransparent.com\/fr\/wp-json\/wp\/v2\/users\/34"}],"replies":[{"embeddable":true,"href":"https:\/\/middleeasttransparent.com\/fr\/wp-json\/wp\/v2\/comments?post=24716"}],"version-history":[{"count":0,"href":"https:\/\/middleeasttransparent.com\/fr\/wp-json\/wp\/v2\/posts\/24716\/revisions"}],"wp:featuredmedia":[{"embeddable":true,"href":"https:\/\/middleeasttransparent.com\/fr\/wp-json\/wp\/v2\/media\/24725"}],"wp:attachment":[{"href":"https:\/\/middleeasttransparent.com\/fr\/wp-json\/wp\/v2\/media?parent=24716"}],"wp:term":[{"taxonomy":"category","embeddable":true,"href":"https:\/\/middleeasttransparent.com\/fr\/wp-json\/wp\/v2\/categories?post=24716"},{"taxonomy":"post_tag","embeddable":true,"href":"https:\/\/middleeasttransparent.com\/fr\/wp-json\/wp\/v2\/tags?post=24716"}],"curies":[{"name":"wp","href":"https:\/\/api.w.org\/{rel}","templated":true}]}}