{"id":24692,"date":"2017-09-18T13:34:53","date_gmt":"2017-09-18T12:34:53","guid":{"rendered":"http:\/\/middleeasttransparent.com\/?p=24692"},"modified":"2017-09-18T13:34:53","modified_gmt":"2017-09-18T12:34:53","slug":"deliquescence-de-letat-libanais","status":"publish","type":"post","link":"https:\/\/middleeasttransparent.com\/fr\/deliquescence-de-letat-libanais\/","title":{"rendered":"D\u00e9liquescence de l\u2019\u00c9tat libanais"},"content":{"rendered":"<div class=\"summary\"><\/div>\n<div class=\"floatingToolbox\"><\/div>\n<div class=\"text\">\n<p><strong>En remportant une belle victoire militaire contre les bandes de l&rsquo;\u00c9tat islamique sur l&rsquo;Anti-Liban, l&rsquo;arm\u00e9e libanaise vient probablement de sauver, in extremis, l&rsquo;entit\u00e9 politique libanaise dans les fronti\u00e8res qui sont les siennes depuis ce 1er septembre 1920<\/strong> o\u00f9 le g\u00e9n\u00e9ral Gouraud, au nom de la puissance mandataire fran\u00e7aise, a proclam\u00e9 l&rsquo;\u00c9tat du Grand Liban. Il y a lieu de saluer \u00e0 sa juste mesure l&rsquo;exploit des militaires libanais qui ont su g\u00e9rer cette question avec courage, sagesse, souplesse, tact et grande fermet\u00e9. L&rsquo;\u00e9tat-major libanais ne s&rsquo;est pas laiss\u00e9 emporter par l&rsquo;exaltation guerri\u00e8re d\u00e9sordonn\u00e9e et s&rsquo;est abstenu de collaborer activement aux combats men\u00e9s conjointement par l&rsquo;arm\u00e9e du r\u00e9gime syrien et le Hezbollah contre les opposants au pr\u00e9sident syrien, qualifi\u00e9s de terroristes takfiristes et daechistes, afin de ne pas s&#8217;embourber dans la guerre interne de Syrie.<\/p>\n<p>L&rsquo;histoire retiendra le sens de la discipline dont a fait preuve l&rsquo;arm\u00e9e ainsi que son souci d&rsquo;\u00e9pargner les civils \u00e0 Ersal, libanais et syriens r\u00e9fugi\u00e9s, comme ce fut le cas lors des combats de Nahr el-Bared en mai 2007 contre l&rsquo;officine qui ne s&rsquo;appelait pas l&rsquo;\u00c9tat islamique ou al-Nosra, mais Fateh el-Islam. On se demande toujours comment Chaker el-Absi, le chef de bande de l&rsquo;\u00e9poque, \u00e9chappa \u00e0 la justice libanaise et fut exfiltr\u00e9, comme par magie, vers le territoire syrien. Sur l&rsquo;Anti-Liban, l&rsquo;arm\u00e9e libanaise fut priv\u00e9e de sa victoire finale car, et toujours comme par magie, le r\u00e9gime syrien et le Hezbollah n\u00e9goci\u00e8rent (avec qui ? ?) l&rsquo;exfiltration confortable des membres de Daech, avec armes et bagages, vers Raqqa \u00e0 l&rsquo;extr\u00e9mit\u00e9 orientale de la Syrie.<\/p>\n<p>Le Premier ministre Saad Hariri d\u00e9clara lors de sa visite en France que le pr\u00e9sident Michel Aoun et lui-m\u00eame avaient donn\u00e9 l&rsquo;ordre d&rsquo;\u00e9vacuation des effectifs de Daech sans expliquer le pourquoi politique de cette mesure. En principe, il y aurait l\u00e0 comme une entrave \u00e0 la justice car on aurait soustrait au pouvoir judiciaire, pour raison d&rsquo;\u00c9tat, des criminels ayant port\u00e9 atteinte \u00e0 la s\u00e9curit\u00e9 de ce dernier. Face \u00e0 la d\u00e9termination des militaires libanais, force est de constater l&rsquo;extr\u00eame faiblesse des instances politiques. Un seul terme conviendrait pour d\u00e9crire une telle situation\u00a0: d\u00e9litement ou d\u00e9liquescence de l&rsquo;\u00c9tat, c&rsquo;est-\u00e0-dire dilution, d\u00e9sagr\u00e9gation, d\u00e9composition, fragmentation, morcellement, pourrissement et ruine.<\/p>\n<p>Afin de masquer, sans doute, les peu glorieuses tractations qui aboutirent \u00e0 l&rsquo;exfiltration des terroristes, on s&rsquo;en prend \u00e0 ce que le ministre des Affaires \u00e9trang\u00e8res, Gebran Bassil, a appel\u00e9 \u00ab\u00a0h\u00e9sitation de l&rsquo;arm\u00e9e\u00a0\u00bb en 2014, et ce en vue de justifier l&rsquo;intervention unilat\u00e9rale du Hezbollah afin de pallier, selon lui, aux insuffisances h\u00e9sitantes de la troupe. L&rsquo;histoire jugera si l&rsquo;opinion du ministre est fond\u00e9e ou non.<\/p>\n<p>Mais la d\u00e9liquescence est dans tous les domaines. Une loi est vot\u00e9e portant sur la grille des salaires. Profond\u00e9ment injuste, elle viole le principe absolu de l&rsquo;\u00e9galit\u00e9 de tous les citoyens face \u00e0 la loi. Elle discrimine entre les employ\u00e9s du priv\u00e9 et du public. Elle impose de mani\u00e8re injuste certaines cat\u00e9gories et en \u00e9pargne d&rsquo;autres. De plus, elle ne se pr\u00e9occupe nullement de son cadre budg\u00e9taire, vu l&rsquo;impossibilit\u00e9 de faire voter une loi de finances tant que le quitus n&rsquo;a pas \u00e9t\u00e9 accord\u00e9 \u00e0 la gestion du gouvernement de Fouad Siniora qui fut politiquement contraint, \u00e0 l&rsquo;\u00e9poque, de proc\u00e9der \u00e0 des d\u00e9penses courantes hors budget.<\/p>\n<p><strong>Des d\u00e9tenus sont lib\u00e9r\u00e9s de prison dans le cadre des n\u00e9gociations men\u00e9es par le Hezbollah avec l&rsquo;ex-Front al-Nosra<\/strong>. Aucun juge n&rsquo;a, en principe, ordonn\u00e9 leur relaxation. Une loi \u00e9lectorale, \u00e0 peine laborieusement vot\u00e9e, s&rsquo;av\u00e8re n&rsquo;\u00eatre du go\u00fbt de personne \u00e0 tel point qu&rsquo;il est aujourd&rsquo;hui quasi certain que les l\u00e9gislatives de 2018 n&rsquo;auront pas lieu.<br \/>\nD\u00e8s lors, il n&rsquo;y a pas lieu de s&rsquo;\u00e9tonner du r\u00e9cent discours de Samir Geagea. D&rsquo;un c\u00f4t\u00e9 il affirme avec fougue et rigueur, contre le Hezbollah, les principes intangibles de la souverainet\u00e9 du Liban. De l&rsquo;autre, il proclame son attachement sans faille \u00e0 l&rsquo;alliance de son parti (Forces libanaises) avec le Courant patriotique libre, alli\u00e9 ind\u00e9fectible du Hezbollah et qui accepte invariablement son diktat.<\/p>\n<p><strong>D\u00e9liquescence est encore un mot d&rsquo;une exquise douceur pour d\u00e9crire la situation du grand malade qu&rsquo;est l&rsquo;\u00c9tat libanais.<\/strong><\/p>\n<p>acourban@gmail.com<\/p>\n<p>* Beyrouth<\/p>\n<\/div>\n","protected":false},"excerpt":{"rendered":"<p>En remportant une belle victoire militaire contre les bandes de l&rsquo;\u00c9tat islamique sur l&rsquo;Anti-Liban, l&rsquo;arm\u00e9e libanaise vient probablement de sauver, in extremis, l&rsquo;entit\u00e9 politique libanaise dans les fronti\u00e8res qui sont les siennes depuis ce 1er septembre 1920 o\u00f9 le g\u00e9n\u00e9ral Gouraud, au nom de la puissance mandataire fran\u00e7aise, a proclam\u00e9 l&rsquo;\u00c9tat du Grand Liban. Il<\/p>\n","protected":false},"author":33,"featured_media":24696,"comment_status":"open","ping_status":"open","sticky":false,"template":"","format":"standard","meta":{"_uf_show_specific_survey":0,"_uf_disable_surveys":false,"footnotes":""},"categories":[25],"tags":[],"class_list":{"0":"post-24692","1":"post","2":"type-post","3":"status-publish","4":"format-standard","5":"has-post-thumbnail","7":"category-decryptages"},"aioseo_notices":[],"_links":{"self":[{"href":"https:\/\/middleeasttransparent.com\/fr\/wp-json\/wp\/v2\/posts\/24692","targetHints":{"allow":["GET"]}}],"collection":[{"href":"https:\/\/middleeasttransparent.com\/fr\/wp-json\/wp\/v2\/posts"}],"about":[{"href":"https:\/\/middleeasttransparent.com\/fr\/wp-json\/wp\/v2\/types\/post"}],"author":[{"embeddable":true,"href":"https:\/\/middleeasttransparent.com\/fr\/wp-json\/wp\/v2\/users\/33"}],"replies":[{"embeddable":true,"href":"https:\/\/middleeasttransparent.com\/fr\/wp-json\/wp\/v2\/comments?post=24692"}],"version-history":[{"count":0,"href":"https:\/\/middleeasttransparent.com\/fr\/wp-json\/wp\/v2\/posts\/24692\/revisions"}],"wp:featuredmedia":[{"embeddable":true,"href":"https:\/\/middleeasttransparent.com\/fr\/wp-json\/wp\/v2\/media\/24696"}],"wp:attachment":[{"href":"https:\/\/middleeasttransparent.com\/fr\/wp-json\/wp\/v2\/media?parent=24692"}],"wp:term":[{"taxonomy":"category","embeddable":true,"href":"https:\/\/middleeasttransparent.com\/fr\/wp-json\/wp\/v2\/categories?post=24692"},{"taxonomy":"post_tag","embeddable":true,"href":"https:\/\/middleeasttransparent.com\/fr\/wp-json\/wp\/v2\/tags?post=24692"}],"curies":[{"name":"wp","href":"https:\/\/api.w.org\/{rel}","templated":true}]}}