{"id":24516,"date":"2017-09-12T11:00:36","date_gmt":"2017-09-12T10:00:36","guid":{"rendered":"http:\/\/middleeasttransparent.com\/?p=24516"},"modified":"2017-09-12T11:00:36","modified_gmt":"2017-09-12T10:00:36","slug":"patrice-franceschi-kurdes-ont-capture-dizaines-de-djihadistes-francais","status":"publish","type":"post","link":"https:\/\/middleeasttransparent.com\/fr\/patrice-franceschi-kurdes-ont-capture-dizaines-de-djihadistes-francais\/","title":{"rendered":"Patrice Franceschi : \u00ab Les Kurdes ont captur\u00e9 des dizaines de djihadistes fran\u00e7ais \u00bb"},"content":{"rendered":"<header>\n<hgroup>\n<h3 data-bind=\"text: articleSubtitle\"><span style=\"color: #0000ff;\">Selon l\u2019\u00e9crivain, Daech ne contr\u00f4le plus que 30 % environ de Raqqa, sa \u00ab capitale \u00bb syrienne, o\u00f9 5 000 civils au moins sont retenus en otages.<\/span><\/h3>\n<h2 data-bind=\"text: articleSubtitle\"><\/h2>\n<h2 data-bind=\"text: articleSubtitle\"><\/h2>\n<h2 data-bind=\"text: articleSubtitle\"><strong>Patrice Franceschi est un \u00e9crivain engag\u00e9 aupr\u00e8s des Kurdes syriens depuis de nombreuses ann\u00e9es. Il est \u00e0 leur c\u00f4t\u00e9 \u00e0 Raqqa, o\u00f9 les forces arabokurdes combattent Daech.<\/strong><\/h2>\n<h4 data-bind=\"text: articleSubtitle\">\u00a0<strong>Patrice Franceschi est un \u00e9crivain engag\u00e9 aupr\u00e8s des Kurdes syriens depuis de nombreuses ann\u00e9es. Il est \u00e0 leur c\u00f4t\u00e9 \u00e0 Raqqa, o\u00f9 les forces arabokurdes combattent Daech.<\/strong><\/h4>\n<\/hgroup>\n<\/header>\n<div data-bind=\"foreach: articleBlocks\">\n<p data-bind=\"text: $data\"><strong>LE FIGARO. &#8211; Raqqa pourra-t-elle \u00eatre reprise d\u2019ici \u00e0 fin octobre, comme l\u2019a annonc\u00e9 l\u2019\u00e9missaire de l\u2019ONU pour la Syrie, Staffan de Mistura ?<\/strong><\/p>\n<p data-bind=\"text: $data\"><strong> Patrice FRANCESCHI. &#8211;<\/strong> Le commandement kurde qui dirige la bataille de Raqqa planifie, lui aussi, pour fin octobre la reprise de la ville. Mais la pr\u00e9sence de boucliers humains derri\u00e8re lesquels s\u2019abritent les djihadistes ralentit l\u2019avanc\u00e9e des combattants arabo-kurdes (FDS). Le dernier bastion de djihadistes se trouve dans le nord de la ville, fort d\u2019un millier de combattants, dont 700 \u00e9trangers, des Fran\u00e7ais, des Tunisiens, des Tch\u00e9tch\u00e8nes. Ce sont les plus dangereux. Ils refusent de se rendre, emp\u00eachent ceux qui voudraient le faire et, surtout, ils emp\u00eachent les civils de sortir de leurs immeubles, en les retenant en otages.<\/p>\n<p data-bind=\"text: $data\"><strong>Combien reste-il de civils ?<\/strong><\/p>\n<p data-bind=\"text: $data\">Environ 5 000 dans la partie nord tenue par les djihadistes, c\u2019est-\u00e0-dire tout au plus 30% de Raqqa. Tous les jours, les FDS tentent d\u2019\u00e9tablir des corridors entre les rues o\u00f9 sont localis\u00e9es des familles pour les faire sortir. Parfois, \u00e7a marche, mais souvent, les djihadistes en fusillent quand ils sortent. Parfois encore, les civils en fuite sautent sur des mines, car il y en a partout. C\u2019est assez terrifiant. Sur pratiquement tous les cadavres de djihadistes que les forces arabo-kurdes r\u00e9cup\u00e8rent, ils trouvent des t\u00e9l\u00e9phones portables. Les djihadistes ont cette manie de filmer tout ce qu\u2019ils font, et notamment leurs exactions. Dans les derniers portables r\u00e9cup\u00e9r\u00e9s, on a retrouv\u00e9 des sc\u00e8nes abominables de djihadistes ayant rattrap\u00e9 une famille qui tentait de fuir. On les voit les emmener ensuite dans des sous-sols d\u2019immeubles, les filmer en tournant autour, avant de les abattre et de repartir, comme s\u2019ils avaient tu\u00e9 un animal. Il y a des cadavres partout. Quand des djihadistes sont tu\u00e9s, leurs camarades cachent des bombes sous les corps.<\/p>\n<p data-bind=\"text: $data\"><strong>Dans quel \u00e9tat se trouve Raqqa ?<\/strong><\/p>\n<p data-bind=\"text: $data\">Un \u00e9tat \u00e9pouvantable. La banlieue de Raqqa, constitu\u00e9e de petites maisons basses difficilement d\u00e9fendables, n\u2019est pas trop touch\u00e9e, car les djihadistes n\u2019ont pas oppos\u00e9 une grande r\u00e9sistance. Mais d\u00e8s que les forces arabo-kurdes sont rentr\u00e9es dans la ville, avec de premiers immeubles de quatre ou cinq \u00e9tages, c\u2019est l\u00e0 que l\u2019on recense d\u2019importants d\u00e9g\u00e2ts. Les b\u00e2timents ont \u00e9t\u00e9 presque totalement d\u00e9truits, les combats ont eu lieu maison par maison, immeuble par immeuble. L\u2019appui a\u00e9rien de la coalition internationale est tr\u00e8s cibl\u00e9, et permet imm\u00e9diatement apr\u00e8s aux FDS de donner l\u2019assaut pour s\u2019emparer des immeubles, mais c\u2019est tr\u00e8s sanglant.<\/p>\n<p data-bind=\"text: $data\"><strong>L\u2019ONU d\u00e9nonce des bombardements collat\u00e9raux qui ont fait de nombreuses victimes civiles.<\/strong><\/p>\n<p data-bind=\"text: $data\">Non, cela fait partie de la propagande turque. Tout est fait pour \u00e9pargner les civils, la pr\u00e9cision des frappes est impressionnante. Ce qui ne veut pas dire que dans une frappe contre des djihadistes aper\u00e7us dans un immeuble, il n\u2019y ait pas de victimes collat\u00e9rales. Mais cela reste marginal.<\/p>\n<p data-bind=\"text: $data\"><strong>Les Kurdes ont-ils fait des prisonniers djihadistes ?<\/strong><\/p>\n<p data-bind=\"text: $data\">Oui, m\u00eame des Fran\u00e7ais. Probablement plusieurs dizaines de Fran\u00e7ais. Quand des djihadistes sont captur\u00e9s, ils sont livr\u00e9s aux services de renseignements \u00e9trangers qui les interrogent ensuite \u00e0 Koban\u00e9. Ce sont souvent des djihadistes qui se sont rendus &#8211; ils sont assez peu nombreux &#8211; ou qui ont \u00e9t\u00e9 captur\u00e9s alors qu\u2019ils se faisaient passer pour des civils. Il y en a de toutes les nationalit\u00e9s. Les femmes et les enfants, eux, restent au camp d\u2019A\u00efn Issa (\u00e0 50 km au nord de Raqqa, NDLR).<\/p>\n<p data-bind=\"text: $data\"><strong>Comment des Kurdes pourraient-ils g\u00e9rer Raqqa, une ville arabe ?<\/strong><\/p>\n<p data-bind=\"text: $data\">Les FDS, c\u2019est 60 000 hommes ; dont presque la moiti\u00e9 d\u2019Arabes, mais aussi des Tcherkesses, des Turkm\u00e8nes, des yazidis et de nombreuses femmes. Ce sont les Arabes qui sont en premi\u00e8re ligne, et ce sont les Kurdes qui donnent les assauts finaux, faute d\u2019exp\u00e9rience chez les Arabes. Mais les Arabes sont fiers d\u2019\u00eatre en premi\u00e8re ligne. Ils pourront dire que c\u2019est gr\u00e2ce \u00e0 eux si Raqqa a \u00e9t\u00e9 lib\u00e9r\u00e9e. Dans chaque ville lib\u00e9r\u00e9e, les Kurdes cr\u00e9ent les conseils civils pour g\u00e9rer la cit\u00e9 dans l\u2019apr\u00e8s-Daech. Mais le sens m\u00eame du combat de Raqqa n\u2019est pas seulement, comme \u00e0 Mossoul, d\u2019en finir avec Daech, il s\u2019agit aussi d\u2019engager un processus d\u2019autonomie dans une f\u00e9d\u00e9ration kurde.<\/p>\n<p data-bind=\"text: $data\"><strong>Une fois Raqqa lib\u00e9r\u00e9e, les Kurdes redoutent-ils d\u2019\u00eatre l\u00e2ch\u00e9s par leurs alli\u00e9s am\u00e9ricains ou fran\u00e7ais ?<\/strong><\/p>\n<p data-bind=\"text: $data\">Les Kurdes ont re\u00e7u des garanties que les Am\u00e9ricains maintiendraient leur soutien apr\u00e8s Raqqa. Les Kurdes craignent, en revanche, que, sous la pression du lobby turc, la France ne r\u00e9duise son aide militaire et politique. Les Kurdes ont besoin d\u2019un pays comme la France qui n\u2019est pas align\u00e9 sur les \u00c9tats-Unis. Les int\u00e9r\u00eats s\u00e9curitaires de la France co\u00efncident avec ceux des Kurdes dans la probl\u00e9matique de l\u2019islamisme au Moyen-Orient.<\/p>\n<h4 data-bind=\"text: $data\"><a href=\"http:\/\/www.lefigaro.fr\/international\/2017\/09\/11\/01003-20170911ARTFIG00226-patrice-franceschiles-kurdes-ont-capture-des-dizaines-de-djihadistes-francais.php\">Le Figaro<\/a><\/h4>\n<h4 data-bind=\"text: $data\"><a href=\"https:\/\/www.pressreader.com\/france\/le-figaro\/20170912\/282020442455242\">Press Reader<\/a><\/h4>\n<\/div>\n","protected":false},"excerpt":{"rendered":"<p>Selon l\u2019\u00e9crivain, Daech ne contr\u00f4le plus que 30 % environ de Raqqa, sa \u00ab capitale \u00bb syrienne, o\u00f9 5 000 civils au moins sont retenus en otages. Patrice Franceschi est un \u00e9crivain engag\u00e9 aupr\u00e8s des Kurdes syriens depuis de nombreuses ann\u00e9es. Il est \u00e0 leur c\u00f4t\u00e9 \u00e0 Raqqa, o\u00f9 les forces arabokurdes combattent Daech. \u00a0Patrice<\/p>\n","protected":false},"author":34,"featured_media":24520,"comment_status":"open","ping_status":"open","sticky":false,"template":"","format":"standard","meta":{"_uf_show_specific_survey":0,"_uf_disable_surveys":false,"footnotes":""},"categories":[37],"tags":[],"class_list":{"0":"post-24516","1":"post","2":"type-post","3":"status-publish","4":"format-standard","5":"has-post-thumbnail","7":"category-alaune-fr"},"aioseo_notices":[],"_links":{"self":[{"href":"https:\/\/middleeasttransparent.com\/fr\/wp-json\/wp\/v2\/posts\/24516","targetHints":{"allow":["GET"]}}],"collection":[{"href":"https:\/\/middleeasttransparent.com\/fr\/wp-json\/wp\/v2\/posts"}],"about":[{"href":"https:\/\/middleeasttransparent.com\/fr\/wp-json\/wp\/v2\/types\/post"}],"author":[{"embeddable":true,"href":"https:\/\/middleeasttransparent.com\/fr\/wp-json\/wp\/v2\/users\/34"}],"replies":[{"embeddable":true,"href":"https:\/\/middleeasttransparent.com\/fr\/wp-json\/wp\/v2\/comments?post=24516"}],"version-history":[{"count":0,"href":"https:\/\/middleeasttransparent.com\/fr\/wp-json\/wp\/v2\/posts\/24516\/revisions"}],"wp:featuredmedia":[{"embeddable":true,"href":"https:\/\/middleeasttransparent.com\/fr\/wp-json\/wp\/v2\/media\/24520"}],"wp:attachment":[{"href":"https:\/\/middleeasttransparent.com\/fr\/wp-json\/wp\/v2\/media?parent=24516"}],"wp:term":[{"taxonomy":"category","embeddable":true,"href":"https:\/\/middleeasttransparent.com\/fr\/wp-json\/wp\/v2\/categories?post=24516"},{"taxonomy":"post_tag","embeddable":true,"href":"https:\/\/middleeasttransparent.com\/fr\/wp-json\/wp\/v2\/tags?post=24516"}],"curies":[{"name":"wp","href":"https:\/\/api.w.org\/{rel}","templated":true}]}}