{"id":24472,"date":"2017-09-09T18:16:38","date_gmt":"2017-09-09T17:16:38","guid":{"rendered":"http:\/\/middleeasttransparent.com\/?p=24472"},"modified":"2017-09-09T18:17:48","modified_gmt":"2017-09-09T17:17:48","slug":"cette-frange-freres-a-bascule-violence","status":"publish","type":"post","link":"https:\/\/middleeasttransparent.com\/fr\/cette-frange-freres-a-bascule-violence\/","title":{"rendered":"Cette frange des Fr\u00e8res qui a bascul\u00e9 dans la violence"},"content":{"rendered":"<header>\n<figure class=\"art-pic\"><figcaption><em>En mai 2014, derri\u00e8re une banni\u00e8re jaune arborant la Rabia, le signe de ralliement des Fr\u00e8res musulmans, des supporteurs du pr\u00e9sident destitu\u00e9, Mohammed Morsi, se sont heurt\u00e9s aux forces de l\u2019ordre autour de l\u2019universit\u00e9 du Caire.<\/em><\/figcaption><\/figure>\n<\/header>\n<header>\n<ul class=\"art-byline\">\n<li class=\"art-source\" data-bind=\"text: issueTitle\"><strong>Le Figaro<\/strong><\/li>\n<li class=\"art-author\" data-bind=\"text: byline\"><strong>J.- L. B.<\/strong><\/li>\n<\/ul>\n<\/header>\n<figure class=\"art-pic\"><figcaption><\/figcaption><\/figure>\n<div data-bind=\"foreach: articleBlocks\">\n<p data-bind=\"text: $data\">DEVANT la r\u00e9pression, la Confr\u00e9rie doit faire face \u00e0 ses dilemmes d\u2019autrefois : alors que la vieille garde r\u00e9affirme son principe de non-violence, une frange de ses membres choisit la r\u00e9sistance arm\u00e9e.<\/p>\n<p data-bind=\"text: $data\">Un visage encadr\u00e9 d\u2019un voile blanc, des lunettes de soleil qui glissent sur son nez perl\u00e9 de sueur, Fatma* souffle \u00e0 l\u2019\u00e9nonc\u00e9 de la question : \u00ab Connaissez-vous des Fr\u00e8res ayant choisi la lutte arm\u00e9e ? \u00bb \u00ab On en conna\u00eet tous, mais ils ne l\u2019admettront jamais, ils ont trop \u00e0 perdre \u00bb, l\u00e2che-t-elle. \u00c0 ses c\u00f4t\u00e9s, Ibrahim tend son t\u00e9l\u00e9phone o\u00f9 appara\u00eet le selfie de deux jeunes hommes. 17 et 18 ans. Des voisins. Bras dessus, bras dessous, ils ressemblent \u00e0 de banals ados. \u00ab Ils ont \u00e9t\u00e9 tu\u00e9s. On les soup\u00e7onnait depuis un moment de participer \u00e0 des actions violentes. C\u2019est aussi une r\u00e9alit\u00e9, on a des militants extr\u00eames dans nos rangs. \u00bb<\/p>\n<p data-bind=\"text: $data\">Depuis d\u00e9cembre 2015, la Confr\u00e9rie est officiellement plac\u00e9e sur la liste des organisations terroristes par l\u2019\u00c9gypte. Une accusation port\u00e9e de longue date par le r\u00e9gime et les anti-islamistes face \u00e0 un groupe qui a toujours eu un rapport ambigu \u00e0 la lutte arm\u00e9e. \u00ab L\u2019utilisation de la violence par les Fr\u00e8res est une caract\u00e9ristique cl\u00e9 de la r\u00e9\u00e9valuation forc\u00e9e de leurs m\u00e9thodes dans le nouveau contexte \u00e9gyptien \u00bb, note Mokhtar Awad, sp\u00e9cialiste de l\u2019extr\u00e9misme \u00e0 la George Washington University. Le chercheur rappelle que \u00ab le groupe avait abandonn\u00e9 la violence dans les ann\u00e9es 1970 car elle \u00e9tait devenue non n\u00e9cessaire. Mais si celle-ci n\u2019est pas centrale chez les Fr\u00e8res musulmans qui privil\u00e9gient une strat\u00e9gie sociale et politique, le groupe n\u2019a jamais \u00e9t\u00e9 totalement pacifiste non plus. \u00bb<\/p>\n<p data-bind=\"text: $data\">Si les leaders historiques s\u2019en tiennent \u00e0 un discours de r\u00e9sistance pacifique, les soup\u00e7ons d\u2019une scission au sein des Fr\u00e8res ont \u00e9t\u00e9 confirm\u00e9s avec les prises de positions de Mohammed Mountasser, nouveau porte-parole de la \u00ab jeunesse Fr\u00e8re \u00bb. Si les communiqu\u00e9s publi\u00e9s par Mohammed Mountasser n\u2019appellent pas directement \u00e0 la violence, ses \u00ab incitations \u00e0 la r\u00e9sistance \u00bb \u00e9lusives constituent un changement de discours important. L\u2019encouragement \u00e0 c\u00e9l\u00e9brer l\u2019appel de Kenana &#8211; appelant ouvertement \u00e0 la violence contre l\u2019\u00c9tat \u00e9gyptien &#8211; par la nouvelle forte t\u00eate de la Confr\u00e9rie a m\u00eame forc\u00e9 Mohammed Ghozlan, porte-parole du leadership traditionnel, \u00e0 rejeter publiquement cette position.<\/p>\n<p data-bind=\"text: $data\">Pour les sp\u00e9cialistes, ces \u00e9l\u00e9ments prouvent qu\u2019au moins une faction de la Confr\u00e9rie se laisse tenter par cette approche de la r\u00e9sistance \u00ab avec des \u00e9l\u00e9ments probants prouvant leur attache \u00e0 des groupes terroristes actifs tels que Hasm ou Liwa al-Thawra \u00bb, note Ahmed Youssef, analyste pour le Cairo Institute for Human Rights Studies.<\/p>\n<p data-bind=\"text: $data\">Il est pourtant trompeur d\u2019imaginer que la minorit\u00e9 de Fr\u00e8res musulmans tent\u00e9s par la lutte arm\u00e9e rejoigne en masse les rangs de l\u2019\u00c9tat islamique. Ils sont plus enclins \u00e0 ouvrir de nouveaux fronts dans la capitale et ses environs men\u00e9s par ce qu\u2019ils appellent des \u00ab comit\u00e9s d\u2019op\u00e9rations sp\u00e9ciales \u00bb et \u00e0 chercher une aide logistique ext\u00e9rieure, notamment aupr\u00e8s des brigades Ezzedine al-Qassam, la branche arm\u00e9e du Hamas \u00e0 Gaza. Si ces groupes sont d\u2019ailleurs pr\u00e9sent\u00e9s comme des \u00e9manations des Fr\u00e8res, rien ne prouve qu\u2019ils en soient le bras arm\u00e9 pur. Ils sont plus probablement un m\u00e9lange d\u2019anciens Fr\u00e8res, de salafistes r\u00e9volutionnaires mais aussi de militants non affili\u00e9s qui agissent par pure vengeance. Mais cet extr\u00e9misme n\u2019en est pas moins inqui\u00e9tant, met en garde Mokhtar Awad : \u00ab Ils sont bien moins meurtriers que l\u2019\u00c9tat islamique mais ont la capacit\u00e9 de mobiliser en puisant dans le r\u00e9servoir important de la jeunesse islamiste en col\u00e8re. \u00bb\u25a0<\/p>\n<p data-bind=\"text: $data\"><a href=\"http:\/\/www.lefigaro.fr\/international\/2017\/09\/08\/01003-20170908ARTFIG00283-egypte-une-minorite-de-freres-a-bascule-dans-la-violence-armee.php\">Le Figaro<\/a><\/p>\n<p data-bind=\"text: $data\"><a href=\"https:\/\/www.pressreader.com\/france\/le-figaro\/20170909\/281694024935652\">Press Reader<\/a><\/p>\n<\/div>\n","protected":false},"excerpt":{"rendered":"<p>En mai 2014, derri\u00e8re une banni\u00e8re jaune arborant la Rabia, le signe de ralliement des Fr\u00e8res musulmans, des supporteurs du pr\u00e9sident destitu\u00e9, Mohammed Morsi, se sont heurt\u00e9s aux forces de l\u2019ordre autour de l\u2019universit\u00e9 du Caire. Le Figaro J.- L. B. DEVANT la r\u00e9pression, la Confr\u00e9rie doit faire face \u00e0 ses dilemmes d\u2019autrefois : alors<\/p>\n","protected":false},"author":152,"featured_media":24475,"comment_status":"open","ping_status":"open","sticky":false,"template":"","format":"standard","meta":{"_uf_show_specific_survey":0,"_uf_disable_surveys":false,"footnotes":""},"categories":[22],"tags":[],"class_list":{"0":"post-24472","1":"post","2":"type-post","3":"status-publish","4":"format-standard","5":"has-post-thumbnail","7":"category-actualites-fr"},"aioseo_notices":[],"_links":{"self":[{"href":"https:\/\/middleeasttransparent.com\/fr\/wp-json\/wp\/v2\/posts\/24472","targetHints":{"allow":["GET"]}}],"collection":[{"href":"https:\/\/middleeasttransparent.com\/fr\/wp-json\/wp\/v2\/posts"}],"about":[{"href":"https:\/\/middleeasttransparent.com\/fr\/wp-json\/wp\/v2\/types\/post"}],"author":[{"embeddable":true,"href":"https:\/\/middleeasttransparent.com\/fr\/wp-json\/wp\/v2\/users\/152"}],"replies":[{"embeddable":true,"href":"https:\/\/middleeasttransparent.com\/fr\/wp-json\/wp\/v2\/comments?post=24472"}],"version-history":[{"count":0,"href":"https:\/\/middleeasttransparent.com\/fr\/wp-json\/wp\/v2\/posts\/24472\/revisions"}],"wp:featuredmedia":[{"embeddable":true,"href":"https:\/\/middleeasttransparent.com\/fr\/wp-json\/wp\/v2\/media\/24475"}],"wp:attachment":[{"href":"https:\/\/middleeasttransparent.com\/fr\/wp-json\/wp\/v2\/media?parent=24472"}],"wp:term":[{"taxonomy":"category","embeddable":true,"href":"https:\/\/middleeasttransparent.com\/fr\/wp-json\/wp\/v2\/categories?post=24472"},{"taxonomy":"post_tag","embeddable":true,"href":"https:\/\/middleeasttransparent.com\/fr\/wp-json\/wp\/v2\/tags?post=24472"}],"curies":[{"name":"wp","href":"https:\/\/api.w.org\/{rel}","templated":true}]}}