{"id":24026,"date":"2017-08-24T16:14:53","date_gmt":"2017-08-24T15:14:53","guid":{"rendered":"http:\/\/middleeasttransparent.com\/?p=24026"},"modified":"2017-08-24T16:14:53","modified_gmt":"2017-08-24T15:14:53","slug":"imam-prechant-haine-a-bienne-recoit-laide-sociale","status":"publish","type":"post","link":"https:\/\/middleeasttransparent.com\/fr\/imam-prechant-haine-a-bienne-recoit-laide-sociale\/","title":{"rendered":"Un imam pr\u00eachant la haine \u00e0 Bienne re\u00e7oit l\u2019aide sociale"},"content":{"rendered":"<header id=\"startArticle\">\n<div class=\"article-header\"><\/div>\n<\/header>\n<section class=\"articleContent main-content\">\n<div class=\"teaser-in-article\">\n<div class=\"edged\">\n<div class=\"item first-item w2 picture\">\n<figure>\n<div><\/div><figcaption><em>L&rsquo;imam biennois\u00a0Imam Abu Ramadan appelle \u00e0 an\u00e9antir les autres religions.\u00a0<\/em><cite class=\"source\">(Rundschau)<\/cite><\/figcaption><\/figure>\n<\/div>\n<\/div>\n<\/div>\n<p>&nbsp;<\/p>\n<p>&nbsp;<\/p>\n<p class=\"lead-text\"><strong>Scandale autour d\u2019un imam \u00e0 Bienne. Le Libyen de 64 ans est soup\u00e7onn\u00e9 de tenir des propos haineux lors de ses pr\u00eaches dans une mosqu\u00e9e de cette ville du canton de Berne. De plus, il est accus\u00e9 d\u2019abuser de l\u2019aide sociale, selon une information de trois m\u00e9dias al\u00e9maniques. Les autorit\u00e9s pourraient prendre des mesures contre lui.\u00a0<\/strong><\/p>\n<p>\u00abOh Allah, je te prie d&rsquo;an\u00e9antir les ennemis de notre religion, d&rsquo;an\u00e9antir les juifs, les chr\u00e9tiens, les Russes, les chiites, je te demande de les an\u00e9antir tous et de rendre \u00e0 l&rsquo;islam son ancienne gloire\u00bb, aurait r\u00e9cemment d\u00e9clar\u00e9 l&rsquo;imam libyen Abu Ramadan, qui officie occasionnellement dans la mosqu\u00e9e Ar&rsquo;Rahman de Bienne.<\/p>\n<p>L\u2019homme, domicili\u00e9 dans la commune voisine de Nidau, percevait \u00e9galement l\u2019aide sociale. Il aurait touch\u00e9 \u00e0 ce titre 600&rsquo;000 francs au cours des treize derni\u00e8res ann\u00e9es. L\u2019affaire a \u00e9t\u00e9 r\u00e9v\u00e9l\u00e9e par les quotidiens Bund et Tages-Anzeiger, ainsi que l&rsquo;\u00e9mission Rundschau de la t\u00e9l\u00e9vision suisse al\u00e9manique SRF.<\/p>\n<div class=\"teaser-in-article\"><\/div>\n<h2><strong>Retrait du statut de r\u00e9fugi\u00e9<\/strong><\/h2>\n<p>Originaire de Libye, l\u2019imam est arriv\u00e9 en Suisse en 1998, poursuivi dans son pays pour islamisme. Il a re\u00e7u l&rsquo;asile et est aujourd&rsquo;hui au b\u00e9n\u00e9fice d&rsquo;un permis C.<\/p>\n<p>Le Secr\u00e9tariat d&rsquo;Etat aux migrations (SEM) a accord\u00e9 \u00e0 l&rsquo;imam le statut de r\u00e9fugi\u00e9 en 2001, a pr\u00e9cis\u00e9 le canton de Berne. <strong>Mais le 3 ao\u00fbt dernier, le SEM a d\u00e9cid\u00e9 de r\u00e9voquer l&rsquo;asile et de lui retirer la qualit\u00e9 de r\u00e9fugi\u00e9, car il s&rsquo;est rendu plusieurs fois dans son pays et serait en possession d&rsquo;un passeport libyen.<\/strong><\/p>\n<p>D\u00e8s que la d\u00e9cision du SEM sera entr\u00e9e en force, l&rsquo;homme ne sera plus soumis au droit d&rsquo;asile, mais aux dispositions de la loi sur les \u00e9trangers. D\u00e8s lors, le canton de Berne entend examiner les \u00abmesures qui s&rsquo;imposent\u00bb. Cet imam b\u00e9n\u00e9ficie d&rsquo;un permis d&rsquo;\u00e9tablissement C.<\/p>\n<div class=\"floatWrapper show-for-small-up\"><\/div>\n<h2><strong>Plainte p\u00e9nale?<\/strong><\/h2>\n<p>Les autorit\u00e9s de la Ville de Bienne \u00e9tudient la possibilit\u00e9 de d\u00e9poser une plainte p\u00e9nale contre l\u2019imam ou d&rsquo;une intervention directe dans la mosqu\u00e9e. Elles ont eu connaissance de ce cas le 11 ao\u00fbt, a expliqu\u00e9 Beat Feurer, directeur de l&rsquo;action sociale et de la s\u00e9curit\u00e9.<\/p>\n<p>L&rsquo;imam tire profit de la soci\u00e9t\u00e9 lib\u00e9rale pour \u00absemer la discorde\u00bb, a affirm\u00e9 Erich Fehr, maire de la ville. A la question de savoir si un retrait de son autorisation d&rsquo;\u00e9tablissement s&rsquo;impose, l&rsquo;\u00e9lu socialiste a r\u00e9pondu: \u00abNous en sommes tous convaincus\u00bb. Il estime qu\u2019une formation en Suisse pourrait reconnecter certains imams \u00e0 la situation des musulmans qui vivent dans le pays.<\/p>\n<h2><strong>Pr\u00e9vention de l\u2019extr\u00e9misme<\/strong><\/h2>\n<p>A Bienne, Beat Feurer a charg\u00e9 le groupe de sp\u00e9cialistes pour la pr\u00e9vention de l&rsquo;extr\u00e9misme et de la violence d&rsquo;effectuer les v\u00e9rifications n\u00e9cessaires et de proposer des mesures concr\u00e8tes. Les autorit\u00e9s annonceront par ailleurs ce vendredi la cr\u00e9ation d&rsquo;un organe de contact pour la pr\u00e9vention de l&rsquo;extr\u00e9misme et de la violence.<\/p>\n<\/section>\n<p><a href=\"https:\/\/www.swissinfo.ch\/fre\/extr%C3%A9misme_un-imam-pr%C3%AAchant-la-haine-%C3%A0-bienne-re%C3%A7oit-l-aide-sociale\/43465452\"><strong>Swiss Info<\/strong><\/a><\/p>\n","protected":false},"excerpt":{"rendered":"<p>L&rsquo;imam biennois\u00a0Imam Abu Ramadan appelle \u00e0 an\u00e9antir les autres religions.\u00a0(Rundschau) &nbsp; &nbsp; Scandale autour d\u2019un imam \u00e0 Bienne. Le Libyen de 64 ans est soup\u00e7onn\u00e9 de tenir des propos haineux lors de ses pr\u00eaches dans une mosqu\u00e9e de cette ville du canton de Berne. De plus, il est accus\u00e9 d\u2019abuser de l\u2019aide sociale, selon une<\/p>\n","protected":false},"author":164,"featured_media":24030,"comment_status":"open","ping_status":"open","sticky":false,"template":"","format":"standard","meta":{"_uf_show_specific_survey":0,"_uf_disable_surveys":false,"footnotes":""},"categories":[37],"tags":[],"class_list":{"0":"post-24026","1":"post","2":"type-post","3":"status-publish","4":"format-standard","5":"has-post-thumbnail","7":"category-alaune-fr"},"aioseo_notices":[],"_links":{"self":[{"href":"https:\/\/middleeasttransparent.com\/fr\/wp-json\/wp\/v2\/posts\/24026","targetHints":{"allow":["GET"]}}],"collection":[{"href":"https:\/\/middleeasttransparent.com\/fr\/wp-json\/wp\/v2\/posts"}],"about":[{"href":"https:\/\/middleeasttransparent.com\/fr\/wp-json\/wp\/v2\/types\/post"}],"author":[{"embeddable":true,"href":"https:\/\/middleeasttransparent.com\/fr\/wp-json\/wp\/v2\/users\/164"}],"replies":[{"embeddable":true,"href":"https:\/\/middleeasttransparent.com\/fr\/wp-json\/wp\/v2\/comments?post=24026"}],"version-history":[{"count":0,"href":"https:\/\/middleeasttransparent.com\/fr\/wp-json\/wp\/v2\/posts\/24026\/revisions"}],"wp:featuredmedia":[{"embeddable":true,"href":"https:\/\/middleeasttransparent.com\/fr\/wp-json\/wp\/v2\/media\/24030"}],"wp:attachment":[{"href":"https:\/\/middleeasttransparent.com\/fr\/wp-json\/wp\/v2\/media?parent=24026"}],"wp:term":[{"taxonomy":"category","embeddable":true,"href":"https:\/\/middleeasttransparent.com\/fr\/wp-json\/wp\/v2\/categories?post=24026"},{"taxonomy":"post_tag","embeddable":true,"href":"https:\/\/middleeasttransparent.com\/fr\/wp-json\/wp\/v2\/tags?post=24026"}],"curies":[{"name":"wp","href":"https:\/\/api.w.org\/{rel}","templated":true}]}}