{"id":23868,"date":"2017-08-21T18:13:28","date_gmt":"2017-08-21T17:13:28","guid":{"rendered":"http:\/\/middleeasttransparent.com\/?p=23868"},"modified":"2017-08-21T18:21:00","modified_gmt":"2017-08-21T17:21:00","slug":"120e-anniversaire-premier-congres-sioniste","status":"publish","type":"post","link":"https:\/\/middleeasttransparent.com\/fr\/120e-anniversaire-premier-congres-sioniste\/","title":{"rendered":"120e anniversaire du premier congr\u00e8s sioniste"},"content":{"rendered":"<header id=\"startArticle\">\n<div class=\"article-header\">\n<div class=\"row padding-small\">\n<div class=\"small-12 large-8 medium-10 columns medium-centered large-centered\">\n<h2>La r\u00e9action des Juifs de Suisse a \u00e9t\u00e9 typiquement suisse<\/h2>\n<p>&nbsp;<\/p>\n<div class=\"row margin-small-bottom\"><\/div>\n<address><strong>Jonathan Kreutner*<\/strong><\/address>\n<address>\u00a0<\/address>\n<\/div>\n<\/div>\n<\/div>\n<\/header>\n<section class=\"articleContent main-content\">\n<p class=\"lead-text\"><strong>Il y a 120 ans, le premier Congr\u00e8s sioniste avait lieu \u00e0 B\u00e2le. Cet \u00e9v\u00e9nement posa les fondements de la cr\u00e9ation de l\u2019Etat d\u2019Isra\u00ebl. Au d\u00e9but, les Juifs suisses sont rest\u00e9s plut\u00f4t neutres face \u00e0 ce projet. Auteur invit\u00e9, Jonathan Kreutner explique quels \u00e9v\u00e9nements de cette p\u00e9riode ont influenc\u00e9 et d\u00e9terminent aujourd\u2019hui encore le regard pos\u00e9 sur le sionisme et Isra\u00ebl.<\/strong><\/p>\n<div class=\"floatWrapper hide-for-small\">\n<div class=\"teaser-in-article floatRight\">\n<div class=\"item picture\" style=\"text-align: center;\">\n<figure>\n<div><img decoding=\"async\" class=\"var-2x3 aligncenter\" title=\"Theodor Herzl (Schweizerischer Israelitischer Gemeindebund)\" src=\"https:\/\/www.swissinfo.ch\/image\/43449552\/2x3\/305\/458\/9c3a5d80271d8df4dfec8109215da8b4\/IJ\/herzl-jpg.jpg\" alt=\"Theodor Herzli\" \/><\/div><figcaption class=\"op-medium\"><em>Theodor Herzl<cite class=\"source\">(Schweizerischer Israelitischer Gemeindebund)<\/cite><\/em><\/figcaption><figcaption class=\"op-medium\"><em><cite class=\"source\">\u00a0 \u00a0\u00a0<\/cite>\u00abA B\u00e2le, j&rsquo;ai fond\u00e9 l&rsquo;Etat juif. Lorsque je le proclame aujourd&rsquo;hui, on me r\u00e9pond par un rire universel. Dans cinq ans peut-\u00eatre, mais au plus tard dans 50, tout le monde le verra.\u00bb\u00a0Theodor Herzl, 1897<\/em><\/figcaption><figcaption><\/figcaption><\/figure>\n<\/div>\n<\/div>\n<\/div>\n<p>&nbsp;<\/p>\n<p>Le sionisme: rarement un mot aura \u00e9t\u00e9 aussi mal compris ou utilis\u00e9 \u00e0 si mauvais escient. \u00abSioniste\u00bb est souvent employ\u00e9 \u00e0 tort comme synonyme de juif ou d\u2019isra\u00e9lien. Les conspirationnistes se complaisent pour leur part \u00e0 \u00e9voquer un \u00abcomplot sioniste mondial\u00bb. Et maintenant, de nombreuses personnes n\u2019y comprennent plus rien parce que les Juifs suisses c\u00e9l\u00e8brent le 120e anniversaire du premier Congr\u00e8s sioniste. Pourquoi f\u00eater cet anniversaire puisqu\u2019ils sont citoyens suisses et non isra\u00e9liens? Quels rapports entretiennent-ils avec Isra\u00ebl et quels liens ont-ils avec le sionisme?<\/p>\n<h2>Un mouvement nationaliste parmi d\u2019autres<\/h2>\n<p>Les malentendus autour du terme \u00absionisme\u00bb sont faciles \u00e0 dissiper. Le sionisme a \u00e9t\u00e9 un mouvement nationaliste d\u00e9mocratique comme bien d\u2019autres \u00e0 la fin du 19<sup>e<\/sup>\u00a0si\u00e8cle \u2013 un parmi d\u2019autres, ni plus ni moins. La diff\u00e9rence \u00e9tant qu\u2019il s\u2019est choisi un nom &#8211; le sionisme, pr\u00e9cis\u00e9ment.<\/p>\n<p>Son but \u00e9tait de donner un territoire national aux Juifs \u00e0 la suite de l\u2019effondrement des espoirs que les valeurs des Lumi\u00e8res et une meilleure connaissance du juda\u00efsme mettraient fin \u00e0 l\u2019antis\u00e9mitisme. Au contraire, de nouvelles id\u00e9es hostiles se r\u00e9pandaient. Par exemple, celle qui voulait que les Juifs ne puissent jamais s\u2019int\u00e9grer aux soci\u00e9t\u00e9s europ\u00e9ennes parce qu\u2019ils constituaient une \u00abrace inf\u00e9rieure\u00bb, comme le pr\u00e9tendaient les pr\u00e9curseurs de cet antis\u00e9mitisme \u00abmoderne\u00bb en invoquant des arguments pseudo-scientifiques.<\/p>\n<p>En France, l\u2019antis\u00e9mitisme a atteint son sommet lors de l\u2019affaire Dreyfus, du nom du capitaine Alfred Dreyfus faussement accus\u00e9 de trahison. Le v\u00e9ritable motif de ses accusateurs \u00e9tait l\u2019antis\u00e9mitisme. En Europe de l\u2019Est, les pogroms contre les Juifs se poursuivaient. Ces \u00e9l\u00e9ments n\u2019avaient fait que renforcer la conviction du pr\u00e9curseur du sionisme Theodor Herzl et de ses compagnons de route que, malgr\u00e9 les efforts des Juifs pour s\u2019int\u00e9grer dans la soci\u00e9t\u00e9 europ\u00e9enne, ils n\u2019avaient plus de patrie et qu\u2019il leur fallait cr\u00e9er leur propre \u00abEtat juif\u00bb.<\/p>\n<h2>Ni pour ni contre: on \u00e9tait neutre<\/h2>\n<p>Pourtant, lorsque Theodor Herzl ouvrit \u00e0 B\u00e2le le premier congr\u00e8s sioniste il y a maintenant exactement 120 ans, les Juifs suisses ont r\u00e9agi avec retenue ou, autrement dit, de mani\u00e8re typiquement suisse. On n\u2019\u00e9tait pas pour le sionisme, mais pas contre non plus. On \u00e9tait neutre. L\u2019ann\u00e9e suivante \u00e0 B\u00e2le, lors du deuxi\u00e8me congr\u00e8s, un sioniste fran\u00e7ais a m\u00eame d\u00e9nonc\u00e9 le \u00abd\u00e9sint\u00e9r\u00eat des Juifs suisses\u00bb pour le sujet.<\/p>\n<div class=\"teaser-in-article\">\n<div class=\"edged\">\n<div class=\"item first-item w2 picture\" style=\"text-align: center;\">\n<figure>\n<div><img decoding=\"async\" class=\"var-3x2 aligncenter\" title=\"Carte remise \u00e0 un participant au Congr\u00e8s, B\u00e2le, 1897. (J\u00fcdisches Museum der Schweiz, Basel)\" src=\"https:\/\/www.swissinfo.ch\/image\/43449072\/3x2\/640\/426\/e3a625a632f7a38bd2a0a5ad4862226d\/GM\/einladung2-jpg.jpg\" alt=\"Einladungskarte\" data-interchange=\"[\/image\/43449072\/3x2\/305\/203\/e3a625a632f7a38bd2a0a5ad4862226d\/uz\/einladung2-jpg.jpg, (img_small)],[\/image\/43449072\/3x2\/640\/426\/e3a625a632f7a38bd2a0a5ad4862226d\/GM\/einladung2-jpg.jpg, (img_medium)]\" data-uuid=\"interchange-j6me1c5r4\" \/><\/div><figcaption class=\"op-medium\"><em>Carte remise \u00e0 un participant au Congr\u00e8s, B\u00e2le, 1897.<cite class=\"source\">(J\u00fcdisches Museum der Schweiz, Basel)<\/cite><\/em><\/figcaption><\/figure>\n<\/div>\n<\/div>\n<\/div>\n<p>&nbsp;<\/p>\n<p>Deux raisons au moins permettent d\u2019expliquer pourquoi au commencement cette id\u00e9e n\u2019enthousiasmait pas les Juifs suisses. D\u2019une part, l\u2019Europe de l\u2019Est et ses pogroms semblaient bien loin et, m\u00eame s\u2019ils y rencontraient aussi un certain antis\u00e9mitisme, la vie des Juifs \u00e9tait plut\u00f4t bonne en Suisse. Une grande partie d\u2019entre eux y \u00e9taient install\u00e9s depuis des si\u00e8cles, ils \u00e9taient bien int\u00e9gr\u00e9s et jouissaient de l\u2019\u00e9galit\u00e9 des droits depuis 1866. D\u2019autre part, ils avaient peur qu\u2019on mette en doute leur loyaut\u00e9. \u00abNous voulons \u00eatre de bons juifs et de bons conf\u00e9d\u00e9r\u00e9s, avait \u00e9crit un m\u00e9decin juif apr\u00e8s le premier congr\u00e8s dans le Israelitischen Wochenblatt, nous ne voulons certainement pas d\u2019une autre patrie.\u00bb<\/p>\n<p style=\"text-align: center;\">\u00abNous voulons \u00eatre de bons juifs et de bons conf\u00e9d\u00e9r\u00e9s.<\/p>\n<p style=\"text-align: center;\">Nous ne voulons certainement pas d\u2019une autre patrie\u00bb<\/p>\n<p>&nbsp;<\/p>\n<h2>La Shoah marqua un tournant<\/h2>\n<p>Dans les ann\u00e9es 30, le d\u00e9veloppement des mouvements antis\u00e9mites tels que le Front national a renforc\u00e9 le nombre de partisans du sionisme parmi les Juifs suisses. De nombreux Juifs fuyant l\u2019Allemagne arrivaient en outre dans le pays, maintenant convaincus de la n\u00e9cessit\u00e9 d\u2019obtenir leur propre Etat. Il fallut toutefois attendre les crimes nazis pour que les id\u00e9es sionistes trouvent un v\u00e9ritable appui en Suisse. Apr\u00e8s la Shoah, plus aucun Juif suisse ne doutait du bien-fond\u00e9 de l\u2019exigence d\u2019un territoire national pour les Juifs.<\/p>\n<p>L\u2019utopie devint r\u00e9alit\u00e9 en 1948 avec la fondation d\u2019Isra\u00ebl. La signification du sionisme changea du jour au lendemain: alors qu\u2019il s\u2019agissait auparavant de fonder un Etat juif, il s\u2019agissait maintenant d\u2019y vivre.<\/p>\n<p>D\u00e8s le d\u00e9but, l\u2019organisation fa\u00eeti\u00e8re des Juifs Suisse, la F\u00e9d\u00e9ration Suisse des communaut\u00e9s isra\u00e9lites (FSCI), a exprim\u00e9 sa solidarit\u00e9 avec l\u2019Etat d\u2019Isra\u00ebl. Quelques heures seulement apr\u00e8s sa proclamation, elle envoya un t\u00e9l\u00e9gramme au Conseil national juif l\u2019assurant de sa totale solidarit\u00e9, comme le note le rapport annuel de la FSCI pour 1948. Elle craignait cependant d\u2019\u00eatre accus\u00e9e de double loyaut\u00e9 et d\u00e9clara publiquement que \u00ables liens religieux, culturels et spirituels puissants\u00bb avec Isra\u00ebl ne changeaient rien aux droits et aux devoirs ainsi qu\u2019\u00e0 \u00abl\u2019amour, la fid\u00e9lit\u00e9 et la loyaut\u00e9\u00bb envers la Suisse.<\/p>\n<h2>Temps difficiles<\/h2>\n<p>Les temps qui suivirent la fondation furent difficiles. Imm\u00e9diatement apr\u00e8s la d\u00e9claration d\u2019ind\u00e9pendance, Isra\u00ebl fut attaqu\u00e9 par les pays environnants. Les Juifs suisses prirent position en faveur du nouvel Etat qui se d\u00e9fendit avec succ\u00e8s contre ces agressions. La guerre des Six Jours en 1967 renfor\u00e7a encore le lien. Plus que toute autre communaut\u00e9 de la diaspora, les Juifs suisses manifest\u00e8rent unanimement leur sympathie qui s\u2019exprima autant sous forme de d\u00e9clarations publiques que de soutiens financiers.<\/p>\n<div class=\"floatWrapper show-for-small-up\">\n<div class=\"teaser-in-article floatRight\">\n<div class=\"item picture\" style=\"text-align: center;\">\n<figure>\n<div><img decoding=\"async\" class=\"var-3x2 aligncenter\" title=\"Theodor Herzl dans l'art contemporain Une exposition organis\u00e9e \u00e0 l'occasion du 120 anniversaire du premier Congr\u00e8s sioniste se tient du 18 ao\u00fbt au 10 septembre 2017 au Mus\u00e9e juif de Suisse\u00a0\u00e0 B\u00e2le. (zvg)\" src=\"https:\/\/www.swissinfo.ch\/image\/43450632\/3x2\/305\/203\/c728aa68ee0b34a5365e51ceda734156\/Vi\/hrzl-10-jpg.jpg\" alt=\"ausstellung\" \/><\/div><figcaption class=\"op-medium\"><em><strong>Theodor Herzl dans l&rsquo;art contemporain<\/strong><\/em><br \/>\n<em>Une exposition organis\u00e9e \u00e0 l&rsquo;occasion du 120 anniversaire du premier Congr\u00e8s sioniste se tient du 18 ao\u00fbt au 10 septembre 2017 au Mus\u00e9e juif de Suisse\u00a0\u00e0 B\u00e2le.<cite class=\"source\">(zvg)<\/cite><\/em><\/figcaption><\/figure>\n<\/div>\n<\/div>\n<\/div>\n<p>&nbsp;<\/p>\n<p>A cette \u00e9poque, une majorit\u00e9 de la population suisse sympathisait encore avec Isra\u00ebl \u2013 ce qui devait changer rapidement. A partir des ann\u00e9es 70, les Juifs suisses furent de plus en plus pr\u00e9occup\u00e9s par l\u2019animosit\u00e9 du public \u00e0 l\u2019\u00e9gard d\u2019Isra\u00ebl et se retrouv\u00e8rent toujours plus souvent contraints de d\u00e9fendre et d\u2019expliquer la politique de l\u2019Etat juif, m\u00eame s\u2019ils ne l\u2019approuvaient pas toujours. Jusqu\u2019\u00e0 la guerre du Liban en 1982, pour ainsi dire aucune voix juive ne s\u2019est \u00e9lev\u00e9 en Suisse pour critiquer Isra\u00ebl. Mais cette ann\u00e9e-l\u00e0, un groupe se forma et formula publiquement ses critiques, exprimant dans la Neue Z\u00fcrcher Zeitung \u00absa consternation face \u00e0 l\u2019intervention isra\u00e9lienne au Liban\u00bb. A cette \u00e9poque, ces voix critiques \u00e9taient r\u00e9unies sous un m\u00eame toit. Et m\u00eame si le groupe ne contestait pas l\u2019id\u00e9e fondamentale du sionisme, \u00e0 savoir que les Juifs devaient avoir leur propre Etat, la majorit\u00e9 des Juifs suisses le consid\u00e9raient avec suspicion.<\/p>\n<h2>Drapeaux isra\u00e9liens br\u00fbl\u00e9s \u00e0 Berne<\/h2>\n<p>La Conf\u00e9rence de paix de Madrid et les accords d\u2019Oslo au d\u00e9but des ann\u00e9es 90 apais\u00e8rent un peu l\u2019hostilit\u00e9 de l\u2019opinion publique contre Isra\u00ebl. Mais l\u2019\u00e9chec des n\u00e9gociations de paix fut suivi par la deuxi\u00e8me intifada, elle-m\u00eame accompagn\u00e9e de grandes vagues de solidarit\u00e9 avec les Palestiniens. Lorsqu\u2019en avril 2002 l\u2019arm\u00e9e isra\u00e9lienne intervint contre des militants palestiniens dans le camp de r\u00e9fugi\u00e9s de J\u00e9nine, l\u2019op\u00e9ration suscita de tr\u00e8s violentes critiques en Suisse. En marge d\u2019une manifestation en faveur de la Palestine \u00e0 Berne, des drapeaux isra\u00e9liens macul\u00e9s de croix gamm\u00e9es furent br\u00fbl\u00e9s devant le Palais f\u00e9d\u00e9ral. La haine contre Isra\u00ebl visa \u00e9galement les Juifs suisses. La FSCI fut submerg\u00e9e par les messages antis\u00e9mites, des graffitis antis\u00e9mites apparurent et des Juifs firent l\u2019objet d\u2019attaques verbales dans la rue. Le magazine juif Tachles titra: \u00abAlerte \u00e0 l\u2019antis\u00e9mitisme en Europe: les temps les plus difficiles depuis la Seconde Guerre mondiale\u00bb. La vague d\u2019antis\u00e9mitisme la plus r\u00e9cente a travers\u00e9 l\u2019Europe en 2014 lors de la guerre de Gaza.<\/p>\n<h2>Les Juifs se disputent \u00e9galement sur la politique isra\u00e9lienne<\/h2>\n<p>Les Juifs suisses ne sont cependant pas responsables de la politique isra\u00e9lienne \u2013 en d\u00e9finitive, la grande majorit\u00e9 d\u2019entre eux ont un passeport suisse et non un passeport isra\u00e9lien. En Suisse, ils votent, participent aux \u00e9lections ainsi qu\u2019aux d\u00e9bats politiques et sociaux, assument leurs responsabilit\u00e9s citoyennes et font \u00e9galement leur service militaire. Ils peuvent avoir des opinions tr\u00e8s contrast\u00e9es sur la politique isra\u00e9lienne, mais la grande majorit\u00e9 d\u2019entre eux sont d\u2019accord pour estimer que les Juifs qui souhaitent vivre dans un Etat juif doivent pouvoir le faire. Le premier congr\u00e8s sioniste a jet\u00e9 les bases pour que cela soit possible. C\u2019est pourquoi les Juifs de Suisse ont de bonnes raisons de c\u00e9l\u00e9brer son 120e anniversaire.<\/p>\n<p>&nbsp;<\/p>\n<\/section>\n<div><img decoding=\"async\" class=\"var-3x2\" title=\"Jonathan Kreutner est secr\u00e9taire g\u00e9n\u00e9ral de la F\u00e9d\u00e9ration Suisse des communaut\u00e9s isra\u00e9lites (FSCI). Historien, il est l\u2019auteur du livre \u00abDie Schweiz und Israel. Auf dem Weg zu einem differenzierten historischen Bewusstsein\u00bb (Chronos).\u00a0 (zvg)\" src=\"https:\/\/www.swissinfo.ch\/image\/43449858\/3x2\/305\/203\/cd4d5c1897fa21c8425be40f6f4e3037\/oz\/joni3-jpg.jpg\" alt=\"Jonathan Kreutner\" \/><\/div>\n<p>* Jonathan Kreutner est secr\u00e9taire g\u00e9n\u00e9ral de la F\u00e9d\u00e9ration Suisse des communaut\u00e9s isra\u00e9lites (FSCI). Historien, il est l\u2019auteur du livre \u00abDie Schweiz und Israel. Auf dem Weg zu einem differenzierten historischen Bewusstsein\u00bb (Chronos).<cite class=\"source\">(zvg)<\/cite><\/p>\n<section class=\"articleContent main-content\">\n<address>Traduit de l&rsquo;allemand par Olivier H\u00fcther<\/address>\n<\/section>\n<address>\u00a0<\/address>\n<address>\u00a0<\/address>\n<address><a href=\"https:\/\/www.swissinfo.ch\/fre\/120e-anniversaire-du-premier-congr%C3%A8s-sioniste-_la-r%C3%A9action-des-juifs-de-suisse-a-%C3%A9t%C3%A9-typiquement-suisse\/43452046\"><strong><em>Swiss Info<\/em><\/strong><\/a><\/address>\n","protected":false},"excerpt":{"rendered":"<p>La r\u00e9action des Juifs de Suisse a \u00e9t\u00e9 typiquement suisse &nbsp; Jonathan Kreutner* \u00a0 Il y a 120 ans, le premier Congr\u00e8s sioniste avait lieu \u00e0 B\u00e2le. Cet \u00e9v\u00e9nement posa les fondements de la cr\u00e9ation de l\u2019Etat d\u2019Isra\u00ebl. Au d\u00e9but, les Juifs suisses sont rest\u00e9s plut\u00f4t neutres face \u00e0 ce projet. Auteur invit\u00e9, Jonathan Kreutner<\/p>\n","protected":false},"author":164,"featured_media":23872,"comment_status":"open","ping_status":"open","sticky":false,"template":"","format":"standard","meta":{"_uf_show_specific_survey":0,"_uf_disable_surveys":false,"footnotes":""},"categories":[37],"tags":[],"class_list":{"0":"post-23868","1":"post","2":"type-post","3":"status-publish","4":"format-standard","5":"has-post-thumbnail","7":"category-alaune-fr"},"aioseo_notices":[],"_links":{"self":[{"href":"https:\/\/middleeasttransparent.com\/fr\/wp-json\/wp\/v2\/posts\/23868","targetHints":{"allow":["GET"]}}],"collection":[{"href":"https:\/\/middleeasttransparent.com\/fr\/wp-json\/wp\/v2\/posts"}],"about":[{"href":"https:\/\/middleeasttransparent.com\/fr\/wp-json\/wp\/v2\/types\/post"}],"author":[{"embeddable":true,"href":"https:\/\/middleeasttransparent.com\/fr\/wp-json\/wp\/v2\/users\/164"}],"replies":[{"embeddable":true,"href":"https:\/\/middleeasttransparent.com\/fr\/wp-json\/wp\/v2\/comments?post=23868"}],"version-history":[{"count":0,"href":"https:\/\/middleeasttransparent.com\/fr\/wp-json\/wp\/v2\/posts\/23868\/revisions"}],"wp:featuredmedia":[{"embeddable":true,"href":"https:\/\/middleeasttransparent.com\/fr\/wp-json\/wp\/v2\/media\/23872"}],"wp:attachment":[{"href":"https:\/\/middleeasttransparent.com\/fr\/wp-json\/wp\/v2\/media?parent=23868"}],"wp:term":[{"taxonomy":"category","embeddable":true,"href":"https:\/\/middleeasttransparent.com\/fr\/wp-json\/wp\/v2\/categories?post=23868"},{"taxonomy":"post_tag","embeddable":true,"href":"https:\/\/middleeasttransparent.com\/fr\/wp-json\/wp\/v2\/tags?post=23868"}],"curies":[{"name":"wp","href":"https:\/\/api.w.org\/{rel}","templated":true}]}}