{"id":2237,"date":"2015-07-14T10:05:11","date_gmt":"2015-07-14T09:05:11","guid":{"rendered":"http:\/\/middleeasttransparent.com\/news\/?p=2237"},"modified":"2024-10-08T21:23:50","modified_gmt":"2024-10-08T20:23:50","slug":"les-deux-marocaines-jugees-pour-leurs-robes-provocantes-ont-ete-innocentees","status":"publish","type":"post","link":"https:\/\/middleeasttransparent.com\/fr\/les-deux-marocaines-jugees-pour-leurs-robes-provocantes-ont-ete-innocentees\/","title":{"rendered":"Les deux Marocaines jug\u00e9es pour leurs robes \u00ab provocantes \u00bb ont \u00e9t\u00e9 innocent\u00e9es"},"content":{"rendered":"<p style=\"text-align: left;\">Deux jeunes femmes marocaines sont sorties en jupes dans la rue, le 28 juin, pour protester<\/p>\n<p>contre l&rsquo;arrestation de deux Marocaines douze jours plus t\u00f4t, car leurs tenues \u00e9taient jug\u00e9es<\/p>\n<p>\u00ab\u00a0contraires aux bonnes m\u0153urs\u00a0\u00bb.<\/p>\n<p>Deux Marocaines arr\u00eat\u00e9es pour \u00ab outrage \u00e0 la pudeur \u00bb il y a un mois parce qu\u2019elles portaient<\/p>\n<p>des robes jug\u00e9es provocantes ont \u00e9t\u00e9 innocent\u00e9es, lundi 13 juillet, par un tribunal \u00e0 Agadir,<\/p>\n<p>selon des sources judiciaires concordantes. Leur affaire avait suscit\u00e9 une vague d\u2019indignation<\/p>\n<p>alors qu\u2019elles encouraient une peine d\u2019un mois \u00e0 deux ans de prison, comme le pr\u00e9voit l\u2019article<\/p>\n<p>483 du code p\u00e9nal.<\/p>\n<p><a href=\"http:\/\/middleeasttransparent.com\/news\/wp-content\/uploads\/2015\/07\/08_ud_dh_robe.jpg\"><img fetchpriority=\"high\" decoding=\"async\" class=\" size-full wp-image-2241 aligncenter\" src=\"http:\/\/middleeasttransparent.com\/news\/wp-content\/uploads\/2015\/07\/08_ud_dh_robe.jpg\" alt=\"08_ud_dh_robe\" width=\"628\" height=\"429\" srcset=\"https:\/\/middleeasttransparent.com\/wp-content\/uploads\/2015\/07\/08_ud_dh_robe.jpg 628w, https:\/\/middleeasttransparent.com\/wp-content\/uploads\/2015\/07\/08_ud_dh_robe-600x410.jpg 600w\" sizes=\"(max-width: 628px) 100vw, 628px\" \/><\/a><\/p>\n<p>\u00ab Cet acquittement est positif et signifie que porter ce type de v\u00eatement n\u2019est pas un crime \u00bb, a<\/p>\n<p>d\u00e9clar\u00e9 la pr\u00e9sidente de la F\u00e9d\u00e9ration de la ligue des droits des femmes (LDDF), Fouzia Assouli.<\/p>\n<p>Les deux jeunes femmes, \u00e2g\u00e9es de 23 et 19 ans, coiffeuses de profession, avaient \u00e9t\u00e9<\/p>\n<p>interpell\u00e9es le 16 juin sur un march\u00e9 d\u2019Inezgane, dans le sud du pays, alors qu\u2019elles se rendaient<\/p>\n<p>\u00e0 leur travail.<\/p>\n<p>D\u2019apr\u00e8s des m\u00e9dias locaux, la police est intervenue apr\u00e8s un rassemblement de personnes qui<\/p>\n<p>protestaient contre leurs tenues \u00ab jug\u00e9es contraires aux bonnes m\u0153urs \u00bb. Apr\u00e8s leur<\/p>\n<p>arrestation, des manifestations avaient notamment eu lieu en r\u00e9action \u00e0 Rabat, Casablanca et<\/p>\n<p>Marrakech sous le slogan \u00ab Mettre une robe n\u2019est pas un crime \u00bb.<\/p>\n<p>\u00ab Une victoire pour l\u2019ensemble de la soci\u00e9t\u00e9 civile \u00bb<\/p>\n<p>Pr\u00e8s de 500 avocats s\u2019\u00e9taient enregistr\u00e9s pour les d\u00e9fendre et plusieurs associations de d\u00e9fense<\/p>\n<p>des droits de l\u2019homme avaient suivi le d\u00e9roulement du proc\u00e8s. \u00ab C\u2019est une victoire non<\/p>\n<p>seulement pour ces deux femmes, mais \u00e9galement pour l\u2019ensemble de la soci\u00e9t\u00e9 civile qui s\u2019est<\/p>\n<p>mobilis\u00e9e \u00bb, a estim\u00e9 Me Houcine Bekkar Sba\u00ef, un avocat de la d\u00e9fense :<\/p>\n<p>\u00ab La pens\u00e9e extr\u00e9miste est inacceptable et personne ne peut s\u2019\u00e9riger en gardien de la religion<\/p>\n<p>et de la morale.\u00bb<\/p>\n<p>Apr\u00e8s cette affaire, la police avait arr\u00eat\u00e9 au d\u00e9but du mois de juillet deux hommes accus\u00e9s<\/p>\n<p>d\u2019avoir agress\u00e9 les deux jeunes femmes. Ils risquent un mois \u00e0 deux ans de prison.<\/p>\n<p style=\"text-align: left;\"><a href=\"http:\/\/www.lemonde.fr\/afrique\/article\/2015\/07\/13\/les-deux-marocaines-jugees-pour-leurs-robes-provocantes-ont-ete-innocentees_4681548_3212.html\">Le Monde<\/a><\/p>\n","protected":false},"excerpt":{"rendered":"<p>Deux jeunes femmes marocaines sont sorties en jupes dans la rue, le 28 juin, pour protester contre l&rsquo;arrestation de deux Marocaines douze jours plus t\u00f4t, car leurs tenues \u00e9taient jug\u00e9es \u00ab\u00a0contraires aux bonnes m\u0153urs\u00a0\u00bb. Deux Marocaines arr\u00eat\u00e9es pour \u00ab outrage \u00e0 la pudeur \u00bb il y a un mois parce qu\u2019elles portaient des robes jug\u00e9es<\/p>\n","protected":false},"author":97,"featured_media":2239,"comment_status":"open","ping_status":"open","sticky":false,"template":"","format":"standard","meta":{"_uf_show_specific_survey":0,"_uf_disable_surveys":false,"footnotes":""},"categories":[22],"tags":[],"class_list":{"0":"post-2237","1":"post","2":"type-post","3":"status-publish","4":"format-standard","5":"has-post-thumbnail","7":"category-actualites-fr"},"aioseo_notices":[],"_links":{"self":[{"href":"https:\/\/middleeasttransparent.com\/fr\/wp-json\/wp\/v2\/posts\/2237","targetHints":{"allow":["GET"]}}],"collection":[{"href":"https:\/\/middleeasttransparent.com\/fr\/wp-json\/wp\/v2\/posts"}],"about":[{"href":"https:\/\/middleeasttransparent.com\/fr\/wp-json\/wp\/v2\/types\/post"}],"author":[{"embeddable":true,"href":"https:\/\/middleeasttransparent.com\/fr\/wp-json\/wp\/v2\/users\/97"}],"replies":[{"embeddable":true,"href":"https:\/\/middleeasttransparent.com\/fr\/wp-json\/wp\/v2\/comments?post=2237"}],"version-history":[{"count":0,"href":"https:\/\/middleeasttransparent.com\/fr\/wp-json\/wp\/v2\/posts\/2237\/revisions"}],"wp:featuredmedia":[{"embeddable":true,"href":"https:\/\/middleeasttransparent.com\/fr\/wp-json\/wp\/v2\/media\/2239"}],"wp:attachment":[{"href":"https:\/\/middleeasttransparent.com\/fr\/wp-json\/wp\/v2\/media?parent=2237"}],"wp:term":[{"taxonomy":"category","embeddable":true,"href":"https:\/\/middleeasttransparent.com\/fr\/wp-json\/wp\/v2\/categories?post=2237"},{"taxonomy":"post_tag","embeddable":true,"href":"https:\/\/middleeasttransparent.com\/fr\/wp-json\/wp\/v2\/tags?post=2237"}],"curies":[{"name":"wp","href":"https:\/\/api.w.org\/{rel}","templated":true}]}}