{"id":22234,"date":"2017-07-03T10:00:08","date_gmt":"2017-07-03T09:00:08","guid":{"rendered":"http:\/\/middleeasttransparent.com\/?p=22234"},"modified":"2017-07-03T10:00:08","modified_gmt":"2017-07-03T09:00:08","slug":"morale-entre-macron-assad","status":"publish","type":"post","link":"https:\/\/middleeasttransparent.com\/fr\/morale-entre-macron-assad\/","title":{"rendered":"La morale entre Macron et Assad"},"content":{"rendered":"<p><b><\/b><strong>La r\u00e9cente prise de position d\u2019Emmanuel Macron \u00e0 l\u2019\u00e9gard de la crise syrienne a surpris tous ceux qui pensaient que le jeune pr\u00e9sident fran\u00e7ais, dont le bagage culturel r\u00e9v\u00e8le un indiscutable humanisme, se laisserait difficilement tenter par le cynisme machiav\u00e9lique du pragmatisme politique<\/strong>. En d\u00e9clarant qu\u2019il ne voyait pas de successeur \u00e0 Bachar el Assad, Emmanuel Macron prend donc acte de son maintien au pouvoir en d\u00e9pit des crimes contre l\u2019humanit\u00e9 dont on accuse le dictateur syrien qui, apparemment, ne s\u2019encombre nullement de principes universels dans son inhumaine cruaut\u00e9 \u00e0 l\u2019\u00e9gard de son peuple.<\/p>\n<p>On se souvient combien le pr\u00e9sident Macron avait pu susciter la sympathie d\u2019une large frange de l\u2019opinion publique internationale, \u00e9c\u0153ur\u00e9e par une mondialisation domin\u00e9e uniquement par le pouvoir des r\u00e9seaux du \u00ab\u00a0<i>corporate-power<\/i>\u00a0\u00bb dont l\u2019esprit entrepreneurial fait fi de toute consid\u00e9rations morale. La jeunesse de Macron \u00e9tait apparue, \u00e0 cet \u00e9gard, comme une brise fra\u00eeche, une promesse que le changement est possible. Quand il avait d\u00e9clar\u00e9 que \u00ab\u00a0<strong>le pr\u00e9sident syrien est l\u2019ennemi de son peuple et non celui de la France<\/strong>\u00a0\u00bb, de nombreux observateurs avaient fronc\u00e9 le sourcil. En affirmant, r\u00e9cemment, qu\u2019il ne voit pas de successeur \u00e0 Assad, sa d\u00e9claration a fait l\u2019effet d\u2019une douche froide \u00e0 tous ceux qui pensaient qu\u2019il \u00e9tait encore possible de moraliser un tant soit peu la politique internationale \u00e0 l\u2019\u00e9gard de la Syrie.<\/p>\n<p>Commentant ce d\u00e9veloppement, Farouk Mardam Bey r\u00e9pond indirectement \u00e0 Macron\u00a0: \u00ab\u00a0Bachar el Assad n\u2019est pas seulement l\u2019ennemi du peuple syrien mais de l\u2019humanit\u00e9\u00a0\u00bb. Par-l\u00e0, le grand lettr\u00e9 syrien souhaite insister sur le fait que la crise syrienne impose \u00e0 tout observateur, \u00e0 tout \u00eatre humain en r\u00e9alit\u00e9, le pr\u00e9requis d\u2019une attitude morale avant toute prise de position politique. Au-del\u00e0 de telles consid\u00e9rations, la formule lapidaire de Farouk Mardam Bey rappelle qu\u2019il existe une seule et unique humanit\u00e9 et qu\u2019on ne peut exclure le peuple de Syrie de la grande famille humaine et de ses valeurs dites universelles.<\/p>\n<p>Jamais, comme dans le cas de la trag\u00e9die syrienne, le rapport ambigu entre morale et politique ne s\u2019\u00e9tait r\u00e9v\u00e9l\u00e9 comme un insoluble dilemme. A vouloir incarner la puret\u00e9 morale dans l\u2019ordre politique, on risque de tomber dans la terreur ou, \u00e0 d\u00e9faut, de paralyser la politique en la rendant impuissante. La morale se soucie de la vertu de la personne dans sa conformit\u00e9 au bien\u00a0; alors que la politique a pour souci le bien public qui est loin d\u2019\u00eatre confondu avec le bien moral ou le souverain bien.<\/p>\n<p>D\u00e8s lors, la prise de position de Macron, qui m\u00e9nage sans doute les int\u00e9r\u00eats de la France, est-elle strictement immorale\u00a0? Dans l\u2019<i>Emile<\/i>, Rousseau avertit\u00a0: \u00ab\u00a0Ceux qui voudront traiter s\u00e9par\u00e9ment la morale et la politique n\u2019entendront jamais rien \u00e0 aucune des deux\u00a0\u00bb. Machiavel, quant \u00e0 lui, insiste sur le fait que le bien politique est fond\u00e9 sur un mal dans la mesure o\u00f9 il utilise la violence et o\u00f9 il d\u00e9ploie une lutte f\u00e9roce entre les pr\u00e9tendants au pouvoir. En d\u00e9pit ou \u00e0 cause de cela, le pouvoir politique est en mesure \u00ab\u00a0d\u2019instaurer certaines mesures que nous cautionnons moralement\u00a0\u00bb (S. Manon). S\u2019il arrive qu\u2019une \u00ab\u00a0belle \u00e2me\u00a0\u00bb dirige une cit\u00e9 en demeurant soucieuse de garder ses mains pures, elle risque fort de tomber dans l\u2019ang\u00e9lisme b\u00e9at et de ne rien changer au monde en refusant d\u2019empoigner les \u00e9pines et les ronces du r\u00e9el, car comme le dit Max Weber \u00ab\u00a0l\u2019homme d\u2019action se compromet avec des puissances diaboliques qui sont aux aguets dans toute violence\u00a0\u00bb.<\/p>\n<p>Il est sans doute n\u00e9cessaire d\u2019exiger de quiconque, y compris de l\u2019homme Emmanuel Macron, de juger moralement et \u00e0 titre individuel la trag\u00e9die syrienne avant toute prise de position politique. Cependant, il serait maladroit d\u2019exiger du pr\u00e9sident de la r\u00e9publique fran\u00e7aise d\u2019aborder la trag\u00e9die syrienne par le seul biais du bien moral.<\/p>\n<p>Mais ceci ne dispense absolument pas l\u2019homme politique, fut-il Emmanuel Macron, d\u2019un principe intangible dans l\u2019exercice de ses fonctions publiques, tant en mati\u00e8re de politique int\u00e9rieure qu\u2019ext\u00e9rieure. Il s\u2019agit du principe de justice et de la r\u00e8gle d\u2019\u00e9quit\u00e9 qui en d\u00e9coule. Aucun homme politique ne peut se payer le luxe de faire l\u2019\u00e9conomie de ces deux notions fondamentales s\u2019il ne veut pas tomber dans un cynisme machiav\u00e9lique immoral.<\/p>\n<p>C\u2019est pourquoi, face \u00e0 la trag\u00e9die des peuples plong\u00e9s dans le malheur, il faut d\u2019abord se montrer \u00e9quitable et leur rendre justice. Dans le cas de la Syrie, rendre \u00e9quitablement justice au peuple syrien commence par la condamnation, au moins verbale, du pr\u00e9sident Assad pour ses crimes contre l\u2019humanit\u00e9.<\/p>\n<p>acourban@gmail.com<\/p>\n<p>* Beyrouth<\/p>\n","protected":false},"excerpt":{"rendered":"<p>La r\u00e9cente prise de position d\u2019Emmanuel Macron \u00e0 l\u2019\u00e9gard de la crise syrienne a surpris tous ceux qui pensaient que le jeune pr\u00e9sident fran\u00e7ais, dont le bagage culturel r\u00e9v\u00e8le un indiscutable humanisme, se laisserait difficilement tenter par le cynisme machiav\u00e9lique du pragmatisme politique. En d\u00e9clarant qu\u2019il ne voyait pas de successeur \u00e0 Bachar el Assad,<\/p>\n","protected":false},"author":33,"featured_media":22239,"comment_status":"open","ping_status":"open","sticky":false,"template":"","format":"standard","meta":{"_uf_show_specific_survey":0,"_uf_disable_surveys":false,"footnotes":""},"categories":[25],"tags":[],"class_list":{"0":"post-22234","1":"post","2":"type-post","3":"status-publish","4":"format-standard","5":"has-post-thumbnail","7":"category-decryptages"},"aioseo_notices":[],"_links":{"self":[{"href":"https:\/\/middleeasttransparent.com\/fr\/wp-json\/wp\/v2\/posts\/22234","targetHints":{"allow":["GET"]}}],"collection":[{"href":"https:\/\/middleeasttransparent.com\/fr\/wp-json\/wp\/v2\/posts"}],"about":[{"href":"https:\/\/middleeasttransparent.com\/fr\/wp-json\/wp\/v2\/types\/post"}],"author":[{"embeddable":true,"href":"https:\/\/middleeasttransparent.com\/fr\/wp-json\/wp\/v2\/users\/33"}],"replies":[{"embeddable":true,"href":"https:\/\/middleeasttransparent.com\/fr\/wp-json\/wp\/v2\/comments?post=22234"}],"version-history":[{"count":0,"href":"https:\/\/middleeasttransparent.com\/fr\/wp-json\/wp\/v2\/posts\/22234\/revisions"}],"wp:featuredmedia":[{"embeddable":true,"href":"https:\/\/middleeasttransparent.com\/fr\/wp-json\/wp\/v2\/media\/22239"}],"wp:attachment":[{"href":"https:\/\/middleeasttransparent.com\/fr\/wp-json\/wp\/v2\/media?parent=22234"}],"wp:term":[{"taxonomy":"category","embeddable":true,"href":"https:\/\/middleeasttransparent.com\/fr\/wp-json\/wp\/v2\/categories?post=22234"},{"taxonomy":"post_tag","embeddable":true,"href":"https:\/\/middleeasttransparent.com\/fr\/wp-json\/wp\/v2\/tags?post=22234"}],"curies":[{"name":"wp","href":"https:\/\/api.w.org\/{rel}","templated":true}]}}