{"id":2193,"date":"2015-07-12T22:05:00","date_gmt":"2015-07-12T21:05:00","guid":{"rendered":"http:\/\/middleeasttransparent.com\/news\/?p=2193"},"modified":"2024-10-08T21:23:51","modified_gmt":"2024-10-08T20:23:51","slug":"nucleaire-iranien-la-peur-de-signer","status":"publish","type":"post","link":"https:\/\/middleeasttransparent.com\/fr\/nucleaire-iranien-la-peur-de-signer\/","title":{"rendered":"Nucl\u00e9aire iranien : la peur de signer"},"content":{"rendered":"<div id=\"article-header\">\n<div id=\"article-author\">\n<p><a href=\"http:\/\/www.lejdd.fr\/International\/Moyen-Orient\/Nucleaire-iranien-la-peur-de-signer-742002\"><strong>Fran\u00e7ois Clemenceau &#8211; Le Journal du Dimanche<\/strong><\/a><\/p>\n<\/div>\n<p class=\"size-10\"><strong> Les tractations finales sur le dossier du nucl\u00e9aire iranien coincent d\u00e9sormais sur ce qu\u2019il y a de plus politique : la confiance dans une R\u00e9publique islamique plus forte. <\/strong><\/p>\n<\/div>\n<div id=\"article-body\">\n<div id=\"article-content\">\n<p class=\"size-10\">\u00ab\u00a0On ne peut plus politiquement prolonger ces discussions.\u00a0\u00bb Cette remarque de l&rsquo;un des n\u00e9gociateurs europ\u00e9ens \u00e0 Vienne en dit long sur la guerre des nerfs qui se joue depuis vendredi soir. Les diplomates et les ministres, qui n\u00e9gocient depuis quinze jours sans interruption, sont \u00e9puis\u00e9s. Le document final est boucl\u00e9 \u00e0 95% et il ne resterait donc que quelques m\u00e8tres \u00e0 parcourir avant la ligne d&rsquo;arriv\u00e9e. Les plus durs, ceux qui engagent vraiment. \u00ab\u00a0C&rsquo;est donc l&rsquo;heure des choix ultimes\u00a0\u00bb, confie au <i>JDD<\/i> notre source.<\/p>\n<p class=\"size-10\">De quoi parle-t-on? Bien s\u00fbr, encore et toujours de la rapidit\u00e9 avec laquelle les sanctions seront lev\u00e9es en cas d&rsquo;accord. Il y aurait un consensus sur la lev\u00e9e imm\u00e9diate des sanctions \u00e9conomiques et financi\u00e8res. Mais pas encore sur celles qui concernent directement la prolif\u00e9ration nucl\u00e9aire.<\/p>\n<h2>L&rsquo;\u00e9pineux dossier de l&#8217;embargo sur les armes conventionnelles<\/h2>\n<p class=\"size-10\">Il y a un autre dossier \u00e9pineux, qui avait \u00e9t\u00e9 gard\u00e9 pour la fin parce que chacun le savait sensible. Il concerne l&#8217;embargo sur les armes conventionnelles. Les Iraniens ont toujours r\u00e9clam\u00e9 la fin de cette interdiction d&rsquo;acheter et d&rsquo;exporter de l&rsquo;armement offensif. Les Occidentaux estiment \u00ab\u00a0d\u00e9licat\u00a0\u00bb de voir l&rsquo;Iran se r\u00e9armer \u00e0 l&rsquo;heure o\u00f9 le Moyen-Orient, de l&rsquo;Irak au Y\u00e9men, est en plein chaos. Mais les Russes et les Chinois soutiennent l&rsquo;Iran puisqu&rsquo;ils sont aussi ses premiers fournisseurs\u2026<\/p>\n<p class=\"size-10\">\u00ab\u00a0En diabolisant l&rsquo;Iran pendant des ann\u00e9es, on a oubli\u00e9 qu&rsquo;on avait surestim\u00e9 son potentiel militaire\u00a0\u00bb, estime Pierre Razoux, enseignant \u00e0 Sciences-Po et auteur de <i>La Guerre Iran-Irak<\/i> (Perrin). \u00ab\u00a0Mais en fait, c&rsquo;est une arm\u00e9e \u00e0 bout de souffle dont les mat\u00e9riels les plus modernes datent des ann\u00e9es\u00a01990.\u00a0\u00bb Si demain l&#8217;embargo \u00e9tait finalement lev\u00e9, l&rsquo;Iran pourrait enfin moderniser son arm\u00e9e, d&rsquo;autant plus facilement que la fin des sanctions \u00e9conomiques lui donnerait suffisamment de moyens financiers pour s&rsquo;y employer.<\/p>\n<p class=\"size-10\">Dans quel but? Dans quel environnement strat\u00e9gique? C&rsquo;est bien l&rsquo;Iran de demain qui se dessine \u00e0 Vienne.<a href=\"http:\/\/www.lejdd.fr\/International\/Terrorisme-Jusqu-ou-ira-l-Etat-islamique-739782\" target=\"_blank\" rel=\"noopener\">\u00a0Les victoires de Daech en Irak et en Syrie<\/a> l&rsquo;an dernier ont en effet radicalement chang\u00e9 la donne. Vendredi, lors de la \u00ab\u00a0Journ\u00e9e mondiale Al-Qods\u00a0\u00bb de soutien au peuple palestinien, les slogans iraniens n&rsquo;ont plus <a href=\"http:\/\/www.lejdd.fr\/International\/Proche-Orient\/Depuis-le-Sinai-Daech-menace-l-Egypte-et-Gaza-740554\" target=\"_blank\" rel=\"noopener\">seulement stigmatis\u00e9 Isra\u00ebl<\/a>, \u00ab\u00a0l&rsquo;ennemi sioniste\u00a0\u00bb, mais \u00e9galement \u00ab\u00a0le fondamentalisme\u00a0\u00bb. L&rsquo;Iran se veut donc en premi\u00e8re ligne face \u00e0 la barbarie de Daech mais aussi contre l&rsquo;Arabie saoudite, accus\u00e9e de \u00ab\u00a0martyriser\u00a0\u00bb les houthistes chiites du Y\u00e9men. Ce que cela signifie pour les Occidentaux? Un changement de priorit\u00e9s. Tous unis contre Daech. Mais pas \u00e0 n&rsquo;importe quel prix. D&rsquo;o\u00f9 la r\u00e9assurance offerte par la France \u00e0 ses amis du Golfe.<\/p>\n<h2>\u00ab\u00a0Tout le monde a int\u00e9r\u00eat \u00e0 cet accord\u00a0\u00bb<\/h2>\n<p class=\"size-10\">On s&rsquo;inqui\u00e8te aussi du \u00ab\u00a0pouvoir de nuisance\u00a0\u00bb de ceux qui, \u00e0 T\u00e9h\u00e9ran, voudraient torpiller un \u00e9ventuel accord de Vienne d\u00e8s lors qu&rsquo;il serait consid\u00e9r\u00e9 comme une capitulation susceptible de remettre en question les acquis de la r\u00e9volution islamique. Raison pour laquelle la d\u00e9l\u00e9gation iranienne \u00e0 Vienne donne tous les gages n\u00e9cessaires pour prouver qu&rsquo;elle se sera battue jusqu&rsquo;au bout.<\/p>\n<p class=\"size-10\">\u00ab\u00a0Ils l\u00e2cheront au dernier moment\u00a0\u00bb, pronostique d&rsquo;ailleurs un expert de l&rsquo;Iran, au c\u0153ur du \u00addossier. \u00ab\u00a0Tout comme nous, d&rsquo;ailleurs, car tout le monde a int\u00e9r\u00eat \u00e0 cet accord et parce que les \u00c9tats-Unis ainsi que l&rsquo;Agence internationale de l&rsquo;\u00e9nergie atomique sont devenus les garants s\u00e9rieux de ce deal.\u00a0\u00bb Pourtant, samedi, un d\u00e9l\u00e9gu\u00e9 iranien \u00e0 Vienne pr\u00e9venait que l&rsquo;Iran n&rsquo;avait \u00ab\u00a0plus de limite dans le temps\u00a0\u00bb pour parvenir \u00e0 l&rsquo;accord.<\/p>\n<p class=\"size-10\">Ultime pression pour obliger le partenaire \u00e0 signer, ou prise en compte d&rsquo;un autre facteur tr\u00e8s discut\u00e9 depuis des semaines, la remont\u00e9e des cours du p\u00e9trole? Frapp\u00e9 par les sanctions, l&rsquo;Iran se d\u00e9bat pour vendre ce qu&rsquo;il est autoris\u00e9 \u00e0 exporter, mais \u00e0 des prix trop bas pour soutenir son \u00e9conomie. Si les prix mondiaux repartaient \u00e0 la hausse, T\u00e9h\u00e9ran pourrait se permettre de redresser la t\u00eate et donc faire tra\u00eener la n\u00e9gociation avec les Occidentaux. \u00ab\u00a0Il se trouve que les Saoudiens ont int\u00e9r\u00eat maintenant \u00e0 faire remonter les prix\u00a0\u00bb, diagnostique Pierre Razoux, pour qui le royaume a besoin de \u00ab\u00a0calmer le jeu\u00a0\u00bb face \u00e0 des tensions internes et dans le contexte d&rsquo;une guerre au Y\u00e9men qui s&rsquo;\u00e9ternise.<\/p>\n<h2>Une pression \u00e9conomique et commerciale<\/h2>\n<p class=\"size-10\">Reste la pression \u00e9conomique et commerciale exerc\u00e9e sur les n\u00e9gociateurs \u00e0 Vienne. La lev\u00e9e des sanctions contre un pays de 80\u00a0millions de consommateurs <a href=\"http:\/\/www.lejdd.fr\/International\/Iran-les-entreprises-francaises-dans-les-starting-blocks-avant-une-eventuelle-levee-des-sanctions-741816\" target=\"_blank\" rel=\"noopener\">aiguise les app\u00e9tits de toute la plan\u00e8te<\/a>. Les entreprises europ\u00e9ennes du secteur p\u00e9trolier et de l&rsquo;\u00e9quipement sont sur la ligne de d\u00e9part. Le ministre allemand de l&rsquo;\u00c9conomie, Sigmar Gabriel, aurait m\u00eame pr\u00e9vu d&rsquo;\u00eatre le premier europ\u00e9en \u00e0 se rendre \u00e0 T\u00e9h\u00e9ran d\u00e8s que l&rsquo;accord sera sign\u00e9. Quant aux Chinois, aux Indiens, aux Turcs, sans parler des Am\u00e9ricains, tous ont int\u00e9r\u00eat commercialement et strat\u00e9giquement \u00e0 une modernisation du secteur p\u00e9trolier, et surtout gazier, de l&rsquo;Iran.<\/p>\n<p class=\"size-10\">\u00ab\u00a0On ne peut plus revenir en arri\u00e8re, c&rsquo;est trop tard maintenant\u00a0\u00bb, analyse un connaisseur de l&rsquo;Iran. Apr\u00e8s dix ans de tractations<a href=\"http:\/\/www.lejdd.fr\/International\/Moyen-Orient\/VIDEO-Pas-de-bombe-pour-l-Iran-vraiment-738412\" target=\"_blank\" rel=\"noopener\">\u00a0sur le nucl\u00e9aire iranien<\/a> et trois ans de contacts directs entre Iraniens et Am\u00e9ricains, trop de chemin a \u00e9t\u00e9 parcouru pour s&rsquo;abandonner \u00e0 une prolongation du statu quo. Signe des temps, la Section d&rsquo;int\u00e9r\u00eats iraniens \u00e0 Washington a \u00e9t\u00e9 autoris\u00e9e, r\u00e9cemment et discr\u00e8tement, \u00e0 quitter l&rsquo;ambassade du Pakistan qui l&rsquo;h\u00e9bergeait pour se doter de nouveaux locaux. \u00c0 quelques dizaines de m\u00e8tres du d\u00e9partement d&rsquo;\u00c9tat\u2026<\/p>\n<\/div>\n<\/div>\n","protected":false},"excerpt":{"rendered":"<p>Fran\u00e7ois Clemenceau &#8211; Le Journal du Dimanche Les tractations finales sur le dossier du nucl\u00e9aire iranien coincent d\u00e9sormais sur ce qu\u2019il y a de plus politique : la confiance dans une R\u00e9publique islamique plus forte. \u00ab\u00a0On ne peut plus politiquement prolonger ces discussions.\u00a0\u00bb Cette remarque de l&rsquo;un des n\u00e9gociateurs europ\u00e9ens \u00e0 Vienne en dit long<\/p>\n","protected":false},"author":88,"featured_media":2196,"comment_status":"open","ping_status":"open","sticky":false,"template":"","format":"standard","meta":{"_uf_show_specific_survey":0,"_uf_disable_surveys":false,"footnotes":""},"categories":[22],"tags":[],"class_list":{"0":"post-2193","1":"post","2":"type-post","3":"status-publish","4":"format-standard","5":"has-post-thumbnail","7":"category-actualites-fr"},"aioseo_notices":[],"_links":{"self":[{"href":"https:\/\/middleeasttransparent.com\/fr\/wp-json\/wp\/v2\/posts\/2193","targetHints":{"allow":["GET"]}}],"collection":[{"href":"https:\/\/middleeasttransparent.com\/fr\/wp-json\/wp\/v2\/posts"}],"about":[{"href":"https:\/\/middleeasttransparent.com\/fr\/wp-json\/wp\/v2\/types\/post"}],"author":[{"embeddable":true,"href":"https:\/\/middleeasttransparent.com\/fr\/wp-json\/wp\/v2\/users\/88"}],"replies":[{"embeddable":true,"href":"https:\/\/middleeasttransparent.com\/fr\/wp-json\/wp\/v2\/comments?post=2193"}],"version-history":[{"count":0,"href":"https:\/\/middleeasttransparent.com\/fr\/wp-json\/wp\/v2\/posts\/2193\/revisions"}],"wp:featuredmedia":[{"embeddable":true,"href":"https:\/\/middleeasttransparent.com\/fr\/wp-json\/wp\/v2\/media\/2196"}],"wp:attachment":[{"href":"https:\/\/middleeasttransparent.com\/fr\/wp-json\/wp\/v2\/media?parent=2193"}],"wp:term":[{"taxonomy":"category","embeddable":true,"href":"https:\/\/middleeasttransparent.com\/fr\/wp-json\/wp\/v2\/categories?post=2193"},{"taxonomy":"post_tag","embeddable":true,"href":"https:\/\/middleeasttransparent.com\/fr\/wp-json\/wp\/v2\/tags?post=2193"}],"curies":[{"name":"wp","href":"https:\/\/api.w.org\/{rel}","templated":true}]}}