{"id":21688,"date":"2017-06-07T11:11:03","date_gmt":"2017-06-07T10:11:03","guid":{"rendered":"http:\/\/middleeasttransparent.com\/?p=21688"},"modified":"2017-06-07T11:11:03","modified_gmt":"2017-06-07T10:11:03","slug":"compte-a-rebours-vide-institutionnel-a-commence","status":"publish","type":"post","link":"https:\/\/middleeasttransparent.com\/fr\/compte-a-rebours-vide-institutionnel-a-commence\/","title":{"rendered":"Le compte \u00e0 rebours avant le vide institutionnel a commenc\u00e9"},"content":{"rendered":"<div class=\"toolbox\">\n<h3>Il semble que les forces politiques sont d&rsquo;accord sur au moins deux choses\u00a0: non \u00e0 l&rsquo;application de la loi \u00e9lectorale de 1960, non \u00e9galement au vide institutionnel. C&rsquo;est du moins ce que mart\u00e8lent les principales forces chr\u00e9tiennes qui jurent leurs grands dieux qu&rsquo;il n&rsquo;y aura ni retour \u00e0 la loi de 1960 ni vide institutionnel, sous quelque pr\u00e9texte que ce soit.<\/h3>\n<p>&nbsp;<\/p>\n<\/div>\n<div class=\"text\">\n<p>Le Premier ministre Saad Hariri s&rsquo;est quant \u00e0 lui engag\u00e9 \u00e0 faire en sorte que son gouvernement ne valide pas plus tard que cette semaine le projet de loi \u00e9lectorale actuellement en discussion. Le cas \u00e9ch\u00e9ant, la patate chaude sera renvoy\u00e9e au Parlement qui sera alors dans l&rsquo;obligation d&rsquo;assumer ses responsabilit\u00e9s afin de barrer la route \u00e0 un \u00e9ventuel vide institutionnel et de voter une loi \u00e9lectorale nouvelle, pour ne plus avoir recours \u00e0 la loi de 1960.<\/p>\n<div class=\"advertisement\"><\/div>\n<p>En pratique, et en cas d&rsquo;\u00e9chec du gouvernement \u00e0 trouver un accord sur ce dossier, ce sont 10 d\u00e9put\u00e9s qui se chargeront de soumettre au Parlement une proposition de loi urgente comprenant les \u00e9l\u00e9ments actuellement examin\u00e9s, \u00e0 savoir\u00a0: <strong>la proportionnelle et 15 circonscriptions \u00e9lectorales<\/strong>. Le pr\u00e9sident de la Chambre Nabih Berry se chargera alors de l&rsquo;exposer aux d\u00e9put\u00e9s le 12 juin prochain pour qu&rsquo;elle soit discut\u00e9e et que les points de d\u00e9saccord \u2013 qui semblent \u00eatre uniquement techniques \u00e0 en croire les d\u00e9clarations des diff\u00e9rents responsables \u2013 soient r\u00e9solus. Le texte devrait \u00eatre ensuite vot\u00e9 par le Parlement puis sign\u00e9 par le pr\u00e9sident de la R\u00e9publique Michel Aoun. C&rsquo;est alors que le gouvernement pourra d\u00e9terminer la date de tenue du scrutin \u00e0 la lumi\u00e8re de la logistique que n\u00e9cessitera la nouvelle loi et du rapport pr\u00e9sent\u00e9 \u00e0 cet effet par le minist\u00e8re de l&rsquo;Int\u00e9rieur au Conseil des ministres.<\/p>\n<p><em>(Lire aussi : <a href=\"https:\/\/www.lorientlejour.com\/article\/1055825\/les-tractations-se-dispersent-dans-des-encheres-de-derniere-minute.html\">Les tractations se dispersent dans des ench\u00e8res de derni\u00e8re minute<\/a>)<\/em><\/p>\n<p>Par ailleurs, et pour ce qui est de la prorogation technique du Parlement, les avis divergent. Le camp du pr\u00e9sident de la R\u00e9publique soutient que celle-ci ne doit pas d\u00e9passer les six mois et que les \u00e9lections doivent imp\u00e9rativement avoir lieu en 2017. Du c\u00f4t\u00e9 du 8 Mars, on estime que tout d\u00e9pend de la capacit\u00e9 du minist\u00e8re de l&rsquo;Int\u00e9rieur \u00e0 organiser le scrutin, puisque la nouvelle loi implique l&rsquo;utilisation des nouvelles technologies mais \u00e9galement un m\u00e9canisme \u00e9lectoral nouveau et complexe. Ce dernier suppose que les employ\u00e9s du minist\u00e8re y soient form\u00e9s au pr\u00e9alable, ce qui, en soi, demande du temps. Il convient de garder \u00e0 l&rsquo;esprit que le syst\u00e8me proportionnel est en soi complexe, notamment dans la mani\u00e8re d&rsquo;effectuer le d\u00e9compte des voix. De plus, plusieurs formules sont actuellement examin\u00e9es et chacune suppose une logistique diff\u00e9rente. Toujours selon le 8 Mars, l&rsquo;accord sur la nouvelle loi est d&rsquo;ores et d\u00e9j\u00e0 acquis, mais certaines parties tentent de saisir l&rsquo;occasion pour faire valider un panier de r\u00e9formes constitutionnelles conform\u00e9ment au texte de l&rsquo;accord constitutionnel de Ta\u00ebf.<\/p>\n<p>En filigrane, figure aussi le d\u00e9saccord presque personnel qui pr\u00e9vaut depuis un moment d\u00e9j\u00e0 entre Nabih Berry et le ministre des Affaires \u00e9trang\u00e8res, Gebran Bassil. Les deux hommes ne se parlent plus, \u00e0 tel point que M. Berry a demand\u00e9 que M. Bassil n&rsquo;accompagne pas Michel Aoun lors de sa visite \u00e0 A\u00efn el-Tin\u00e9 au lendemain de la validation de sa candidature \u00e0 la pr\u00e9sidence par les Forces libanaises. M. Berry ne veut donc plus entendre parler du \u00ab\u00a0panier politique\u00a0\u00bb que Gebran Bassil veut joindre \u00e0 la loi \u00e9lectorale, arguant que \u00ab\u00a0le timing n&rsquo;y est plus favorable\u00a0\u00bb.<\/p>\n<p><em>(Lire aussi : <a href=\"https:\/\/www.lorientlejour.com\/article\/1055604\/linformatisation-du-scrutin-une-fausse-promesse-.html\" target=\"_blank\" rel=\"noopener noreferrer\">L\u00e9gislatives libanaises : l&rsquo;informatisation du scrutin, une fausse promesse ?<\/a>)<\/em><\/p>\n<p>Au sein du Hezbollah, on pense que l&rsquo;important est de ne pas sombrer dans le vide et donc de promulguer un texte avant la date butoir du 19 juin prochain. C&rsquo;est en tout cas ce qui est ressorti de la r\u00e9union dans la banlieue sud entre Gebran Bassil et Hassan Nasrallah mercredi dernier. D&rsquo;autres voix au sein de la coalition chr\u00e9tienne s&rsquo;\u00e9l\u00e8vent pour dire que la priorit\u00e9 doit \u00eatre donn\u00e9e au vote d&rsquo;une nouvelle loi \u00e9lectorale, car son adoption avant le 19 juin \u00e9viterait au Parlement de se noyer dans un vide institutionnel sans fond. Pour elles, le fait de lier la loi \u00e9lectorale \u00e0 des amendements institutionnels n&rsquo;aura pour effet que de compliquer un peu plus l&rsquo;accord sur un texte de loi. Un texte qui, rappelons-le, se n\u00e9gocie depuis douze ans en vain.<\/p>\n<p>Cela a \u00e9galement pour effet de d\u00e9tourner l&rsquo;attention de l&rsquo;objectif principal, en ouvrant d&rsquo;autres dossiers \u00e9pineux comme celui de la mise en \u0153uvre de la d\u00e9centralisation administrative et la cr\u00e9ation d&rsquo;un S\u00e9nat sur base confessionnelle. Sur ce point pr\u00e9cis, l&rsquo;un des hommes politiques ayant pris part aux r\u00e9unions de la conf\u00e9rence de dialogue se souvient d&rsquo;une d\u00e9claration de Nabih Berry dans laquelle il avait affirm\u00e9 que m\u00eame une fois le S\u00e9nat cr\u00e9\u00e9, il pr\u00e9serverait la parit\u00e9 au sein de la Chambre entre chr\u00e9tiens et musulmans afin de pr\u00e9server la coexistence nationale, \u00e0 l&rsquo;aune notamment de la mont\u00e9e de l&rsquo;extr\u00e9misme islamiste dans la r\u00e9gion.<\/p>\n<p><a href=\"https:\/\/www.lorientlejour.com\/article\/1055827\/le-compte-a-rebours-avant-le-vide-institutionnel-a-commence.html\">L&rsquo;Orient Le Jour<\/a><\/p>\n<\/div>\n","protected":false},"excerpt":{"rendered":"<p>Il semble que les forces politiques sont d&rsquo;accord sur au moins deux choses\u00a0: non \u00e0 l&rsquo;application de la loi \u00e9lectorale de 1960, non \u00e9galement au vide institutionnel. C&rsquo;est du moins ce que mart\u00e8lent les principales forces chr\u00e9tiennes qui jurent leurs grands dieux qu&rsquo;il n&rsquo;y aura ni retour \u00e0 la loi de 1960 ni vide institutionnel,<\/p>\n","protected":false},"author":182,"featured_media":21693,"comment_status":"open","ping_status":"open","sticky":false,"template":"","format":"standard","meta":{"_uf_show_specific_survey":0,"_uf_disable_surveys":false,"footnotes":""},"categories":[22],"tags":[],"class_list":{"0":"post-21688","1":"post","2":"type-post","3":"status-publish","4":"format-standard","5":"has-post-thumbnail","7":"category-actualites-fr"},"aioseo_notices":[],"_links":{"self":[{"href":"https:\/\/middleeasttransparent.com\/fr\/wp-json\/wp\/v2\/posts\/21688","targetHints":{"allow":["GET"]}}],"collection":[{"href":"https:\/\/middleeasttransparent.com\/fr\/wp-json\/wp\/v2\/posts"}],"about":[{"href":"https:\/\/middleeasttransparent.com\/fr\/wp-json\/wp\/v2\/types\/post"}],"author":[{"embeddable":true,"href":"https:\/\/middleeasttransparent.com\/fr\/wp-json\/wp\/v2\/users\/182"}],"replies":[{"embeddable":true,"href":"https:\/\/middleeasttransparent.com\/fr\/wp-json\/wp\/v2\/comments?post=21688"}],"version-history":[{"count":0,"href":"https:\/\/middleeasttransparent.com\/fr\/wp-json\/wp\/v2\/posts\/21688\/revisions"}],"wp:featuredmedia":[{"embeddable":true,"href":"https:\/\/middleeasttransparent.com\/fr\/wp-json\/wp\/v2\/media\/21693"}],"wp:attachment":[{"href":"https:\/\/middleeasttransparent.com\/fr\/wp-json\/wp\/v2\/media?parent=21688"}],"wp:term":[{"taxonomy":"category","embeddable":true,"href":"https:\/\/middleeasttransparent.com\/fr\/wp-json\/wp\/v2\/categories?post=21688"},{"taxonomy":"post_tag","embeddable":true,"href":"https:\/\/middleeasttransparent.com\/fr\/wp-json\/wp\/v2\/tags?post=21688"}],"curies":[{"name":"wp","href":"https:\/\/api.w.org\/{rel}","templated":true}]}}