{"id":2153,"date":"2015-07-12T11:29:46","date_gmt":"2015-07-12T10:29:46","guid":{"rendered":"http:\/\/middleeasttransparent.com\/news\/?p=2153"},"modified":"2024-10-08T21:23:53","modified_gmt":"2024-10-08T20:23:53","slug":"jaime-mieux-quune-ancienne-chapelle-devienne-une-mosquee-quun-lieu-de-debauche","status":"publish","type":"post","link":"https:\/\/middleeasttransparent.com\/fr\/jaime-mieux-quune-ancienne-chapelle-devienne-une-mosquee-quun-lieu-de-debauche\/","title":{"rendered":"\u00ab J\u2019aime mieux qu\u2019une ancienne chapelle devienne une mosqu\u00e9e qu\u2019un lieu de d\u00e9bauche \u00bb"},"content":{"rendered":"<div class=\"entry-content\">\n<div class=\"page\" title=\"Page 3\">\n<div class=\"column\">\n<p class=\"title\"><span style=\"color: #0000ff;\">Mgr Dubost : \u00ab Il n\u2019y a pas de risques de ventes d\u2019\u00e9glises \u00e0 des associations musulmanes \u00bb<\/span><\/p>\n<p class=\"description\"><strong>Les propos du 15\u00a0juin sur Europe 1 de Dalil Boubakeur, recteur de la grande mosqu\u00e9e de Paris \u2013 sur lesquels il est revenu peu apr\u00e8s \u2013, envisageant que des \u00e9glises d\u00e9saffect\u00e9es puissent accueillir des fid\u00e8les musulmans, continuent de provoquer des r\u00e9actions.<\/strong><\/p>\n<div class=\"breaker\"><\/div>\n<div class=\"block_visuel\">\n<figure id=\"attachment_2159\" aria-describedby=\"caption-attachment-2159\" style=\"width: 475px\" class=\"wp-caption aligncenter\"><a href=\"http:\/\/middleeasttransparent.com\/news\/wp-content\/uploads\/2015\/07\/Mgr-Dubost-Il-n-y-a-pas-de-risques-de-ventes-d-eglises-a-des-associations-musulmanes_article_main.jpg\"><img fetchpriority=\"high\" decoding=\"async\" class=\"size-full wp-image-2159\" src=\"http:\/\/middleeasttransparent.com\/news\/wp-content\/uploads\/2015\/07\/Mgr-Dubost-Il-n-y-a-pas-de-risques-de-ventes-d-eglises-a-des-associations-musulmanes_article_main.jpg\" alt=\"Mgr Michel Dubost\" width=\"475\" height=\"316\" srcset=\"https:\/\/middleeasttransparent.com\/wp-content\/uploads\/2015\/07\/Mgr-Dubost-Il-n-y-a-pas-de-risques-de-ventes-d-eglises-a-des-associations-musulmanes_article_main.jpg 475w, https:\/\/middleeasttransparent.com\/wp-content\/uploads\/2015\/07\/Mgr-Dubost-Il-n-y-a-pas-de-risques-de-ventes-d-eglises-a-des-associations-musulmanes_article_main-150x100.jpg 150w, https:\/\/middleeasttransparent.com\/wp-content\/uploads\/2015\/07\/Mgr-Dubost-Il-n-y-a-pas-de-risques-de-ventes-d-eglises-a-des-associations-musulmanes_article_main-450x299.jpg 450w\" sizes=\"(max-width: 475px) 100vw, 475px\" \/><\/a><figcaption id=\"caption-attachment-2159\" class=\"wp-caption-text\">Mgr Michel Dubost<\/figcaption><\/figure>\n<\/div>\n<div class=\"block_txt\">\n<div id=\"article-wrapper\">\n<p class=\"description\"><strong>Selon un sondage publi\u00e9 mercredi 8 juillet sur le site Internet de l\u2019hebdomadaire <i>Valeurs actuelles,<\/i>\u00a0qui relaie une p\u00e9tition intitul\u00e9e \u00ab\u00a0Touche pas \u00e0 mon \u00c9glise\u00a0\u00bb (1), 67\u00a0% des Fran\u00e7ais sont oppos\u00e9s \u00e0 une telle \u00e9ventualit\u00e9.<\/strong><\/p>\n<p class=\"description\">Mgr Michel Dubost, \u00e9v\u00eaque d\u2019Evry et pr\u00e9sident du Conseil pour les relations interreligieuses \u00e0 la Conf\u00e9rence des \u00e9v\u00eaques de France, r\u00e9agit \u00e0 cette p\u00e9tition.<\/p>\n<p>\u00ab\u00a0Je me r\u00e9jouis que les Fran\u00e7ais veuillent d\u00e9fendre leur patrimoine eccl\u00e9sial qui a une grande valeur symbolique\u2009! Et la meilleure mani\u00e8re de d\u00e9fendre les \u00e9glises est d\u2019y c\u00e9l\u00e9brer la gloire de Dieu. <strong>Or, sur les 45\u00a0000 paroisses et chapelles recens\u00e9es par le minist\u00e8re de l\u2019int\u00e9rieur, plus de 40\u00a0000 \u2013 celles ayant \u00e9t\u00e9 construites avant 1905\u2009\u2013 n\u2019appartiennent pas \u00e0 l\u2019\u00c9glise catholique mais aux communes.<\/strong> Et ceci est un privil\u00e8ge\u2009!<\/p>\n<p>\u00c0 la diff\u00e9rence de ce qui se passe au Canada, aux Pays-Bas ou en Belgique, o\u00f9 les dioc\u00e8ses sont oblig\u00e9s de vendre leurs \u00e9glises non utilis\u00e9es lorsqu\u2019ils n\u2019ont plus les moyens de les entretenir, en France, ce sont les communes qui assurent l\u2019entretien des \u00e9glises. Juridiquement, l\u2019\u00c9glise catholique n\u2019est qu\u2019affectataire des lieux de culte \u2013 tandis que les protestants et les juifs, qui avaient accept\u00e9 en 1905 de cr\u00e9er des associations cultuelles, sont propri\u00e9taires de leurs locaux.<\/p>\n<p>Cela suppose que les catholiques utilisent un tant soit peu les \u00e9glises, pour honorer les efforts que font un grand nombre de mairies pour les entretenir. Sinon, lorsqu\u2019une \u00e9glise ne sert plus \u00e0 la pri\u00e8re, la puissance publique peut la vendre. Et, \u00e0 tout prendre, je pr\u00e9f\u00e8re qu\u2019elle soit vendue \u00e0 une association musulmane\u2026 J\u2019aime mieux qu\u2019une ancienne chapelle devienne un lieu de pri\u00e8re musulman qu\u2019un lieu de d\u00e9bauche. Mais je ne pense pas qu\u2019aujourd\u2019hui des municipalit\u00e9s cherchent \u00e0 vendre leurs \u00e9glises.<\/p>\n<h3 class=\"article-intertitle\" style=\"text-align: center;\">\u00ab\u00a0Je ne crois pas du tout que l\u2019on puisse partager des lieux de culte\u00a0\u00bb<\/h3>\n<p>Pour moi, la pri\u00e8re des musulmans a une vraie valeur. Sinon, pourquoi le pape Jean-Paul\u00a0II, en 2001 \u00e0 Damas, ou le pape Fran\u00e7ois, en 2014 \u00e0 Istanbul, auraient-ils pri\u00e9 aux c\u00f4t\u00e9s de musulmans en leur demandant de prier avec lui\u2009? De plus, un grand nombre de policiers et de militaires musulmans, en France, au Mali ou ailleurs, d\u00e9fendent les valeurs de la R\u00e9publique fran\u00e7aise contre les djihadistes, parfois au risque de leur vie. Ces concitoyens ont un droit constitutionnel \u00e0 pouvoir exercer leur religion\u2009!<\/p>\n<p>En revanche, je ne crois pas du tout que l\u2019on puisse partager des lieux de culte. D\u00e9j\u00e0, entre protestants et catholiques, c\u2019est difficile, ne serait-ce que pour honorer la pr\u00e9sence r\u00e9elle\u2026<\/p>\n<p>Et entre musulmans et chr\u00e9tiens, comme je l\u2019ai vu pratiquer \u00e0 Silver Springs (\u00c9tats-Unis), \u00e0 l\u2019\u00e9cole des officiers de l\u2019arm\u00e9e de l\u2019air, ou \u00e0 l\u2019Otan, dans des salles communes avec quatre coins confessionnels distincts, cela suppose un cadre tr\u00e8s strict. Sinon, au lieu de rapprocher les fid\u00e8les, un tel lieu de culte partag\u00e9 ne fait qu\u2019exacerber les tensions.\u00a0\u00bb<\/p>\n<p><strong class=\"auteur\"> RECUEILLI PAR CLAIRE LESEGRETAIN <\/strong><\/p>\n<\/div>\n<\/div>\n<div class=\"block_txt notes\">\n<p><a href=\"http:\/\/www.valeursactuelles.com\/comme-les-30-premiers-signataires-je-signe-lappel-de-denis-tillinac-54186\">(1) Lanc\u00e9e par l\u2019\u00e9crivain Denis Tillinac, cette p\u00e9tition a \u00e9t\u00e9 sign\u00e9e, entre autres, par Nicolas Sarkozy.<\/a><\/p>\n<\/div>\n<p><a href=\"http:\/\/www.la-croix.com\/Religion\/Actualite\/Mgr-Dubost-Il-n-y-a-pas-de-risques-de-ventes-d-eglises-a-des-associations-musulmanes-2015-07-08-1332684\">La Croix<\/a><\/p>\n<p>A lire aussi:<\/p>\n<div class=\"box-author\">\n<figure id=\"attachment_2163\" aria-describedby=\"caption-attachment-2163\" style=\"width: 638px\" class=\"wp-caption aligncenter\"><a href=\"http:\/\/middleeasttransparent.com\/news\/wp-content\/uploads\/2015\/07\/eglise_saint_pierre_de_bredons_cantal_bernar_jaubert_corbis.jpg\"><img decoding=\"async\" class=\"size-full wp-image-2163\" src=\"http:\/\/middleeasttransparent.com\/news\/wp-content\/uploads\/2015\/07\/eglise_saint_pierre_de_bredons_cantal_bernar_jaubert_corbis.jpg\" alt=\"L'\u00e9glise de Saint-Pierre de Bredons, dans le Cantal. Photo \u00a9 Bernard Jaubert\" width=\"638\" height=\"392\" srcset=\"https:\/\/middleeasttransparent.com\/wp-content\/uploads\/2015\/07\/eglise_saint_pierre_de_bredons_cantal_bernar_jaubert_corbis.jpg 638w, https:\/\/middleeasttransparent.com\/wp-content\/uploads\/2015\/07\/eglise_saint_pierre_de_bredons_cantal_bernar_jaubert_corbis-150x92.jpg 150w, https:\/\/middleeasttransparent.com\/wp-content\/uploads\/2015\/07\/eglise_saint_pierre_de_bredons_cantal_bernar_jaubert_corbis-450x276.jpg 450w, https:\/\/middleeasttransparent.com\/wp-content\/uploads\/2015\/07\/eglise_saint_pierre_de_bredons_cantal_bernar_jaubert_corbis-600x369.jpg 600w\" sizes=\"(max-width: 638px) 100vw, 638px\" \/><\/a><figcaption id=\"caption-attachment-2163\" class=\"wp-caption-text\">L&rsquo;\u00e9glise de Saint-Pierre de Bredons, dans le Cantal. Photo \u00a9 Bernard Jaubert<\/figcaption><\/figure>\n<\/div>\n<div>\n<p><a href=\"http:\/\/www.valeursactuelles.com\/lettre-ouverte-a-mgr-dubost-54109\"><span style=\"color: #000000;\">Fran\u00e7ois Guillaume<\/span> : \u00c9glises et mosqu\u00e9es : Lettre ouverte \u00e0 Mgr Dubost<\/a><\/p>\n<\/div>\n<p><strong><a href=\"http:\/\/www.valeursactuelles.com\/edouard-balladur-veillons-a-preserver-nos-traditions-54211\">\u00c9douard Balladur : \u201cVeillons \u00e0 pr\u00e9server nos traditions\u201d<\/a><\/strong><\/p>\n<\/div>\n<\/div>\n<\/div>\n","protected":false},"excerpt":{"rendered":"<p>Mgr Dubost : \u00ab Il n\u2019y a pas de risques de ventes d\u2019\u00e9glises \u00e0 des associations musulmanes \u00bb Les propos du 15\u00a0juin sur Europe 1 de Dalil Boubakeur, recteur de la grande mosqu\u00e9e de Paris \u2013 sur lesquels il est revenu peu apr\u00e8s \u2013, envisageant que des \u00e9glises d\u00e9saffect\u00e9es puissent accueillir des fid\u00e8les musulmans, continuent<\/p>\n","protected":false},"author":130,"featured_media":2158,"comment_status":"open","ping_status":"open","sticky":false,"template":"","format":"standard","meta":{"_uf_show_specific_survey":0,"_uf_disable_surveys":false,"footnotes":""},"categories":[22],"tags":[],"class_list":{"0":"post-2153","1":"post","2":"type-post","3":"status-publish","4":"format-standard","5":"has-post-thumbnail","7":"category-actualites-fr"},"aioseo_notices":[],"_links":{"self":[{"href":"https:\/\/middleeasttransparent.com\/fr\/wp-json\/wp\/v2\/posts\/2153","targetHints":{"allow":["GET"]}}],"collection":[{"href":"https:\/\/middleeasttransparent.com\/fr\/wp-json\/wp\/v2\/posts"}],"about":[{"href":"https:\/\/middleeasttransparent.com\/fr\/wp-json\/wp\/v2\/types\/post"}],"author":[{"embeddable":true,"href":"https:\/\/middleeasttransparent.com\/fr\/wp-json\/wp\/v2\/users\/130"}],"replies":[{"embeddable":true,"href":"https:\/\/middleeasttransparent.com\/fr\/wp-json\/wp\/v2\/comments?post=2153"}],"version-history":[{"count":0,"href":"https:\/\/middleeasttransparent.com\/fr\/wp-json\/wp\/v2\/posts\/2153\/revisions"}],"wp:featuredmedia":[{"embeddable":true,"href":"https:\/\/middleeasttransparent.com\/fr\/wp-json\/wp\/v2\/media\/2158"}],"wp:attachment":[{"href":"https:\/\/middleeasttransparent.com\/fr\/wp-json\/wp\/v2\/media?parent=2153"}],"wp:term":[{"taxonomy":"category","embeddable":true,"href":"https:\/\/middleeasttransparent.com\/fr\/wp-json\/wp\/v2\/categories?post=2153"},{"taxonomy":"post_tag","embeddable":true,"href":"https:\/\/middleeasttransparent.com\/fr\/wp-json\/wp\/v2\/tags?post=2153"}],"curies":[{"name":"wp","href":"https:\/\/api.w.org\/{rel}","templated":true}]}}