{"id":21474,"date":"2017-05-30T15:38:21","date_gmt":"2017-05-30T14:38:21","guid":{"rendered":"http:\/\/middleeasttransparent.com\/?p=21474"},"modified":"2017-05-30T15:40:11","modified_gmt":"2017-05-30T14:40:11","slug":"maroc-zefzafi-porte-voix-de-fronde-rif-dort-prison","status":"publish","type":"post","link":"https:\/\/middleeasttransparent.com\/fr\/maroc-zefzafi-porte-voix-de-fronde-rif-dort-prison\/","title":{"rendered":"Maroc: Zefzafi, le porte-voix de la fronde du Rif, dort en prison"},"content":{"rendered":"<h3><span style=\"color: #0000ff;\">Par <span class=\"\">Camille Bouscasse<\/span><\/span><\/h3>\n<div class=\"fig-main-media\"><\/div>\n<p class=\"fig-chapo\">Son discours identitaire teint\u00e9 de r\u00e9f\u00e9rences religieuses s\u00e9duit une partie des habitants de la r\u00e9gion d&rsquo;El Hoceima qui d\u00e9nonce la marginalisation de leur r\u00e9gion.<\/p>\n<div class=\"fig-article-body\">\n<p><a href=\"http:\/\/www.lefigaro.fr\/flash-actu\/2017\/05\/29\/97001-20170529FILWWW00116-le-leader-de-la-contestation-au-maroc-arrete.php\" target=\"\">Depuis ce lundi matin, Nasser Zefzafi est sous les verrous.<\/a> le leader du \u2018Hirak&rsquo;, le mouvement de la contestation populaire rifaine, \u00e9tait en cavale depuis vendredi, journ\u00e9e durant laquelle il avait interrompu le pr\u00eache d&rsquo;un imam, accusant ce dernier d&rsquo;\u00eatre un \u00abcharlatan\u00bb. Les autorit\u00e9s marocaines avaient prononc\u00e9 un mandat d&rsquo;arr\u00eat \u00e0 son \u00e9gard, l&rsquo;accusant d&rsquo;avoir \u00abinsult\u00e9 le pr\u00e9dicateur\u00bb, \u00abprononc\u00e9 un discours provocateur\u00bb et sem\u00e9 le trouble\u00bb. Cependant, l&rsquo;Association marocaine des droits humains (AMDH) consid\u00e8re que c&rsquo;est \u00abl&rsquo;insistance\u00bb de l&rsquo;imam \u00ab\u00e0 mobiliser les fid\u00e8les contre les manifestations\u00bb qui aurait d\u00e9clench\u00e9 la col\u00e8re des manifestants assistant au pr\u00eache. Zefzafi se serait alors empar\u00e9 du micro de l&rsquo;imam afin de d\u00e9fendre la cause du Hirak et de critiquer l&#8217;emprise de Rabat sur les mosqu\u00e9es. L&rsquo;\u00e9mission de ce mandat d&rsquo;arr\u00eat \u00e0 l&rsquo;encontre de Zefzafi a fait \u00e9clater pour la premi\u00e8re fois \u00e0 Al Hoceima, l&rsquo;\u00e9picentre de la fronde r\u00e9gionale, une confrontation directe entre forces de l&rsquo;ordre et partisans de la r\u00e9bellion orchestr\u00e9e par Zefzafi.<\/p>\n<p>Tr\u00e8s populaire, notamment au sein des jeunes, ce ch\u00f4meur de 39 ans s&rsquo;est autoproclam\u00e9 leader des contestataires rifains. Ce dernier accuse Rabat du royaume de d\u00e9laisser le Rif, une r\u00e9gion du nord du Maroc traditionnellement hostile au pouvoir central. El Hoceima, avait connu ses premi\u00e8res vagues d&rsquo;agitation en octobre 2016, lorsqu&rsquo;un jeune gar\u00e7on vendeur \u00e0 la sauvette avait \u00e9t\u00e9 accidentellement broy\u00e9 dans une benne \u00e0 ordures. Un mouvement de protestation s&rsquo;est peu \u00e0 peu organis\u00e9 autour de Zefzafi et son groupe, le Hirak. Appr\u00e9ci\u00e9 pour son franc-parler et son discours identitaire teint\u00e9 de r\u00e9f\u00e9rences religieuses, Nasser Zefzafi est devenu le porte-voix de la col\u00e8re rifaine. Utilisant les r\u00e9seaux sociaux pour promouvoir son message, Zefzafi a pris l&rsquo;habitude de critiquer le makhzen, l&rsquo;administration royale, et de stimuler l&rsquo;identit\u00e9 rifaine par l&rsquo;interm\u00e9diaire de vid\u00e9os post\u00e9es sur sa page Facebook. Inquiet de ses discours incendiaires, le gouvernement marocain a accus\u00e9 Zefzafi de mettre en p\u00e9ril \u00abl&rsquo;int\u00e9gralit\u00e9 territoriale du pays et de recevoir des fonds de l&rsquo;\u00e9tranger \u00e0 ses fins.\u00bb<\/p>\n<h2>Diatribes d\u00e9brid\u00e9es<\/h2>\n<p>Cantonn\u00e9 \u00e0 une s\u00e9rie de petits emplois, il g\u00e9rait une boutique de t\u00e9l\u00e9phone portable et \u00aba \u00e9chou\u00e9 au concours d&rsquo;entr\u00e9e de la police. Mais, l&rsquo;influence de Zefzafi a continu\u00e9 \u00e0 prendre de l&rsquo;ampleur. Le 26 mai, il a r\u00e9it\u00e9r\u00e9 dans une vid\u00e9o post\u00e9e sur Facebook sa volont\u00e9 de voir ses partisans manifester de mani\u00e8re pacifique pendant sa fuite. Dans un portrait qu&rsquo;il lui a consacr\u00e9, l&rsquo;hebdomadaire TelQuel s&rsquo;interroge sur ses penchants m\u00e9galomanes. Souvent excessif, voire fantasque, amateur de diatribes d\u00e9brid\u00e9es, il attaque \u00absans distinction: les partis politiques, les ONG, l&rsquo;\u00c9tat.\u00bb explique le magazine marocain. Zefzafi se r\u00e9f\u00e8re au leader historique al-Khattabi, incarnation de la lutte rifaine contre le colonialisme fran\u00e7ais et espagnol au XIXe si\u00e8cle et cr\u00e9ateur de l&rsquo;\u00e9ph\u00e9m\u00e8re R\u00e9publique du Rif de 1921 \u00e0 1926. Le 18 mai dernier, lors de manifestations de masse, de nombreux jeunes portaient des tee-shirts sur lesquels \u00e9taient inscrits \u00abNous sommes tous des Zefzafi.\u00bb<\/p>\n<p><a href=\"http:\/\/www.lefigaro.fr\/international\/2017\/05\/29\/01003-20170529ARTFIG00296-maroc-zefzafi-le-porte-voix-de-la-fronde-du-rif-dort-en-prison.php\">Le Figaro<\/a><\/p>\n<\/div>\n","protected":false},"excerpt":{"rendered":"<p>Par Camille Bouscasse Son discours identitaire teint\u00e9 de r\u00e9f\u00e9rences religieuses s\u00e9duit une partie des habitants de la r\u00e9gion d&rsquo;El Hoceima qui d\u00e9nonce la marginalisation de leur r\u00e9gion. Depuis ce lundi matin, Nasser Zefzafi est sous les verrous. le leader du \u2018Hirak&rsquo;, le mouvement de la contestation populaire rifaine, \u00e9tait en cavale depuis vendredi, journ\u00e9e durant<\/p>\n","protected":false},"author":152,"featured_media":21477,"comment_status":"open","ping_status":"open","sticky":false,"template":"","format":"standard","meta":{"_uf_show_specific_survey":0,"_uf_disable_surveys":false,"footnotes":""},"categories":[37],"tags":[],"class_list":{"0":"post-21474","1":"post","2":"type-post","3":"status-publish","4":"format-standard","5":"has-post-thumbnail","7":"category-alaune-fr"},"aioseo_notices":[],"_links":{"self":[{"href":"https:\/\/middleeasttransparent.com\/fr\/wp-json\/wp\/v2\/posts\/21474","targetHints":{"allow":["GET"]}}],"collection":[{"href":"https:\/\/middleeasttransparent.com\/fr\/wp-json\/wp\/v2\/posts"}],"about":[{"href":"https:\/\/middleeasttransparent.com\/fr\/wp-json\/wp\/v2\/types\/post"}],"author":[{"embeddable":true,"href":"https:\/\/middleeasttransparent.com\/fr\/wp-json\/wp\/v2\/users\/152"}],"replies":[{"embeddable":true,"href":"https:\/\/middleeasttransparent.com\/fr\/wp-json\/wp\/v2\/comments?post=21474"}],"version-history":[{"count":0,"href":"https:\/\/middleeasttransparent.com\/fr\/wp-json\/wp\/v2\/posts\/21474\/revisions"}],"wp:featuredmedia":[{"embeddable":true,"href":"https:\/\/middleeasttransparent.com\/fr\/wp-json\/wp\/v2\/media\/21477"}],"wp:attachment":[{"href":"https:\/\/middleeasttransparent.com\/fr\/wp-json\/wp\/v2\/media?parent=21474"}],"wp:term":[{"taxonomy":"category","embeddable":true,"href":"https:\/\/middleeasttransparent.com\/fr\/wp-json\/wp\/v2\/categories?post=21474"},{"taxonomy":"post_tag","embeddable":true,"href":"https:\/\/middleeasttransparent.com\/fr\/wp-json\/wp\/v2\/tags?post=21474"}],"curies":[{"name":"wp","href":"https:\/\/api.w.org\/{rel}","templated":true}]}}