{"id":21412,"date":"2017-05-29T12:28:32","date_gmt":"2017-05-29T11:28:32","guid":{"rendered":"http:\/\/middleeasttransparent.com\/?p=21412"},"modified":"2017-05-29T12:28:32","modified_gmt":"2017-05-29T11:28:32","slug":"de-force-leadership-politique","status":"publish","type":"post","link":"https:\/\/middleeasttransparent.com\/fr\/de-force-leadership-politique\/","title":{"rendered":"De la force du leadership politique"},"content":{"rendered":"<h3>Quels sont les crit\u00e8res qui permettent de qualifier un leader politique ou un chef d&rsquo;\u00c9tat d&rsquo;homme fort ? Qu&rsquo;est-ce qu&rsquo;on entend par cela ? S&rsquo;agit-il de la force physique ?<\/h3>\n<p>Il serait ridicule d&rsquo;assimiler un pr\u00e9sident ou un leader \u00e0 un gladiateur ou un lutteur de foire, capable de terrasser son adversaire par sa seule force musculaire. On peut cependant consid\u00e9rer le courage, au sens de capacit\u00e9 \u00e0 surmonter la peur du risque, comme une des conditions de la force d&rsquo;un chef d&rsquo;\u00c9tat. Savoir prendre des risques s&rsquo;arr\u00eate n\u00e9anmoins au pied du mur de la t\u00e9m\u00e9rit\u00e9. Cette derni\u00e8re, comme d\u00e9mesure, est source de graves d\u00e9convenues. Ainsi, le Liban ne s&rsquo;est pas encore remis des effets n\u00e9fastes de l&rsquo;aventurisme t\u00e9m\u00e9raire, politico-militaire, qui marqua les deux derni\u00e8res ann\u00e9es de la guerre civile, entre 1988 et 1990.<\/p>\n<p>On nous dit que le Liban a la chance d&rsquo;avoir un pr\u00e9sident fort \u00e0 la t\u00eate de l&rsquo;\u00c9tat en la personne de l&rsquo;ex-g\u00e9n\u00e9ral Michel Aoun. La force de ce dernier lui viendrait d&rsquo;une repr\u00e9sentativit\u00e9 chr\u00e9tienne de poids, suite \u00e0 l&rsquo;entente pass\u00e9e entre les deux partis chr\u00e9tiens FL et CPL. Ce bin\u00f4me politique b\u00e9n\u00e9ficierait, dit-on, de l&rsquo;opinion favorable de la majorit\u00e9 des citoyens chr\u00e9tiens. <strong>Rien n&rsquo;est moins s\u00fbr<\/strong> si on utilise, comme grille de lecture de la popularit\u00e9, les derni\u00e8res \u00e9lections municipales qui constituent, qu&rsquo;on le veuille ou non, un excellent et fiable sondage d&rsquo;opinion. On se souviendra que les \u00e9lecteurs des districts chr\u00e9tiens n&rsquo;avaient pas \u00e9mis un vote \u00ab\u00a0confessionnel\u00a0\u00bb, notamment en milieu urbain. L&rsquo;\u00e9lectorat chr\u00e9tien avait pr\u00e9f\u00e9r\u00e9 l&rsquo;option d&rsquo;une certaine modernit\u00e9 s\u00e9cularis\u00e9e \u00e0 celle du traditionnel establishment sectaire et f\u00e9odal. Les appareils des partis devraient longuement m\u00e9diter les r\u00e9sultats des municipales et comprendre qu&rsquo;on ne peut plus s&rsquo;adresser \u00e0 la population, notamment chr\u00e9tienne, en 2017, en ruminant sans cesse des arguties et des slogans d&rsquo;un pass\u00e9 en agonie avanc\u00e9e.<\/p>\n<p><strong>La force affirm\u00e9e du chef de l&rsquo;\u00c9tat r\u00e9side-t-elle dans sa capacit\u00e9 \u00e0 avoir su imposer l&rsquo;\u00e9l\u00e9mentaire respect de la r\u00e8gle constitutionnelle ?<\/strong><br \/>\nOn peut en douter dans la mesure o\u00f9 le pr\u00e9sident de la R\u00e9publique, seul dirigeant \u00e0 pr\u00eater serment sur la Constitution, a lui-m\u00eame viol\u00e9 cette derni\u00e8re en ne signant pas le d\u00e9cret de convocation des \u00e9lecteurs au scrutin l\u00e9gislatif, sous pr\u00e9texte qu&rsquo;un nouveau projet de loi \u00e9lectorale n&rsquo;avait pas encore fait consensus au sein du conseil restreint des tribus libanaises, la \u00ab\u00a0Loya Jirga\u00a0\u00bb qui contr\u00f4le l&rsquo;ensemble du pays, de ses institutions et de sa vie publique.<\/p>\n<p><strong>La force du pr\u00e9sident de la R\u00e9publique est celle de la Constitution et non la sienne<\/strong> ; ainsi que celle du respect des r\u00e8gles constitutionnelles. La p\u00e9riodicit\u00e9 de tout scrutin, conform\u00e9ment au calendrier pr\u00e9vu par la Constitution, est infiniment plus importante qu&rsquo;une loi \u00e9lectorale. Il suffit d&rsquo;appliquer celle qui existe, f\u00fbt-elle critiquable, afin de ne pas violer la Constitution. Quant \u00e0 la puissance du chef de l&rsquo;\u00c9tat, elle ne prend pas sa source dans sa personne et encore moins dans son poids confessionnel, mais dans la souverainet\u00e9 de l&rsquo;ensemble du peuple libanais qu&rsquo;il est le seul \u00e0 incarner dans toute sa pl\u00e9nitude.<\/p>\n<p>Quant \u00e0 la grandeur d&rsquo;un chef d&rsquo;\u00c9tat, elle lui vient de sa capacit\u00e9 personnelle \u00e0 agir selon une vision d&rsquo;ensemble coh\u00e9rente qui lui permet, en permanence, de prendre de l&rsquo;initiative dans le cadre d&rsquo;une ligne politique claire ; de faire en sorte que l&rsquo;\u00c9tat, ses institutions et ses commis soient en permanence des acteurs qui agissent et non de simples entit\u00e9s qui r\u00e9agissent aux \u00e9v\u00e9nements qui soufflent autour du pays.<br \/>\n<strong>Force est de constater que nul n&rsquo;est fort au Liban, sauf l&rsquo;\u00e9tranger <\/strong>qui contr\u00f4le une t\u00eate de pont dont l&rsquo;arsenal ne sert qu&rsquo;\u00e0 prendre le pays en otage et isoler le Liban, encore plus, au milieu de son environnement r\u00e9gional. On a r\u00e9cemment vu le path\u00e9tique d&rsquo;une telle situation au sommet de Riyad. <strong>On aurait aim\u00e9 voir le Liban repr\u00e9sent\u00e9 par son pr\u00e9sident chr\u00e9tien, honor\u00e9 parmi ses fr\u00e8res arabes et non point mis \u00e0 l&rsquo;\u00e9cart<\/strong>. La force du pr\u00e9sident chr\u00e9tien du Liban est aussi et avant tout dans la haute estime que les Arabes ont toujours eu \u00e0 l&rsquo;\u00e9gard du pays et de ses chr\u00e9tiens per\u00e7us comme mod\u00e8le \u00e0 suivre.<br \/>\n<strong>Tel n&rsquo;est plus le cas. Le repli sur soi effectu\u00e9 par le bin\u00f4me chr\u00e9tien libanais, doubl\u00e9 du manque absolu de vision et de r\u00e9f\u00e9rent moral de toute la classe politique, est \u00e0 cet \u00e9gard suicidaire.<\/strong><\/p>\n<p>acourban@gmail.com<\/p>\n<ul>\n<li>Beyrouth<\/li>\n<\/ul>\n<div class=\"text\"><\/div>\n","protected":false},"excerpt":{"rendered":"<p>Quels sont les crit\u00e8res qui permettent de qualifier un leader politique ou un chef d&rsquo;\u00c9tat d&rsquo;homme fort ? Qu&rsquo;est-ce qu&rsquo;on entend par cela ? S&rsquo;agit-il de la force physique ? Il serait ridicule d&rsquo;assimiler un pr\u00e9sident ou un leader \u00e0 un gladiateur ou un lutteur de foire, capable de terrasser son adversaire par sa seule<\/p>\n","protected":false},"author":33,"featured_media":21417,"comment_status":"open","ping_status":"open","sticky":false,"template":"","format":"standard","meta":{"_uf_show_specific_survey":0,"_uf_disable_surveys":false,"footnotes":""},"categories":[25],"tags":[],"class_list":{"0":"post-21412","1":"post","2":"type-post","3":"status-publish","4":"format-standard","5":"has-post-thumbnail","7":"category-decryptages"},"aioseo_notices":[],"_links":{"self":[{"href":"https:\/\/middleeasttransparent.com\/fr\/wp-json\/wp\/v2\/posts\/21412","targetHints":{"allow":["GET"]}}],"collection":[{"href":"https:\/\/middleeasttransparent.com\/fr\/wp-json\/wp\/v2\/posts"}],"about":[{"href":"https:\/\/middleeasttransparent.com\/fr\/wp-json\/wp\/v2\/types\/post"}],"author":[{"embeddable":true,"href":"https:\/\/middleeasttransparent.com\/fr\/wp-json\/wp\/v2\/users\/33"}],"replies":[{"embeddable":true,"href":"https:\/\/middleeasttransparent.com\/fr\/wp-json\/wp\/v2\/comments?post=21412"}],"version-history":[{"count":0,"href":"https:\/\/middleeasttransparent.com\/fr\/wp-json\/wp\/v2\/posts\/21412\/revisions"}],"wp:featuredmedia":[{"embeddable":true,"href":"https:\/\/middleeasttransparent.com\/fr\/wp-json\/wp\/v2\/media\/21417"}],"wp:attachment":[{"href":"https:\/\/middleeasttransparent.com\/fr\/wp-json\/wp\/v2\/media?parent=21412"}],"wp:term":[{"taxonomy":"category","embeddable":true,"href":"https:\/\/middleeasttransparent.com\/fr\/wp-json\/wp\/v2\/categories?post=21412"},{"taxonomy":"post_tag","embeddable":true,"href":"https:\/\/middleeasttransparent.com\/fr\/wp-json\/wp\/v2\/tags?post=21412"}],"curies":[{"name":"wp","href":"https:\/\/api.w.org\/{rel}","templated":true}]}}