{"id":19661,"date":"2017-04-20T10:15:40","date_gmt":"2017-04-20T09:15:40","guid":{"rendered":"https:\/\/middleeasttransparent.com\/?p=19661"},"modified":"2017-04-20T10:15:40","modified_gmt":"2017-04-20T09:15:40","slug":"voila-partis-chretiens-refusent-proportionnelle","status":"publish","type":"post","link":"https:\/\/middleeasttransparent.com\/fr\/voila-partis-chretiens-refusent-proportionnelle\/","title":{"rendered":"Voil\u00e0 pourquoi les partis chr\u00e9tiens refusent la proportionnelle"},"content":{"rendered":"<div class=\"mainbar articlePage\">\n<article>\n<div class=\"photosGallery single\"><\/div>\n<div class=\"summary\"><\/div>\n<div class=\"floatingToolbox fixed\"><\/div>\n<div class=\"text\">\n<h3>Apr\u00e8s avoir \u00e0 diverses occasions soutenu le mode de scrutin proportionnel par le pass\u00e9, les partis chr\u00e9tiens ont op\u00e9r\u00e9 un revirement vers le mod\u00e8le mixte ou le syst\u00e8me \u00e0 deux tours pr\u00e9voyant la pr\u00e9qualification. Pourquoi les principales formations ont-elles ainsi tourn\u00e9 le dos \u00e0 la proportionnelle ?<\/h3>\n<p>&nbsp;<\/p>\n<p>C&rsquo;est la question que l&rsquo;on se pose dans les milieux chiites o\u00f9 l&rsquo;on tient \u00e0 rappeler que bien avant son \u00e9lection, le pr\u00e9sident de la R\u00e9publique, Michel Aoun, avait annonc\u00e9 lors des r\u00e9unions de la table de dialogue tenues \u00e0 A\u00efn el-Tin\u00e9 son appui \u00e0 la proportionnelle, r\u00e9it\u00e9rant cette position \u00e0 plusieurs reprises depuis Rabieh o\u00f9 il r\u00e9sidait. Par la suite, le gouvernement de Nagib Mikati d\u00e9sign\u00e9 en 2011 a approuv\u00e9 un projet de loi en ce sens, fond\u00e9 sur un d\u00e9coupage en 13 circonscriptions. Le texte fut transmis au Parlement qui, \u00e0 ce jour, ne l&rsquo;a jamais examin\u00e9.<\/p>\n<p>Aux interrogations formul\u00e9es par le tandem chiite, les Forces libanaises r\u00e9pondent en indiquant que les circonstances qui avaient l\u00e9gitim\u00e9 l&rsquo;appui \u00e0 la proportionnelle ont radicalement chang\u00e9 aujourd&rsquo;hui. \u00c0 l&rsquo;\u00e9poque, le pays \u00e9tait divis\u00e9 en deux camps, ceux du 8 et du 14 Mars. Les FL rappellent d&rsquo;ailleurs que leur formation avait au d\u00e9part r\u00e9clam\u00e9 \u00e0 Bkerk\u00e9 l&rsquo;adoption de la loi dite \u00ab\u00a0orthodoxe\u00a0\u00bb, avant de pr\u00e9senter un projet fond\u00e9 sur cinquante circonscriptions pour finir par avaliser la proportionnelle, l&rsquo;objectif \u00e9tant alors d&rsquo;en finir avec la loi de 1960. Et d&rsquo;expliquer que le refus de la proportionnelle aujourd&rsquo;hui par l&rsquo;alliance FL-CPL n&rsquo;est pas tant en vue d&rsquo;une mainmise sur les si\u00e8ges chr\u00e9tiens que pour r\u00e9conforter les chr\u00e9tiens en leur donnant le sentiment que leur vote a un sens et peut influer puisqu&rsquo;ils auront l&rsquo;opportunit\u00e9 d&rsquo;\u00e9lire les d\u00e9put\u00e9s qu&rsquo;ils souhaitent par le biais d&rsquo;une participation effective. Il va de soi que les circonstances qui pr\u00e9valent aujourd&rsquo;hui ont radicalement chang\u00e9, notamment \u00e0 cause de l&rsquo;accroissement de la pression des organisations terroristes et du radicalisme en g\u00e9n\u00e9ral qui vise notamment le Liban par le biais de cellules dormantes dans certaines r\u00e9gions et dans les camps palestiniens. Les arrestations r\u00e9guli\u00e8res effectu\u00e9es par les forces de l&rsquo;ordre d&rsquo;\u00e9l\u00e9ments li\u00e9s \u00e0 ces organisations en sont la preuve.<\/p>\n<p><em>(Lire aussi :\u00a0<a href=\"https:\/\/www.lorientlejour.com\/article\/1047455\/retour-a-la-case-depart-.html\">Loi \u00e9lectorale : retour \u00e0 la case d\u00e9part ? !<\/a>)<\/em><\/p>\n<p>Pour les FL, la proportionnelle, qui est une tentative d&rsquo;imposer une d\u00e9mocratie du nombre, porte d&rsquo;abord atteinte \u00e0 la Constitution de Ta\u00ebf et \u00e0 son esprit. Selon cette formation, ce mode de scrutin ne convient aucunement au syst\u00e8me libanais fond\u00e9 sur un communautarisme compos\u00e9 et complexe, puisqu&rsquo;il remet en cause la juste repr\u00e9sentation des chr\u00e9tiens. C&rsquo;est la raison qui justifie leur refus de la proportionnelle et leur attachement au syst\u00e8me mixte. Dans les milieux FL, on argue du fait que la proportionnelle doit \u00eatre appliqu\u00e9e en concomitance avec la cr\u00e9ation du S\u00e9nat et la d\u00e9centralisation administrative ainsi que la mise en place d&rsquo;une strat\u00e9gie de d\u00e9fense pour consacrer le monopole de la violence aux mains de l&rsquo;\u00c9tat.<\/p>\n<p>Les FL restent ainsi convaincues que seul le syst\u00e8me mixte peut rectifier les lacunes en mati\u00e8re de repr\u00e9sentation chr\u00e9tienne puisqu&rsquo;il permet aux d\u00e9put\u00e9s de cette communaut\u00e9 d&rsquo;\u00eatre \u00e9lus par des \u00e9lecteurs issus de la m\u00eame communaut\u00e9. Les Forces libanaises r\u00e9affirment par la m\u00eame occasion leur refus de tout projet de loi impos\u00e9 par la force, faisant allusion aux initiatives prises par certaines parties politiques. Enfin, le dernier argument avanc\u00e9 dans ces milieux est celui de l&rsquo;expansion du terrorisme dans la r\u00e9gion, une raison valable pour repousser la proportionnelle et emp\u00eacher l&rsquo;acc\u00e8s \u00e0 l&rsquo;h\u00e9micycle de certains \u00e9l\u00e9ments radicaux.<br \/>\n\u00c9voquant le dernier projet dit de la pr\u00e9qualification pr\u00e9sent\u00e9 par le chef du Courant patriotique libre, Gebran Bassil, un responsable des FL a fait \u00e9tat de contacts qui ont actuellement lieu avec ce dernier en vue de l&rsquo;amendement de son projet initial et de son ajustement pour qu&rsquo;il devienne acceptable aussi bien pour les FL que pour les autres parties qui l&rsquo;ont \u00e9galement rejet\u00e9. Une t\u00e2che que le chef du CPL devrait achever d&rsquo;ici \u00e0 la fin de la semaine avant de le relancer sur le march\u00e9 des tractations.<\/p>\n<\/div>\n<p><a href=\"https:\/\/www.lorientlejour.com\/article\/1047454\/voila-pourquoi-les-partis-chretiens-refusent-la-proportionnelle.html\">L&rsquo;Orient Le Jour<\/a><\/p>\n<\/article>\n<\/div>\n","protected":false},"excerpt":{"rendered":"<p>Apr\u00e8s avoir \u00e0 diverses occasions soutenu le mode de scrutin proportionnel par le pass\u00e9, les partis chr\u00e9tiens ont op\u00e9r\u00e9 un revirement vers le mod\u00e8le mixte ou le syst\u00e8me \u00e0 deux tours pr\u00e9voyant la pr\u00e9qualification. Pourquoi les principales formations ont-elles ainsi tourn\u00e9 le dos \u00e0 la proportionnelle ? &nbsp; C&rsquo;est la question que l&rsquo;on se pose<\/p>\n","protected":false},"author":182,"featured_media":19662,"comment_status":"open","ping_status":"open","sticky":false,"template":"","format":"standard","meta":{"_uf_show_specific_survey":0,"_uf_disable_surveys":false,"footnotes":""},"categories":[22],"tags":[],"class_list":{"0":"post-19661","1":"post","2":"type-post","3":"status-publish","4":"format-standard","5":"has-post-thumbnail","7":"category-actualites-fr"},"aioseo_notices":[],"_links":{"self":[{"href":"https:\/\/middleeasttransparent.com\/fr\/wp-json\/wp\/v2\/posts\/19661","targetHints":{"allow":["GET"]}}],"collection":[{"href":"https:\/\/middleeasttransparent.com\/fr\/wp-json\/wp\/v2\/posts"}],"about":[{"href":"https:\/\/middleeasttransparent.com\/fr\/wp-json\/wp\/v2\/types\/post"}],"author":[{"embeddable":true,"href":"https:\/\/middleeasttransparent.com\/fr\/wp-json\/wp\/v2\/users\/182"}],"replies":[{"embeddable":true,"href":"https:\/\/middleeasttransparent.com\/fr\/wp-json\/wp\/v2\/comments?post=19661"}],"version-history":[{"count":0,"href":"https:\/\/middleeasttransparent.com\/fr\/wp-json\/wp\/v2\/posts\/19661\/revisions"}],"wp:featuredmedia":[{"embeddable":true,"href":"https:\/\/middleeasttransparent.com\/fr\/wp-json\/wp\/v2\/media\/19662"}],"wp:attachment":[{"href":"https:\/\/middleeasttransparent.com\/fr\/wp-json\/wp\/v2\/media?parent=19661"}],"wp:term":[{"taxonomy":"category","embeddable":true,"href":"https:\/\/middleeasttransparent.com\/fr\/wp-json\/wp\/v2\/categories?post=19661"},{"taxonomy":"post_tag","embeddable":true,"href":"https:\/\/middleeasttransparent.com\/fr\/wp-json\/wp\/v2\/tags?post=19661"}],"curies":[{"name":"wp","href":"https:\/\/api.w.org\/{rel}","templated":true}]}}