{"id":196602,"date":"2026-03-03T12:17:20","date_gmt":"2026-03-03T11:17:20","guid":{"rendered":"https:\/\/middleeasttransparent.com\/?p=196602"},"modified":"2026-03-03T12:17:20","modified_gmt":"2026-03-03T11:17:20","slug":"reunion-tendue-du-cabinet-differend-entre-le-premier-ministre-et-le-chef-detat-major-des-armees-qui-a-menace-de-demissionner","status":"publish","type":"post","link":"https:\/\/middleeasttransparent.com\/fr\/reunion-tendue-du-cabinet-differend-entre-le-premier-ministre-et-le-chef-detat-major-des-armees-qui-a-menace-de-demissionner\/","title":{"rendered":"R\u00e9union tendue du cabinet : diff\u00e9rend entre le Premier ministre et le chef d&rsquo;\u00e9tat-major des arm\u00e9es, qui a menac\u00e9 de d\u00e9missionner !"},"content":{"rendered":"<p>&nbsp;<\/p>\n<h3>Que s\u2019est-il pass\u00e9 lors de la r\u00e9union du cabinet libanais d\u2019hier, lorsque le commandant de l\u2019arm\u00e9e, Rudolph Haykal, a \u00e9t\u00e9 convoqu\u00e9 pour \u00eatre officiellement charg\u00e9 de mettre en \u0153uvre la d\u00e9cision du gouvernement d\u2019interdire les activit\u00e9s militaires et s\u00e9curitaires du Hezbollah ?<\/h3>\n<p>&nbsp;<\/p>\n<p>Des sources bien inform\u00e9es indiquent que le commandant a propos\u00e9 une coordination avec le Hezbollah pour mettre en \u0153uvre cette d\u00e9cision !<\/p>\n<p>Le Premier ministre a r\u00e9pondu : \u00ab La s\u00e9curit\u00e9 ne s\u2019obtient pas par le consensus . Nous avons essay\u00e9 la s\u00e9curit\u00e9 par le consensus pendant des d\u00e9cennies, sans succ\u00e8s . Vous devez appliquer la d\u00e9cision du gouvernement telle quelle et faire tout le n\u00e9cessaire pour sa mise en \u0153uvre ! \u00bb<\/p>\n<p>D&rsquo;apr\u00e8s des informations recueillies en coulisses, le \u00ab commandant \u00bb a refus\u00e9 d&rsquo;affronter les milices du Hezbollah, invoquant la crainte d&rsquo;une guerre civile ! Suite \u00e0 cela, une altercation a \u00e9clat\u00e9 entre le Premier ministre et le commandant de l&rsquo;arm\u00e9e, qui a quitt\u00e9 la r\u00e9union du cabinet. Des informations ont \u00e9galement fuit\u00e9 concernant son intention de d\u00e9missionner .<\/p>\n<p><a href=\"https:\/\/middleeasttransparent.com\/wp-content\/uploads\/2026\/03\/nawaf-joseph-1.png\"><img fetchpriority=\"high\" decoding=\"async\" class=\"aligncenter size-medium wp-image-196596\" src=\"https:\/\/middleeasttransparent.com\/wp-content\/uploads\/2026\/03\/nawaf-joseph-1-600x341.png\" alt=\"\" width=\"600\" height=\"341\" srcset=\"https:\/\/middleeasttransparent.com\/wp-content\/uploads\/2026\/03\/nawaf-joseph-1-600x341.png 600w, https:\/\/middleeasttransparent.com\/wp-content\/uploads\/2026\/03\/nawaf-joseph-1-150x85.png 150w, https:\/\/middleeasttransparent.com\/wp-content\/uploads\/2026\/03\/nawaf-joseph-1-450x256.png 450w, https:\/\/middleeasttransparent.com\/wp-content\/uploads\/2026\/03\/nawaf-joseph-1.png 652w\" sizes=\"(max-width: 600px) 100vw, 600px\" \/><\/a><\/p>\n<p><strong>Des d\u00e9cisions timides qui n&rsquo;ont convaincu ni l&rsquo;Am\u00e9rique ni Isra\u00ebl.<\/strong><\/p>\n<p>D\u2019autres sources se sont \u00e9tonn\u00e9es de la \u00ab faiblesse \u00bb des d\u00e9cisions gouvernementales \u00e0 un moment \u00ab critique pour le pays \u00bb ! Elles ont expliqu\u00e9 cette situation par le fait que le soutien du pr\u00e9sident du Parlement, Nabih Berri, \u00e0 ces d\u00e9cisions restait \u00ab formel \u00bb et ambigu, comme \u00e0 son habitude en mati\u00e8re de man\u0153uvres politiques .<\/p>\n<p>Et ce, malgr\u00e9 la formulation impr\u00e9cise de la r\u00e9solution, notamment l&rsquo;expression \u00ab activit\u00e9s interdites \u00bb. Ces activit\u00e9s \u00e9taient-elles m\u00eame autoris\u00e9es \u00e0 l&rsquo;origine pour \u00eatre interdites ? L&rsquo;\u00c9tat monopolise soit les armes et le pouvoir de d\u00e9cision militaire, soit il ne les monopolise pas .<\/p>\n<p><strong>Les d\u00e9saccords publics entre Salam et Heikal devant le pr\u00e9sident ont r\u00e9v\u00e9l\u00e9 une division au sein du pouvoir au lieu de montrer un front uni .<\/strong><\/p>\n<p>Il en r\u00e9sulte que les \u00c9tats-Unis ne sont pas convaincus du s\u00e9rieux de ces mesures .<\/p>\n<p>Isra\u00ebl n&rsquo;est pas non plus convaincu et traitera la situation sur la base de faits, et non de d\u00e9clarations .<\/p>\n<p><strong>La source a ajout\u00e9 que le Hezbollah pourrait lancer davantage de missiles, et que personne ne semble vraiment pr\u00e9par\u00e9 \u00e0 l&#8217;emp\u00eacher en raison du manque de pr\u00e9paration pr\u00e9alable et de proc\u00e9dures op\u00e9rationnelles .<\/strong><\/p>\n<p>En conclusion : les d\u00e9cisions ont \u00e9t\u00e9 faibles et tardives, et n&rsquo;ont pas \u00e9t\u00e9 \u00e0 la hauteur de la situation ni des d\u00e9fis existants .<\/p>\n<figure id=\"attachment_196593\" aria-describedby=\"caption-attachment-196593\" style=\"width: 600px\" class=\"wp-caption aligncenter\"><a href=\"https:\/\/middleeasttransparent.com\/wp-content\/uploads\/2026\/03\/rudolph-haykal-2.png\"><img decoding=\"async\" class=\"size-medium wp-image-196593\" src=\"https:\/\/middleeasttransparent.com\/wp-content\/uploads\/2026\/03\/rudolph-haykal-2-600x331.png\" alt=\"\" width=\"600\" height=\"331\" srcset=\"https:\/\/middleeasttransparent.com\/wp-content\/uploads\/2026\/03\/rudolph-haykal-2-600x331.png 600w, https:\/\/middleeasttransparent.com\/wp-content\/uploads\/2026\/03\/rudolph-haykal-2-150x83.png 150w, https:\/\/middleeasttransparent.com\/wp-content\/uploads\/2026\/03\/rudolph-haykal-2-450x249.png 450w, https:\/\/middleeasttransparent.com\/wp-content\/uploads\/2026\/03\/rudolph-haykal-2.png 650w\" sizes=\"(max-width: 600px) 100vw, 600px\" \/><\/a><figcaption id=\"caption-attachment-196593\" class=\"wp-caption-text\">Le commandant de l&rsquo;arm\u00e9e libanaise a d\u00e9clar\u00e9 \u00e0 Washington qu&rsquo;il ne consid\u00e9rait pas le Hezbollah comme une organisation terroriste !<\/figcaption><\/figure>\n<p><strong>\u00c0 ce sujet, plusieurs sources ont indiqu\u00e9 que la d\u00e9mission menac\u00e9e par le commandant de l&rsquo;arm\u00e9e pourrait \u00eatre une bonne id\u00e9e si ce dernier s&rsquo;estimait incapable de mener \u00e0 bien sa mission .<\/strong><\/p>\n<p>L&rsquo;arm\u00e9e isra\u00e9lienne menace d&rsquo;une invasion terrestre pour cr\u00e9er une zone tampon dans le sud du Liban, et des rumeurs circulent selon lesquelles l&rsquo;invasion pourrait atteindre la vall\u00e9e de la Bekaa et viserait \u00e0 d\u00e9sarmer compl\u00e8tement le Hezbollah, une t\u00e2che qui aurait d\u00fb \u00eatre accomplie par l&rsquo;arm\u00e9e libanaise .<\/p>\n<p><strong>Le commandement militaire n&rsquo;est pas une porte d&rsquo;entr\u00e9e vers le palais de Baabda !<\/strong><\/p>\n<p>Pour la premi\u00e8re fois depuis 1969 , ann\u00e9e du funeste Accord du Caire, le gouvernement libanais a d\u00e9pouill\u00e9 le mouvement de r\u00e9sistance autoproclam\u00e9 de toute l\u00e9gitimit\u00e9 et de toute couverture . Hier, il a \u00e9galement conf\u00e9r\u00e9 \u00e0 l&rsquo;arm\u00e9e et aux forces de s\u00e9curit\u00e9 les pleins pouvoirs pour interdire les activit\u00e9s militaires et s\u00e9curitaires du Hezbollah . L&rsquo;arm\u00e9e est d\u00e9sormais tenue d&rsquo;appliquer les ordres du gouvernement , \u00e9mis lors d&rsquo;une session pr\u00e9sid\u00e9e par le Pr\u00e9sident de la R\u00e9publique, Commandant supr\u00eame des Forces arm\u00e9es. D\u00e8s lors, elle n&rsquo;a aucune excuse pour manquer \u00e0 ses devoirs : arr\u00eater les auteurs de tirs de roquettes et poursuivre en justice les dirigeants du Hezbollah.<\/p>\n<p><strong>Il convient de rappeler que la vocation de l&rsquo;arm\u00e9e n&rsquo;est pas de garantir la pr\u00e9sidence de la r\u00e9publique \u00e0 ses commandants !<\/strong><\/p>\n","protected":false},"excerpt":{"rendered":"<p>&nbsp; Que s\u2019est-il pass\u00e9 lors de la r\u00e9union du cabinet libanais d\u2019hier, lorsque le commandant de l\u2019arm\u00e9e, Rudolph Haykal, a \u00e9t\u00e9 convoqu\u00e9 pour \u00eatre officiellement charg\u00e9 de mettre en \u0153uvre la d\u00e9cision du gouvernement d\u2019interdire les activit\u00e9s militaires et s\u00e9curitaires du Hezbollah ? &nbsp; Des sources bien inform\u00e9es indiquent que le commandant a propos\u00e9 une<\/p>\n","protected":false},"author":78,"featured_media":196589,"comment_status":"open","ping_status":"open","sticky":false,"template":"","format":"standard","meta":{"_uf_show_specific_survey":0,"_uf_disable_surveys":false,"footnotes":""},"categories":[37],"tags":[],"class_list":{"0":"post-196602","1":"post","2":"type-post","3":"status-publish","4":"format-standard","5":"has-post-thumbnail","7":"category-alaune-fr"},"aioseo_notices":[],"_links":{"self":[{"href":"https:\/\/middleeasttransparent.com\/fr\/wp-json\/wp\/v2\/posts\/196602","targetHints":{"allow":["GET"]}}],"collection":[{"href":"https:\/\/middleeasttransparent.com\/fr\/wp-json\/wp\/v2\/posts"}],"about":[{"href":"https:\/\/middleeasttransparent.com\/fr\/wp-json\/wp\/v2\/types\/post"}],"author":[{"embeddable":true,"href":"https:\/\/middleeasttransparent.com\/fr\/wp-json\/wp\/v2\/users\/78"}],"replies":[{"embeddable":true,"href":"https:\/\/middleeasttransparent.com\/fr\/wp-json\/wp\/v2\/comments?post=196602"}],"version-history":[{"count":0,"href":"https:\/\/middleeasttransparent.com\/fr\/wp-json\/wp\/v2\/posts\/196602\/revisions"}],"wp:featuredmedia":[{"embeddable":true,"href":"https:\/\/middleeasttransparent.com\/fr\/wp-json\/wp\/v2\/media\/196589"}],"wp:attachment":[{"href":"https:\/\/middleeasttransparent.com\/fr\/wp-json\/wp\/v2\/media?parent=196602"}],"wp:term":[{"taxonomy":"category","embeddable":true,"href":"https:\/\/middleeasttransparent.com\/fr\/wp-json\/wp\/v2\/categories?post=196602"},{"taxonomy":"post_tag","embeddable":true,"href":"https:\/\/middleeasttransparent.com\/fr\/wp-json\/wp\/v2\/tags?post=196602"}],"curies":[{"name":"wp","href":"https:\/\/api.w.org\/{rel}","templated":true}]}}