{"id":19444,"date":"2017-04-13T12:42:51","date_gmt":"2017-04-13T11:42:51","guid":{"rendered":"https:\/\/middleeasttransparent.com\/?p=19444"},"modified":"2017-04-13T12:42:51","modified_gmt":"2017-04-13T11:42:51","slug":"disparition-de-samir-frangie-lapotre-vivre-ensemble-liban","status":"publish","type":"post","link":"https:\/\/middleeasttransparent.com\/fr\/disparition-de-samir-frangie-lapotre-vivre-ensemble-liban\/","title":{"rendered":"Disparition de Samir Frangi\u00e9, l&rsquo;ap\u00f4tre du vivre-ensemble au Liban"},"content":{"rendered":"<article id=\"20170413ARTFIG00083\" class=\"fig-article fig-article-has-source\">\n<div class=\"fig-main-col\">\n<div class=\"fig-micronav-wrapper\">\n<div class=\"fig-micronav\">\n<div class=\"fig-micronav__content\">\n<p>&nbsp;<\/p>\n<\/div>\n<\/div>\n<\/div>\n<p class=\"fig-chapo\">DISPARITION &#8211; L&rsquo;ancien d\u00e9put\u00e9 Samir Frangi\u00e9 vient de mourir \u00e0 Beyrouth d&rsquo;un cancer, \u00e0 l&rsquo;\u00e2ge de 72\u00a0ans.<\/p>\n<div class=\"fig-article-body\">\n<p>Il \u00e9tait l&rsquo;une des voix de la sagesse dans un Liban toujours fractur\u00e9. L&rsquo;ancien d\u00e9put\u00e9 Samir Frangi\u00e9 vient de mourir \u00e0 Beyrouth d&rsquo;un cancer, \u00e0 l&rsquo;\u00e2ge de 72\u00a0ans. Cet ancien journaliste \u00e0 <i>L&rsquo;Orient Le Jour<\/i> \u00e9tait le fils de Hamid Kabalan Frangi\u00e9, l&rsquo;un des p\u00e8res de l&rsquo;ind\u00e9pendance du Liban, plusieurs fois ministre &#8211;\u00a0des Affaires \u00e9trang\u00e8res, des Finances et de l&rsquo;\u00c9ducation.<\/p>\n<p>\u00abSamir Frangi\u00e9, c&rsquo;\u00e9tait un peu celui vers qui l&rsquo;on se tournait quand on ne comprenait plus rien aux volte-faces politiques libanaises, \u00e9crit le site iloubnan.info. C&rsquo;\u00e9tait le garant d&rsquo;une \u00e9thique, d&rsquo;une morale dans les moments o\u00f9 ces valeurs semblaient dispara\u00eetre. C&rsquo;\u00e9tait le grand d\u00e9fenseur d&rsquo;un Liban du vivre-ensemble.\u00bb Bel et juste hommage rendu \u00e0 cet intellectuel, issu du clan Frangi\u00e9, originaire de Zghorta, dans le nord du Liban, une famille qui donna notamment un pr\u00e9sident de la R\u00e9publique &#8211;\u00a0Soleiman Frangi\u00e9, l&rsquo;oncle de Samir.<\/p>\n<p>La guerre civile termin\u00e9e en 1990 &#8211;\u00a0mais loin d&rsquo;\u00eatre encore cicatris\u00e9e\u00a0-, Samir Frangi\u00e9 milita ensuite inlassablement pour la r\u00e9conciliation entre communaut\u00e9s libanaises. Et durant le conflit qui ensanglanta pendant quinze ans le pays du C\u00e8dre, cet humaniste s&rsquo;opposa aux milices et aux partis chr\u00e9tiens de son camp. Il \u0153uvra \u00e0 plusieurs reprises au rapprochement des bellig\u00e9rants, notamment entre le chef druze Walid Joumblatt et le chr\u00e9tien Bachir Gemayel. Avant de jouer un r\u00f4le actif dans la r\u00e9daction de l&rsquo;accord de Ta\u00ebf, qui mit fin \u00e0 la guerre civile.<\/p>\n<h2>Oppos\u00e9 \u00e0 la Syrie<\/h2>\n<p>De sa voix douce, il ass\u00e9nait ses convictions, fond\u00e9es sur le dialogue, et rassembl\u00e9es dans son \u00abAppel de Beyrouth\u00bb lanc\u00e9 en 2004. \u00abNous pensons qu&rsquo;il faut \u00e0 tout prix mettre un terme \u00e0 ce processus de r\u00e9duction qui est \u00e0 l&rsquo;origine de toutes les folies: r\u00e9duction de la civilisation, de la culture \u00e0 la religion, de la religion \u00e0 la politique et de la politique \u00e0 l&rsquo;action violente.\u00bb L&rsquo;action violente, Samir Frangi\u00e9 l&rsquo;exp\u00e9rimenta tr\u00e8s jeune en 1957 lorsqu&rsquo;un massacre entre son clan et celui des Doueihy ensanglanta l&rsquo;\u00e9glise de Zghorta. Une vendetta comme il s&rsquo;en produisait fr\u00e9quemment dans ce nord du Liban aux m\u0153urs un peu frustes. Vingt-trois personnes rest\u00e8rent \u00e0 terre dans l&rsquo;\u00e9glise maronite du village, dont cinq du clan Frangi\u00e9. Une barbarie qui marqua le jeune Samir.<\/p>\n<aside class=\"fig-embed fig-exergue fig-media-droite fig-exergue-droite\">\n<blockquote><p>Samir Frangi\u00e9 semblait r\u00e9solument moderne dans un pays qui ne l&rsquo;est pas forc\u00e9ment, en d\u00e9pit des apparences.<\/p><\/blockquote>\n<\/aside>\n<p><a href=\"http:\/\/www.lefigaro.fr\/international\/2017\/04\/02\/01003-20170402ARTFIG00125-cette-petite-syrie-du-liban-qui-menace-la-stabilite-du-pays.php\" target=\"\">Dans un Liban toujours autant divis\u00e9<\/a>, le combat de Samir Frangi\u00e9 pouvait para\u00eetre une utopie. Mais cet humaniste, francophone et francophile, guid\u00e9 par la pens\u00e9e du philosophe Ren\u00e9 Girard, refusait d&rsquo;abdiquer.<\/p>\n<p>\u00c9lev\u00e9 au rang de commandeur de la L\u00e9gion d&rsquo;honneur par la France, Samir Frangi\u00e9 fut donc naturellement l&rsquo;une des figures de proue de la \u00abR\u00e9volution du C\u00e8dre\u00bb, qui bouta les Syriens hors du Liban au printemps 2005, dans la foul\u00e9e de l&rsquo;assassinat de l&rsquo;ancien premier ministre Rafic Hariri, imput\u00e9 \u00e0 Damas et \u00e0 ses alli\u00e9s.<\/p>\n<p>\u00c9lu au Parlement en 2005 pour le poste de d\u00e9put\u00e9 maronite de Zghorta, il fut un adversaire r\u00e9solu de son cousin, Tony Frangi\u00e9, proche du pr\u00e9sident syrien Bachar el-Assad. Il ne se repr\u00e9senta pas aux \u00e9lections de 2009 mais resta membre du secr\u00e9tariat g\u00e9n\u00e9ral du mouvement du 14\u00a0Mars, oppos\u00e9 \u00e0 la mainmise du Hezbollah chiite pro-iranien sur la politique libanaise.<\/p>\n<p>Samir Frangi\u00e9 semblait r\u00e9solument moderne dans un pays qui ne l&rsquo;est pas forc\u00e9ment, en d\u00e9pit des apparences. Ses chevaux de bataille &#8211;\u00a0la citoyennet\u00e9, la soci\u00e9t\u00e9 civile, la passation du pouvoir et la transparence\u00a0&#8211; restent encore des chantiers \u00e0 achever. Mais cet inalt\u00e9rable optimiste a trac\u00e9 la voie. Son message \u00e9tait un message d&rsquo;espoir dans un pays plac\u00e9 au carrefour des conflits du Moyen-Orient.<\/p>\n<p>En 2000, \u00e0 la demande du p\u00e8re S\u00e9lim Abou, recteur de l&rsquo;universit\u00e9 Saint-Joseph \u00e0 Beyrouth, il fut promu ma\u00eetre de conf\u00e9rences, animant de nombreuses interventions, centr\u00e9es sur les th\u00e8mes du dialogue et du vivre-ensemble, chers \u00e0 son c\u0153ur. Ce qui lui valut de devenir rapidement une figure de r\u00e9f\u00e9rence du mouvement \u00e9tudiant de l&rsquo;\u00e9poque.<\/p>\n<p>En 2011, Samir Frangi\u00e9 publia un essai,<i>Voyage au bout de la violence<\/i>, aux \u00c9ditions Actes Sud, fruit de son contact ininterrompu avec la violence.<\/p>\n<p><a href=\"http:\/\/www.lefigaro.fr\/international\/2017\/04\/13\/01003-20170413ARTFIG00083-disparition-de-samir-frangie-l-apotre-du-vivre-ensemble-au-liban.php\"><strong>LE FIGARO<\/strong><\/a><\/p>\n<\/div>\n<\/div>\n<\/article>\n","protected":false},"excerpt":{"rendered":"<p>&nbsp; DISPARITION &#8211; L&rsquo;ancien d\u00e9put\u00e9 Samir Frangi\u00e9 vient de mourir \u00e0 Beyrouth d&rsquo;un cancer, \u00e0 l&rsquo;\u00e2ge de 72\u00a0ans. Il \u00e9tait l&rsquo;une des voix de la sagesse dans un Liban toujours fractur\u00e9. L&rsquo;ancien d\u00e9put\u00e9 Samir Frangi\u00e9 vient de mourir \u00e0 Beyrouth d&rsquo;un cancer, \u00e0 l&rsquo;\u00e2ge de 72\u00a0ans. Cet ancien journaliste \u00e0 L&rsquo;Orient Le Jour \u00e9tait le<\/p>\n","protected":false},"author":34,"featured_media":19446,"comment_status":"open","ping_status":"open","sticky":false,"template":"","format":"standard","meta":{"_uf_show_specific_survey":0,"_uf_disable_surveys":false,"footnotes":""},"categories":[22],"tags":[],"class_list":{"0":"post-19444","1":"post","2":"type-post","3":"status-publish","4":"format-standard","5":"has-post-thumbnail","7":"category-actualites-fr"},"aioseo_notices":[],"_links":{"self":[{"href":"https:\/\/middleeasttransparent.com\/fr\/wp-json\/wp\/v2\/posts\/19444","targetHints":{"allow":["GET"]}}],"collection":[{"href":"https:\/\/middleeasttransparent.com\/fr\/wp-json\/wp\/v2\/posts"}],"about":[{"href":"https:\/\/middleeasttransparent.com\/fr\/wp-json\/wp\/v2\/types\/post"}],"author":[{"embeddable":true,"href":"https:\/\/middleeasttransparent.com\/fr\/wp-json\/wp\/v2\/users\/34"}],"replies":[{"embeddable":true,"href":"https:\/\/middleeasttransparent.com\/fr\/wp-json\/wp\/v2\/comments?post=19444"}],"version-history":[{"count":0,"href":"https:\/\/middleeasttransparent.com\/fr\/wp-json\/wp\/v2\/posts\/19444\/revisions"}],"wp:featuredmedia":[{"embeddable":true,"href":"https:\/\/middleeasttransparent.com\/fr\/wp-json\/wp\/v2\/media\/19446"}],"wp:attachment":[{"href":"https:\/\/middleeasttransparent.com\/fr\/wp-json\/wp\/v2\/media?parent=19444"}],"wp:term":[{"taxonomy":"category","embeddable":true,"href":"https:\/\/middleeasttransparent.com\/fr\/wp-json\/wp\/v2\/categories?post=19444"},{"taxonomy":"post_tag","embeddable":true,"href":"https:\/\/middleeasttransparent.com\/fr\/wp-json\/wp\/v2\/tags?post=19444"}],"curies":[{"name":"wp","href":"https:\/\/api.w.org\/{rel}","templated":true}]}}