{"id":19385,"date":"2017-04-12T05:07:32","date_gmt":"2017-04-12T04:07:32","guid":{"rendered":"https:\/\/middleeasttransparent.com\/?p=19385"},"modified":"2017-05-13T20:21:00","modified_gmt":"2017-05-13T19:21:00","slug":"a-samir-frangieh-artisan-de-paix-orfevre-vivre-ensemble-symbole-de-moderation","status":"publish","type":"post","link":"https:\/\/middleeasttransparent.com\/fr\/a-samir-frangieh-artisan-de-paix-orfevre-vivre-ensemble-symbole-de-moderation\/","title":{"rendered":"A Samir Frangieh:\u00a0Artisan de paix, orf\u00e8vre du vivre-ensemble,\u00a0symbole de la mod\u00e9ration"},"content":{"rendered":"<h3 class=\"p1\"><b><\/b><span class=\"s1\">Comment saluer la m\u00e9moire de l\u2019ami qui, a pass\u00e9 de si longues d\u00e9cennies dans un face-\u00e0-face permanent avec la maladie et la mort sans jamais se d\u00e9partir de son doux sourire, de son regard espi\u00e8gle et p\u00e9tillant d\u2019intelligence, de sa voix douce et pleine d\u2019humanit\u00e9 et de son incomparable sens de l\u2019humour et de la r\u00e9partie.<\/span><\/h3>\n<p class=\"p4\"><span class=\"s1\">Comment raconter le courage noble et in\u00e9branlable de ce grand monsieur qui, jusqu\u2019\u00e0 son dernier souffle, n\u2019a cess\u00e9 de dire \u00e0 sa vielle ennemie, la maladie\u00a0: \u00ab\u00a0Tu ne m\u2019auras pas\u00a0\u00bb. Et pourtant, un c\u00e8dre du Liban vient de perdre l\u2019ultime combat. Samir Frangieh a \u00e9t\u00e9 terrass\u00e9 par la maladie et nous a quitt\u00e9s pour l\u2019au-del\u00e0.<\/span><\/p>\n<p class=\"p4\"><span class=\"s1\">Combattant courageux et intr\u00e9pide, il le fut toute sa vie durant. L\u2019id\u00e9al de gauche dont il \u00e9tait p\u00e9tri lui avait communiqu\u00e9 cette flamme sacr\u00e9e qui anime les grands intellectuels, les grands sages parmi les sages, les voix des hommes libres qui remplissent les agoras et qui font honneur \u00e0 leur cit\u00e9 et \u00e0 leur patrie.<\/span><\/p>\n<p class=\"p4\"><span class=\"s1\">Nul, au sein des cercles intellectuels, politiques ou dans les r\u00e9seaux actifs de la soci\u00e9t\u00e9 civile n\u2019aurait imagin\u00e9 prendre la moindre initiative sans se poser la question\u00a0: \u00ab\u00a0Quelle place r\u00e9servons-nous \u00e0 Samir Bey\u00a0? Qu\u2019en pense Samir Bey\u00a0? Comment convaincre Samir Bey\u00a0?\u00a0\u00bb. A lui seul, il incarnait la pens\u00e9 politique dans son aspect le plus noble, celui de l\u2019application permanente \u00e0 la recherche du bien commun.<\/span><\/p>\n<p class=\"p4\"><span class=\"s1\">Cet homme d\u2019exception, cet inconditionnel de la cause juste du peuple de Palestine et de tous les peuples arabes opprim\u00e9s, cet orf\u00e8vre du mouvement d\u2019ind\u00e9pendance du Liban de 2005, cet artisan de la \u00ab\u00a0paix du Liban\u00a0\u00bb comme il aimait le r\u00e9p\u00e9ter, cette fourmi travailleuse de la non-violence et du vivre-ensemble, cet artiste d\u00e9licat de la formulation politique, avait fini par susciter autour de sa personne un consensus g\u00e9n\u00e9ral le mettant en marge des m\u00e9andres tortueux de la lutte pour le pouvoir. <\/span><\/p>\n<p class=\"p4\"><span class=\"s1\">Il \u00e9tait le c\u0153ur, l\u2019\u00e2me et la conscience du mouvement du 14 Mars. Et pourtant, il demeurait \u00e0 l\u2019\u00e9cart des man\u0153uvres politiciennes de son propre camp. Il \u00e9tait un adversaire f\u00e9roce de l\u2019h\u00e9g\u00e9monie irano-syrienne sur le Liban, non pas au nom d\u2019un quelconque irr\u00e9dentisme partisan ou d\u2019une haine visc\u00e9rale \u00e0 l\u2019\u00e9gard des dirigeants de T\u00e9h\u00e9ran et de Damas, mais uniquement au nom du vivre-ensemble au Liban que la strat\u00e9gie h\u00e9g\u00e9monique de ces deux capitales d\u00e9stabilisent et mettent en danger.<\/span><\/p>\n<p class=\"p4\"><span class=\"s1\">Le Bey Rouge ou le seigneur f\u00e9odal de gauche, tel \u00e9tait son surnom. Ce libanais de Zghorta, ce citoyen patriote et loyal, cette figure de proue d\u2019une soci\u00e9t\u00e9 clanique chr\u00e9tienne traditionnelle avait fini par incarner la quintessence de la citadinit\u00e9. C\u2019est Beyrouth qui \u00e9tait sa cit\u00e9, et c\u2019est gr\u00e2ce \u00e0 sa plein implication dans la vie de la grande m\u00e9tropole qu\u2019il avait d\u00e9cid\u00e9 de s\u2019engager au sein de ces r\u00e9seaux de gauche tant honnis par les cercles chr\u00e9tiens de la droite libanaise. Etre de gauche durant la guerre civile passait, pratiquement, pour un acte de haute trahison \u00e0 l\u2019\u00e9gard de la \u00ab\u00a0cause sacr\u00e9e libanaise\u00a0\u00bb.<\/span><\/p>\n<p class=\"p4\"><span class=\"s1\">Et pourtant, il fut une des chevilles ouvri\u00e8res de toutes les rencontres \u0153cum\u00e9niques et de tous les synodes eccl\u00e9siastiques organis\u00e9s en faveur du Liban depuis les ann\u00e9es 1990. Mais il fut \u00e9galement un acteur de premier plan pour la finalisation des Accords de Ta\u00ebf auxquels il n\u2019a cess\u00e9 de croire pleinement jusqu\u2019\u00e0 sur son lit de mort. Il ne cessait de r\u00e9p\u00e9ter\u00a0: \u00ab\u00a0La paix du Liban passe par l\u2019application de Ta\u00ebf\u2026 La paix dans les pays du Levant arabe n\u00e9cessite un Ta\u00ebf pour chaque Etat\u00a0\u00bb<\/span><\/p>\n<p class=\"p4\"><span class=\"s1\">Quel \u00e9tait le secret cach\u00e9 de Samir Frangieh, cette part de myst\u00e8re qui pourrait expliquer son engagement hors des sentiers traditionnels de son clan familial et de son milieu confessionnel\u00a0? <\/span><\/p>\n<p class=\"p4\"><span class=\"s1\">Lors d\u2019une de mes derni\u00e8res rencontres avec lui, l\u2019ami Samir me permit de mieux saisir cette flamme qui l\u2019animait. Nous \u00e9tions assis dans la p\u00e9nombre de son salon. Nous parlions de l\u2019\u00e9trange changement du discours politique partout dans le monde, de sa vulgarit\u00e9 actuelle, de sa violence, de la haine qui n\u2019a plus honte de cacher sa face de charogne puante. <\/span><\/p>\n<p class=\"p4\"><span class=\"s1\">Je luis dis\u00a0: \u00ab\u00a0Je n\u2019ai jamais \u00e9t\u00e9 un activiste de gauche dans ma jeunesse. Et pourtant, quand je revois des images t\u00e9l\u00e9vis\u00e9es des grandes figures de jadis comme Fidel Castro ou Ho Chi Minh, je ne puis m\u2019emp\u00eacher de me dire que ces hommes, en d\u00e9pit de leur violence r\u00e9volutionnaire, refl\u00e9taient quelque chose de notre humanit\u00e9\u00a0\u00bb. <\/span><\/p>\n<p class=\"p4\"><span class=\"s1\">Apr\u00e8s un moment de silence, Samir Bey me sourit et me dit de sa voix douce et basse\u00a0: \u00ab\u00a0Leur visage refl\u00e9tait quelque chose des valeurs de l\u2019Evangile\u00a0\u00bb.<\/span><\/p>\n<p class=\"p4\"><span class=\"s1\">Le grand Samir, le Bey Rouge, me r\u00e9v\u00e9lait ainsi sa grandeur d\u2019\u00e2me model\u00e9e par la communion profonde qu\u2019il avait avec l\u2019enseignement de ce J\u00e9sus de Nazareth\u00a0: \u00ab\u00a0Bienheureux les pauvres. Bienheureux les afflig\u00e9s. Bienheureux les assoiff\u00e9s de justice. Bienheureux les artisans de paix.\u00a0\u00bb.<\/span><\/p>\n<p class=\"p4\"><strong><span class=\"s1\">Ce sont ces m\u00eames valeurs que Samir Bey r\u00e9sumait par son slogan politique maintes fois r\u00e9p\u00e9t\u00e9\u00a0:<span class=\"Apple-converted-space\">\u00a0 <\/span>\u00ab\u00a0Mod\u00e9r\u00e9s de tous les pays, unissons-nous\u00a0\u00bb.<\/span><\/strong><\/p>\n","protected":false},"excerpt":{"rendered":"<p>Comment saluer la m\u00e9moire de l\u2019ami qui, a pass\u00e9 de si longues d\u00e9cennies dans un face-\u00e0-face permanent avec la maladie et la mort sans jamais se d\u00e9partir de son doux sourire, de son regard espi\u00e8gle et p\u00e9tillant d\u2019intelligence, de sa voix douce et pleine d\u2019humanit\u00e9 et de son incomparable sens de l\u2019humour et de la<\/p>\n","protected":false},"author":33,"featured_media":19386,"comment_status":"open","ping_status":"open","sticky":false,"template":"","format":"standard","meta":{"_uf_show_specific_survey":0,"_uf_disable_surveys":false,"footnotes":""},"categories":[60],"tags":[357],"class_list":{"0":"post-19385","1":"post","2":"type-post","3":"status-publish","4":"format-standard","5":"has-post-thumbnail","7":"category-magazine","8":"tag-magazine-fr"},"aioseo_notices":[],"_links":{"self":[{"href":"https:\/\/middleeasttransparent.com\/fr\/wp-json\/wp\/v2\/posts\/19385","targetHints":{"allow":["GET"]}}],"collection":[{"href":"https:\/\/middleeasttransparent.com\/fr\/wp-json\/wp\/v2\/posts"}],"about":[{"href":"https:\/\/middleeasttransparent.com\/fr\/wp-json\/wp\/v2\/types\/post"}],"author":[{"embeddable":true,"href":"https:\/\/middleeasttransparent.com\/fr\/wp-json\/wp\/v2\/users\/33"}],"replies":[{"embeddable":true,"href":"https:\/\/middleeasttransparent.com\/fr\/wp-json\/wp\/v2\/comments?post=19385"}],"version-history":[{"count":0,"href":"https:\/\/middleeasttransparent.com\/fr\/wp-json\/wp\/v2\/posts\/19385\/revisions"}],"wp:featuredmedia":[{"embeddable":true,"href":"https:\/\/middleeasttransparent.com\/fr\/wp-json\/wp\/v2\/media\/19386"}],"wp:attachment":[{"href":"https:\/\/middleeasttransparent.com\/fr\/wp-json\/wp\/v2\/media?parent=19385"}],"wp:term":[{"taxonomy":"category","embeddable":true,"href":"https:\/\/middleeasttransparent.com\/fr\/wp-json\/wp\/v2\/categories?post=19385"},{"taxonomy":"post_tag","embeddable":true,"href":"https:\/\/middleeasttransparent.com\/fr\/wp-json\/wp\/v2\/tags?post=19385"}],"curies":[{"name":"wp","href":"https:\/\/api.w.org\/{rel}","templated":true}]}}