{"id":19136,"date":"2017-04-05T16:15:02","date_gmt":"2017-04-05T15:15:02","guid":{"rendered":"https:\/\/middleeasttransparent.com\/?p=19136"},"modified":"2017-04-05T16:24:19","modified_gmt":"2017-04-05T15:24:19","slug":"turquie-meilleure-ennemie-de-daech","status":"publish","type":"post","link":"https:\/\/middleeasttransparent.com\/fr\/turquie-meilleure-ennemie-de-daech\/","title":{"rendered":"Turquie, meilleure ennemie de Daech ?"},"content":{"rendered":"<header id=\"fig-header\" class=\"figh js-figh--has-reader js-figh-cookie\">\n<div class=\"figh__container\">\n<div class=\"figh__full full\">\n<div class=\"figh__middle-side middle_side\">\n<div class=\"figh-logo\"><\/div>\n<div class=\"figh-keyword\">\n<p>&nbsp;<\/p>\n<p>&nbsp;<\/p>\n<p><strong>Par <a class=\" fig-picto-journaliste-haut\" href=\"http:\/\/plus.lefigaro.fr\/page\/eleonore-de-vulpillieres-0\">El\u00e9onore de Vulpilli\u00e8res<\/a><\/strong><\/p>\n<\/div>\n<\/div>\n<\/div>\n<\/div>\n<\/header>\n<div id=\"page\">\n<div class=\"fig-art fig-container\">\n<div class=\"fig-art__main-pub\">\n<div class=\"fig-art-col-left\">\n<article id=\"20150728ARTFIG00286\" class=\"fig-article fig-article-has-no-source\">\n<div class=\"fig-main-col\"><\/div>\n<div class=\"fig-micronav__item fig-micronav__item--subscription\"><\/div>\n<div class=\"fig-main-col\" style=\"text-align: center;\">\n<p class=\"fig-chapo\" style=\"text-align: left;\"><strong>FIGAROVOX\/ENTRETIEN<\/strong> &#8211; La Turquie a d\u00e9cid\u00e9 d&rsquo;engager le combat contre les djihadistes de l&rsquo;Etat islamique avant de bombarder une base du PKK, le parti kurde. Pour Hadrien Desuin, la strat\u00e9gie pragmatique d&rsquo;Erdogan est ambigu\u00eb.<\/p>\n<hr \/>\n<p class=\"fig-article-body\" style=\"text-align: left;\"><i>Ancien \u00e9l\u00e8ve de l&rsquo;\u00c9cole sp\u00e9ciale militaire de Saint-Cyr puis de l&rsquo;\u00c9cole des officiers de la Gendarmerie nationale, Hadrien Desuin est titulaire d&rsquo;un master II en relations internationales et strat\u00e9gie sur la question des Chr\u00e9tiens d&rsquo;Orient. Il a dirig\u00e9 le site<\/i> Les Conversations fran\u00e7aises <i>de 2010 \u00e0 2012. Aujourd&rsquo;hui il collabore \u00e0 <\/i>Causeur <i>et <\/i>Conflits <i>o\u00f9 il suit l&rsquo;actualit\u00e9 de la diplomatie fran\u00e7aise dans le monde.<\/i><\/p>\n<hr \/>\n<p style=\"text-align: left;\"><strong>LE FIGARO. &#8211; Le monde a salu\u00e9 le revirement de la Turquie dans la <a href=\"http:\/\/www.lefigaro.fr\/international\/2015\/07\/24\/01003-20150724ARTFIG00041-la-turquie-bombarde-des-bases-de-l-etat-islamique.php\" target=\"\">lutte <\/a>contre l&rsquo;Etat islamique. Comment expliquer cet engagement tardif et l&rsquo;ambigu\u00eft\u00e9 entretenue sur son positionnement sur les djihadistes de l&rsquo;EI?<\/strong><\/p>\n<p style=\"text-align: left;\"><strong>Hadrien DESUIN<\/strong>. &#8211; La Turquie a d\u00e9j\u00e0 d\u00e9clar\u00e9 la guerre \u00e0 l&rsquo;Etat islamique \u00e0 de nombreuses reprises. En ce sens la r\u00e9jouissance occidentale est tr\u00e8s pr\u00e9matur\u00e9e ou bien tr\u00e8s en retard. L&rsquo;Etat islamique avait pris de nombreux otages turcs lors de son avanc\u00e9e foudroyante de l&rsquo;\u00e9t\u00e9 2014 \u00e0 Mossoul et elle mena\u00e7ait le mausol\u00e9e du fondateur de la dynastie ottomane dans le nord syrien. Pour autant, l&rsquo;ambigu\u00eft\u00e9 perdure: la Turquie a m\u00e9nag\u00e9 ce groupe islamiste en lui servant de base arri\u00e8re pour ses bless\u00e9s, son p\u00e9trole et ses fournitures en tous genres. Car \u00e0 choisir, comme on l&rsquo;a vu \u00e0 Koban\u00e9, elle pr\u00e9f\u00e8re encore l&rsquo;Etat islamique aux marxistes kurdes qui menacent son int\u00e9grit\u00e9 territoriale. Quand les Etats-Unis ont renonc\u00e9 \u00e0 bombarder Assad, la Turquie, de m\u00eame que la France, a manifest\u00e9 sa d\u00e9ception ; elle demeure sur l&rsquo;id\u00e9e que la coalition doit bombarder en priorit\u00e9 Assad, plut\u00f4t que l&rsquo;EI.<\/p>\n<p style=\"text-align: left;\">Il y a quelques mois, lors de la derni\u00e8re r\u00e9union des ministres des affaires \u00e9trang\u00e8res de l&rsquo;OTAN \u00e0 Antalya, la Turquie appelait d\u00e9j\u00e0 \u00e0 se mobiliser contre Daech, sans pour autant autoriser les Am\u00e9ricains \u00e0 d\u00e9coller de ses bases pour bombarder son ennemi. Les buts de guerre ne sont pas d\u00e9finis de la m\u00eame fa\u00e7on par les Am\u00e9ricains et par les Turcs. Plusieurs annonces d&rsquo;accord avec la coalition am\u00e9ricaine ont eu lieu sans jamais d\u00e9boucher.<\/p>\n<p style=\"text-align: left;\"><strong>L&rsquo;arm\u00e9e turque a effectu\u00e9 des frappes a\u00e9riennes contre l&rsquo;EI en Syrie, apr\u00e8s un\u00a0<a href=\"http:\/\/www.lefigaro.fr\/international\/2015\/07\/21\/01003-20150721ARTFIG00227-l-attentat-de-suruc-sanctionne-le-jeu-trouble-de-la-turquie-face-a-daech.php\" target=\"\">attentat <\/a>meurtrier \u00e0 Suru\u00e7, puis attaqu\u00e9 une base du PKK (Parti des travailleurs du Kurdistan). La guerre contre l&rsquo;EI est-elle un pr\u00e9texte pour combattre les Kurdes, pourtant farouches adversaires de l&rsquo;EI &#8211; notamment \u00e0 Koban\u00e9?<\/strong><\/p>\n<p style=\"text-align: left;\">La riposte turque contre l&rsquo;Etat islamique est la r\u00e9action minimale qui s&rsquo;imposait \u00e0 la Turquie. L&rsquo;EI a une strat\u00e9gie tous azimuts et ne m\u00e9nage pas beaucoup ses alli\u00e9s objectifs. La Turquie a profit\u00e9 de cette riposte &#8211; \u00e0 partir de son territoire, a-t-elle pr\u00e9cis\u00e9 &#8211; pour effectivement frapper les Kurdes syriens, et irakiens, pourtant en pointe dans le combat contre Daech. Pour la Turquie, le probl\u00e8me kurde est une question int\u00e9rieure, bien plus sensible que la guerre en Syrie. L&rsquo;ennemi principal est donc le parti kurde, o\u00f9 qu&rsquo;il soit. La Turquie s&rsquo;inqui\u00e8te de voir les Kurdes chasser l&rsquo;EI de sa fronti\u00e8re avec la Syrie. Les d\u00e9n\u00e9gations officielles ne trompent personne. L&rsquo;EI est en train de perdre son dernier d\u00e9bouch\u00e9 vers la Turquie, de m\u00eame pour l&rsquo;alliance djihadiste que la Turquie soutient en Syrie (Al Nosra). Or on ne peut combattre l&rsquo;EI et les Kurdes en m\u00eame temps ; attaquer les Kurdes c&rsquo;est indirectement d\u00e9fendre l&rsquo;EI ou le Front Al Nosra.<\/p>\n<p>&nbsp;<\/p>\n<h3 class=\"fig-embed fig-exergue\"><span style=\"color: #0000ff;\">La Turquie pratique l&rsquo;entrisme \u00e0 Bruxelles, \u00e0 l&rsquo;OTAN et dans l&rsquo;UE. \u00a0Elle profite de ces alliances occidentales pour man\u0153uvrer en Syrie.<\/span><\/h3>\n<p>&nbsp;<\/p>\n<\/div>\n<aside class=\"fig-embed fig-exergue\"><\/aside>\n<div class=\"fig-main-col\" style=\"text-align: center;\">\n<p style=\"text-align: left;\"><strong>Quelle est la strat\u00e9gie de la Turquie dans le cadre de l&rsquo;OTAN, quelles sont ses relations avec ses partenaires \u00e9tasuniens et europ\u00e9ens sur la question de l&rsquo;EI?<\/strong><\/p>\n<p style=\"text-align: left;\">Il s&rsquo;agit d&rsquo;entrisme et de manipulation. Le double jeu continue depuis deux ans maintenant. La Turquie a \u00e9t\u00e9 furieuse de voir \u00e0 l&rsquo;\u00e9t\u00e9 2013 les Etats-Unis, la France et le Royaume-Uni renoncer \u00e0 frapper Bachar sous couvert d&rsquo;accord am\u00e9ricano-russe sur le d\u00e9sarmement chimique. Il n&rsquo;y a que Hollande pour se r\u00e9jouir de la pseudo guerre turque contre l&rsquo;EI (\u00e0 laquelle il ne participe m\u00eame pas en Syrie). Et il ne dit pas un mot sur les Kurdes. La Turquie pratique l&rsquo;entrisme \u00e0 Bruxelles, \u00e0 l&rsquo;OTAN et dans l&rsquo;UE. Elle profite de ces alliances occidentales pour man\u0153uvrer en Syrie. Elle avait d\u00e9j\u00e0 obtenu des batteries de missiles Patriot et des radars pour surveiller et contr\u00f4ler l&rsquo;arm\u00e9e syrienne. Aujourd&rsquo;hui, elle cherche toujours \u00e0 mobiliser la coalition dans son combat contre Bachar et la gestion des r\u00e9fugi\u00e9s en formant une zone d&rsquo;interdiction a\u00e9rienne, mais les Am\u00e9ricains acceptent mal que la Turquie frappe ses meilleurs alli\u00e9s contre l&rsquo;EI qui sont les Kurdes. Il y a donc fort \u00e0 parier que l&rsquo;accord am\u00e9ricano-turc va de nouveau capoter faute d&rsquo;accord sur les buts de guerre. L&rsquo;OTAN s&rsquo;avoue impuissante sur ce dossier, ce qui devrait poser la question du maintien de la Turquie dans l&rsquo;alliance et dans le processus d&rsquo;adh\u00e9sion \u00e0 l&rsquo;UE.<\/p>\n<p style=\"text-align: left;\">D\u00e9but 2011, les Turcs ne voulaient pas faire la guerre \u00e0 Bachar, puis ils se sont ralli\u00e9s \u00e0 l&rsquo;opposition syrienne en misant sur un mouvement sunnite qui finirait par faire tomber le pr\u00e9sident syrien. On r\u00e9p\u00e9tait partout que Bachar allait tomber. Pourtant il \u00e9tait \u00e9vident qu&rsquo;une d\u00e9stabilisation de Bachar avantagerait les Kurdes syriens. Il y a \u00e0 pr\u00e9sent un effet boomerang: les Turcs ont jou\u00e9 aux pompiers pyromanes en Syrie, ils subissent \u00e0 pr\u00e9sent les cons\u00e9quences de leurs actes. Il y a des passerelles entre le PKK turc et le YPG syrien, fondamentalement oppos\u00e9s \u00e0 l&rsquo;islamisme conservateur d&rsquo;Erdogan.<\/p>\n<p style=\"text-align: left;\">\n<\/div>\n<div class=\"fig-main-col\" style=\"text-align: center;\">\n<h3 class=\"fig-embed fig-exergue\"><span style=\"color: #0000ff;\">Erdogan pourrait profiter de cette guerre contre le \u00abterrorisme\u00bb dans un but \u00e9lectoral : \u00a0marginaliser les Kurdes, les assimiler \u00e0 l&rsquo;EI et s&rsquo;allier aux nationalistes ou aux k\u00e9malistes turcs.<\/span><\/h3>\n<p>&nbsp;<\/p>\n<\/div>\n<\/article>\n<h3 class=\"fig-embed fig-exergue\"><\/h3>\n<article id=\"20150728ARTFIG00286\" class=\"fig-article fig-article-has-no-source\">\n<div class=\"fig-main-col\" style=\"text-align: center;\">\n<h3><\/h3>\n<p style=\"text-align: left;\"><strong>Certains pensent que ce processus d&rsquo;adh\u00e9sion \u00e0 l&rsquo;UE en cours depuis 1987 n&rsquo;a pas pour r\u00e9el but l&rsquo;entr\u00e9e de la Turquie dans l&rsquo;UE. Les fonds structurels et une tribune \u00e0 Bruxelles suffisent\u2026<\/strong><\/p>\n<p style=\"text-align: left;\">Ils ne se retirent pas de ce processus car celui-ci leur procure des avantages, m\u00eame sans d\u00e9bouch\u00e9s tels que l&rsquo;entr\u00e9e de la Turquie dans l&rsquo;UE. Il leur fournit un statut d&rsquo;observateur, un acc\u00e8s privil\u00e9gi\u00e9 \u00e0 un certain nombre d&rsquo;informations et de proc\u00e9dures \u00e0 Bruxelles. Ils ont adopt\u00e9 une strat\u00e9gie r\u00e9aliste, pragmatique et fine. La Turquie fait feu de tout bois pour pr\u00e9server ses int\u00e9r\u00eats.<\/p>\n<p style=\"text-align: left;\"><strong>Le PKK pourrait-il profiter de cette guerre contre l&rsquo;EI pour obtenir davantage d&rsquo;autonomie en Turquie?<\/strong><\/p>\n<p style=\"text-align: left;\">Il ne me semble pas que le PKK soit dans une logique d&rsquo;autonomie mais clairement d&rsquo;ind\u00e9pendance, de r\u00e9sistance. Surtout depuis que la Turquie soutient discr\u00e8tement les djihadistes contre les Kurdes de Syrie, ces derniers sont d\u00e9sormais dans une logique de guerre. De plus les Kurdes sont divis\u00e9s entre eux &#8211; selon qu&rsquo;ils soient turcs, irakiens ou syriens. L&rsquo;\u00e9mergence d&rsquo;un grand Kurdistan para\u00eet lointaine. Erdogan pourrait profiter de cette guerre contre le \u00abterrorisme\u00bb dans un but \u00e9lectoral: marginaliser les Kurdes, les assimiler \u00e0 l&rsquo;EI et s&rsquo;allier aux nationalistes ou aux k\u00e9malistes turcs.<\/p>\n<p style=\"text-align: left;\"><strong>Quelle est la position des Etats-Unis et de l&rsquo;UE sur le PKK, puisqu&rsquo;ils le consid\u00e8rent \u00e0 la fois comme une organisation terroriste et comme des alli\u00e9s objectifs dans la lutte contre l&rsquo;EI?<\/strong><\/p>\n<p style=\"text-align: left;\">Les pays de l&rsquo;UE ne soutiennent pas la campagne am\u00e9ricaine en Syrie contre Daech mais uniquement en Irak. Par ailleurs le PKK intervient en Turquie alors que c&rsquo;est son parti fr\u00e8re le YPG [ndlr: Unit\u00e9s de protection du peuple, branche arm\u00e9e du PYD, Parti de l&rsquo;union d\u00e9mocratique, le parti politique kurde syrien] qui se bat contre l&rsquo;EI. Alli\u00e9s de fait avec l&rsquo;arm\u00e9e loyale \u00e0 Bachar al-Assad, les pays europ\u00e9ens r\u00e9pugnent \u00e0 soutenir les Kurdes de Syrie. Et en Irak, les Kurdes ne sont pas affili\u00e9s au PKK, Barzani est alli\u00e9 \u00e0 la Turquie et la laisse bombarder les bases du PKK sur la fronti\u00e8re irakienne. La coalition am\u00e9ricaine se garde bien d&rsquo;intervenir dans les affaires int\u00e9rieures turques contre le PKK, mais elle soutient la cause kurde \u00e0 l&rsquo;ext\u00e9rieur. D&rsquo;o\u00f9 l&rsquo;incompr\u00e9hension am\u00e9ricano-turque.<\/p>\n<h3 style=\"text-align: left;\"><a href=\"http:\/\/www.lefigaro.fr\/vox\/monde\/2015\/07\/28\/31002-20150728ARTFIG00286-turquie-le-meilleur-ennemi-de-daech.php\"><strong>Le Figaro<\/strong><\/a><\/h3>\n<\/div>\n<\/article>\n<\/div>\n<\/div>\n<\/div>\n<\/div>\n","protected":false},"excerpt":{"rendered":"<p>&nbsp; &nbsp; Par El\u00e9onore de Vulpilli\u00e8res FIGAROVOX\/ENTRETIEN &#8211; La Turquie a d\u00e9cid\u00e9 d&rsquo;engager le combat contre les djihadistes de l&rsquo;Etat islamique avant de bombarder une base du PKK, le parti kurde. Pour Hadrien Desuin, la strat\u00e9gie pragmatique d&rsquo;Erdogan est ambigu\u00eb. Ancien \u00e9l\u00e8ve de l&rsquo;\u00c9cole sp\u00e9ciale militaire de Saint-Cyr puis de l&rsquo;\u00c9cole des officiers de la<\/p>\n","protected":false},"author":152,"featured_media":19142,"comment_status":"open","ping_status":"open","sticky":false,"template":"","format":"standard","meta":{"_uf_show_specific_survey":0,"_uf_disable_surveys":false,"footnotes":""},"categories":[37],"tags":[],"class_list":{"0":"post-19136","1":"post","2":"type-post","3":"status-publish","4":"format-standard","5":"has-post-thumbnail","7":"category-alaune-fr"},"aioseo_notices":[],"_links":{"self":[{"href":"https:\/\/middleeasttransparent.com\/fr\/wp-json\/wp\/v2\/posts\/19136","targetHints":{"allow":["GET"]}}],"collection":[{"href":"https:\/\/middleeasttransparent.com\/fr\/wp-json\/wp\/v2\/posts"}],"about":[{"href":"https:\/\/middleeasttransparent.com\/fr\/wp-json\/wp\/v2\/types\/post"}],"author":[{"embeddable":true,"href":"https:\/\/middleeasttransparent.com\/fr\/wp-json\/wp\/v2\/users\/152"}],"replies":[{"embeddable":true,"href":"https:\/\/middleeasttransparent.com\/fr\/wp-json\/wp\/v2\/comments?post=19136"}],"version-history":[{"count":0,"href":"https:\/\/middleeasttransparent.com\/fr\/wp-json\/wp\/v2\/posts\/19136\/revisions"}],"wp:featuredmedia":[{"embeddable":true,"href":"https:\/\/middleeasttransparent.com\/fr\/wp-json\/wp\/v2\/media\/19142"}],"wp:attachment":[{"href":"https:\/\/middleeasttransparent.com\/fr\/wp-json\/wp\/v2\/media?parent=19136"}],"wp:term":[{"taxonomy":"category","embeddable":true,"href":"https:\/\/middleeasttransparent.com\/fr\/wp-json\/wp\/v2\/categories?post=19136"},{"taxonomy":"post_tag","embeddable":true,"href":"https:\/\/middleeasttransparent.com\/fr\/wp-json\/wp\/v2\/tags?post=19136"}],"curies":[{"name":"wp","href":"https:\/\/api.w.org\/{rel}","templated":true}]}}