{"id":190965,"date":"2025-10-19T00:14:09","date_gmt":"2025-10-18T23:14:09","guid":{"rendered":"https:\/\/middleeasttransparent.com\/?p=190965"},"modified":"2025-10-19T00:14:09","modified_gmt":"2025-10-18T23:14:09","slug":"lecrasante-responsabilite-du-hamas-dans-la-catastrophe-palestinienne","status":"publish","type":"post","link":"https:\/\/middleeasttransparent.com\/fr\/lecrasante-responsabilite-du-hamas-dans-la-catastrophe-palestinienne\/","title":{"rendered":"L\u2019\u00e9crasante responsabilit\u00e9 du Hamas dans la catastrophe palestinienne"},"content":{"rendered":"<header class=\"article__header article__header--opinion \">\n<section class=\"article__authors\">\n<section class=\"article__author-description \">\n<p class=\"article__author-job\">\n<\/section>\n<\/section>\n<p class=\"article__desc article__desc--opinion\">Le mouvement islamiste, au lieu d\u2019accorder la priorit\u00e9 \u00e0 l\u2019int\u00e9grit\u00e9 du peuple palestinien, n\u2019a cess\u00e9 de fournir \u00e0 Isra\u00ebl des pr\u00e9textes pour d\u00e9vaster la bande de Gaza, explique l\u2019historien Jean-Pierre Filiu dans sa chronique.<\/p>\n<p>&nbsp;<\/p>\n<\/header>\n<section class=\"article__wrapper article__wrapper--premium \">\n<article class=\"article__content old__article-content-single\">\n<p class=\"article__paragraph \"><span class=\"article__inner\">L<\/span>e nationalisme palestinien a toujours souffert d\u2019un rapport de force \u00e9crasant en faveur du mouvement sioniste, puis de l\u2019Etat d\u2019Isra\u00ebl. Il est n\u00e9anmoins discutable d\u2019\u00e9luder la responsabilit\u00e9 de certains dirigeants palestiniens dans <a href=\"https:\/\/www.lemonde.fr\/un-si-proche-orient\/article\/2023\/11\/26\/jamais-la-palestine-n-a-autant-souffert_6202438_6116995.html\">les deux d\u00e9sastres historiques <\/a>que sont la Nakba, la \u00ab\u00a0catastrophe\u00a0\u00bb de 1948, avec l\u2019exode de plus de la moiti\u00e9 de la population arabe de Palestine, et la catastrophe en cours dans la bande de Gaza, d\u2019ores et d\u00e9j\u00e0 ravag\u00e9e.<\/p>\n<p class=\"article__paragraph \">Dans les deux cas, des mouvements palestiniens en lutte ouverte contre d\u2019autres factions palestiniennes ont fait passer leurs int\u00e9r\u00eats partisans avant la cause nationale qu\u2019ils pr\u00e9tendaient d\u00e9fendre. Dans les deux cas, ils ont commis plus qu\u2019un crime, mais une faute strat\u00e9gique, Haj Amin Al-Husseini en s\u2019associant au nazisme en\u00a01941, le Hamas en perp\u00e9trant le bain de sang du 7\u00a0octobre\u00a02023.<\/p>\n<p class=\"article__paragraph \">Le Royaume-Uni s\u2019engage, en\u00a01917, \u00e0 soutenir <em>\u00ab<\/em>\u00a0<em>l\u2019\u00e9tablissement en Palestine d\u2019un foyer national pour le peuple juif\u00a0\u00bb <\/em>et re\u00e7oit, trois ans plus tard, un mandat de la Soci\u00e9t\u00e9 des nations sur ce territoire jusque-l\u00e0 ottoman. La population arabe, majoritaire \u00e0 90\u00a0%, s\u2019oppose cat\u00e9goriquement \u00e0 ce qu\u2019elle ressent comme une d\u00e9possession. Les autorit\u00e9s britanniques contournent cet obstacle en cr\u00e9ant, en\u00a01921, un poste de <em>\u00ab<\/em>\u00a0<em>grand mufti de J\u00e9rusalem<\/em>\u00a0\u00bb, attribu\u00e9 \u00e0 Haj Amin Al-Husseini.<\/p>\n<section class=\"catcher catcher--favoris\"><\/section>\n<h2 class=\"article__sub-title\">Surench\u00e8res maximalistes<\/h2>\n<p class=\"article__paragraph \">Elles parviennent ainsi \u00e0 diviser le nationalisme palestinien, d\u2019abord en le r\u00e9duisant \u00e0 sa dimension islamique, puis en opposant les partisans des Husseini \u00e0 ceux des Nashashibi, leurs rivaux traditionnels. Ces man\u0153uvres favorisent l\u2019\u00e9crasement du soul\u00e8vement arabe de 1936-1939. Husseini, exil\u00e9 en\u00a01937, se met au service d\u2019Adolf Hitler quatre ans plus tard, alors m\u00eame que la population palestinienne soutient majoritairement les d\u00e9mocraties contre l\u2019Axe.<\/p>\n<div id=\"inread_top\" class=\"dfp-slot dfp__slot dfp__inread adm-ad-rendered\" data-format=\"inread_top\" aria-hidden=\"true\" data-google-query-id=\"CJDd48HsrpADFdRZ9ggdf54gaw\">\n<div id=\"google_ads_iframe_\/128139881\/lm_lemonde_abo\/international\/international\/article\/inread_top_0__container__\"><\/div>\n<\/div>\n<p class=\"article__paragraph \">C\u2019est pourtant un Husseini revanchard qui s\u2019impose de nouveau, en\u00a01945, \u00e0 la t\u00eate du nationalisme palestinien, \u00e9clipsant ses concurrents par ses surench\u00e8res maximalistes. Non seulement il ternit de son discr\u00e9dit personnel la cause de son peuple, mais il refuse, en\u00a01947, le plan de partage de la Palestine entre un Etat juif et un Etat arabe, pr\u00e9cipitant un conflit d\u00e9sastreux pour la population palestinienne.<\/p>\n<section class=\"catcher catcher--favoris\">\n<div class=\"catcher__favorite\"><\/div>\n<\/section>\n<p class=\"article__paragraph \">Le parall\u00e8le est \u00e9clairant avec les islamistes de la bande de Gaza, que l\u2019arm\u00e9e d\u2019occupation isra\u00e9lienne favorise, \u00e0 partir de 1967, aux d\u00e9pens des nationalistes de l\u2019Organisation de lib\u00e9ration de la Palestine (OLP). Ces m\u00eames islamistes basculent d\u2019un extr\u00eame \u00e0 l\u2019autre, en\u00a01987, et fondent le Hamas, vou\u00e9 \u00e0 la destruction d\u2019Isra\u00ebl, alors que l\u2019OLP s\u2019engage \u00e0 reconna\u00eetre Isra\u00ebl, rouvrant ainsi la voie vers la <a href=\"https:\/\/www.lemonde.fr\/un-si-proche-orient\/article\/2023\/11\/19\/palestine-israel-la-breve-histoire-de-la-solution-a-deux-etats_6201068_6116995.html\"><em>\u00ab\u00a0solution \u00e0 deux Etats\u00a0\u00bb<\/em><\/a>. Le schisme interpalestinien culmine avec la rupture de 2007 entre le Hamas, ma\u00eetre de Gaza, et l\u2019Autorit\u00e9 palestinienne (AP), gestionnaire au nom de l\u2019OLP d\u2019une partie de la Cisjordanie.<\/p>\n<h2 class=\"article__sub-title\">Pr\u00e9server le Hamas plut\u00f4t que Gaza<\/h2>\n<p class=\"article__paragraph \">Benyamin N\u00e9tanyahou, premier ministre de 2009 \u00e0 2021, et depuis 2022, fait tout pour creuser le foss\u00e9 entre la bande de Gaza, assi\u00e9g\u00e9e de toutes parts, et la Cisjordanie, ainsi livr\u00e9e \u00e0 la colonisation. Mais le Hamas inflige \u00e0 Isra\u00ebl, le 7\u00a0octobre\u00a02023, la journ\u00e9e la plus sanglante de son histoire. Les islamistes esp\u00e8rent par ces massacres supplanter l\u2019OLP pacifiste au sein du nationalisme palestinien. Ils sont conscients que les repr\u00e9sailles isra\u00e9liennes seront terribles et ils s\u2019y sont pr\u00e9par\u00e9s en prot\u00e9geant leur appareil, mais sans \u00e9gard pour la population laiss\u00e9e sans d\u00e9fense.<\/p>\n<p class=\"article__paragraph \">C\u2019est pourquoi l\u2019offensive isra\u00e9lienne vire tr\u00e8s rapidement \u00e0 <a href=\"https:\/\/www.lemonde.fr\/un-si-proche-orient\/article\/2023\/12\/17\/detruire-le-hamas-ou-detruire-gaza_6206279_6116995.html\">la destruction de Gaza plut\u00f4t que du Hamas<\/a>, qui profite m\u00eame de la liquidation dans la soci\u00e9t\u00e9 palestinienne des contre-pouvoirs universitaires, culturels et associatifs \u00e0 la mainmise islamiste. Quant \u00e0 M.\u00a0N\u00e9tanyahou, il fait <a href=\"https:\/\/www.lemonde.fr\/un-si-proche-orient\/article\/2025\/02\/09\/comment-le-premier-ministre-israelien-benyamin-netanyahou-continue-de-faire-le-jeu-du-hamas_6538281_6116995.html\">d\u2019autant plus le jeu du Hamas<\/a> qu\u2019il exclut tout r\u00e9tablissement de l\u2019AP \u00e0 Gaza, afin pr\u00e9cis\u00e9ment d\u2019interdire la relance de la <em>\u00ab\u00a0solution \u00e0 deux Etats\u00a0\u00bb<\/em>.<\/p>\n<p class=\"article__paragraph \">Ce refus d\u2019une perspective politique fait du Hamas le seul interlocuteur palestinien d\u2019Isra\u00ebl sur Gaza, m\u00eame si c\u2019est dans le cadre de pourparlers indirects sous l\u2019\u00e9gide du Qatar, \u00e9paul\u00e9 par les Etats-Unis et par l\u2019Egypte. Le mouvement islamiste reste ainsi au centre de la sc\u00e8ne palestinienne, malgr\u00e9 l\u2019\u00e9limination de la plupart de ses dirigeants politiques et militaires, remplac\u00e9s par des responsables encore plus endurcis.<\/p>\n<p class=\"article__paragraph \">Le fait que les n\u00e9gociations excluent l\u2019avenir de Gaza, pour se concentrer sur les \u00e9changes entre otages isra\u00e9liens et d\u00e9tenus palestiniens, accentue cette prime aux jusqu\u2019au-boutistes du Hamas. Un de leurs porte-parole, exil\u00e9 au Qatar, exprimait sans fard, en mai, <a title=\"Nouvelle fen\u00eatre\" href=\"https:\/\/blogs.mediapart.fr\/gilbert-achcar\/blog\/040625\/pitie-pour-le-peuple-de-gaza\" target=\"_blank\" rel=\"noopener\">leur troublante indiff\u00e9rence aux souffrances<\/a> de leurs compatriotes\u00a0: <em>\u00ab<\/em>\u00a0<em>Les ventres de nos femmes donneront naissance \u00e0 beaucoup plus d\u2019enfants que ceux qui sont morts en martyrs.<\/em>\u00a0<em>\u00bb<\/em> Une d\u00e9claration aussi provocatrice suscite, dans la bande de Gaza, des manifestations spontan\u00e9es de protestation contre le Hamas, qui ont t\u00f4t fait d\u2019\u00eatre \u00e9touff\u00e9es par la poursuite des bombardements isra\u00e9liens.<\/p>\n<p class=\"article__paragraph \">Lorsque les troupes isra\u00e9liennes assi\u00e9geaient l\u2019OLP dans Beyrouth, au cours de l\u2019\u00e9t\u00e9 1982, son chef, Yasser Arafat, avait accept\u00e9 d\u2019\u00eatre \u00e9vacu\u00e9 avec des milliers de combattants pour abr\u00e9ger les souffrances des civils. En revanche, le Hamas, pr\u00e8s de deux ans apr\u00e8s avoir d\u00e9clench\u00e9 le conflit en cours, continue de faire passer ses int\u00e9r\u00eats de parti avant ceux d\u2019une population aux abois. Nul doute que le verdict de l\u2019histoire sera sans appel contre les islamistes palestiniens. Pour l\u2019heure, cependant, ce sont les femmes, les hommes et les enfants de Gaza qui meurent.<\/p>\n<section class=\"author\">\n<p class=\"article__author-container\"><span class=\"author__detail\"><a class=\"article__author-link\" href=\"\/signataires\/jean-pierre-filiu\/\"> <span class=\"author__name\">Jean-Pierre Filiu<\/span><span class=\"author__desc\">\u00a0(Professeur des universit\u00e9s \u00e0 Sciences Po)<\/span><\/a><\/span><\/p>\n<\/section>\n<div data-trigger=\"comments-popin\" data-comments-count=\"0\" aria-label=\"Ouvrir la section commentaires\" aria-expanded=\"false\" aria-controls=\"comments-popin\"><a href=\"https:\/\/www.lemonde.fr\/un-si-proche-orient\/article\/2025\/08\/31\/l-ecrasante-responsabilite-du-hamas-dans-la-catastrophe-palestinienne_6637570_6116995.html?search-type=classic&amp;ise_click_rank=7\">LE MONDE<\/a><\/div>\n<\/article>\n<\/section>\n","protected":false},"excerpt":{"rendered":"<p>Le mouvement islamiste, au lieu d\u2019accorder la priorit\u00e9 \u00e0 l\u2019int\u00e9grit\u00e9 du peuple palestinien, n\u2019a cess\u00e9 de fournir \u00e0 Isra\u00ebl des pr\u00e9textes pour d\u00e9vaster la bande de Gaza, explique l\u2019historien Jean-Pierre Filiu dans sa chronique. &nbsp; Le nationalisme palestinien a toujours souffert d\u2019un rapport de force \u00e9crasant en faveur du mouvement sioniste, puis de l\u2019Etat d\u2019Isra\u00ebl.<\/p>\n","protected":false},"author":347,"featured_media":190950,"comment_status":"open","ping_status":"open","sticky":false,"template":"","format":"standard","meta":{"_uf_show_specific_survey":0,"_uf_disable_surveys":false,"footnotes":""},"categories":[37],"tags":[],"class_list":{"0":"post-190965","1":"post","2":"type-post","3":"status-publish","4":"format-standard","5":"has-post-thumbnail","7":"category-alaune-fr"},"aioseo_notices":[],"_links":{"self":[{"href":"https:\/\/middleeasttransparent.com\/fr\/wp-json\/wp\/v2\/posts\/190965","targetHints":{"allow":["GET"]}}],"collection":[{"href":"https:\/\/middleeasttransparent.com\/fr\/wp-json\/wp\/v2\/posts"}],"about":[{"href":"https:\/\/middleeasttransparent.com\/fr\/wp-json\/wp\/v2\/types\/post"}],"author":[{"embeddable":true,"href":"https:\/\/middleeasttransparent.com\/fr\/wp-json\/wp\/v2\/users\/347"}],"replies":[{"embeddable":true,"href":"https:\/\/middleeasttransparent.com\/fr\/wp-json\/wp\/v2\/comments?post=190965"}],"version-history":[{"count":0,"href":"https:\/\/middleeasttransparent.com\/fr\/wp-json\/wp\/v2\/posts\/190965\/revisions"}],"wp:featuredmedia":[{"embeddable":true,"href":"https:\/\/middleeasttransparent.com\/fr\/wp-json\/wp\/v2\/media\/190950"}],"wp:attachment":[{"href":"https:\/\/middleeasttransparent.com\/fr\/wp-json\/wp\/v2\/media?parent=190965"}],"wp:term":[{"taxonomy":"category","embeddable":true,"href":"https:\/\/middleeasttransparent.com\/fr\/wp-json\/wp\/v2\/categories?post=190965"},{"taxonomy":"post_tag","embeddable":true,"href":"https:\/\/middleeasttransparent.com\/fr\/wp-json\/wp\/v2\/tags?post=190965"}],"curies":[{"name":"wp","href":"https:\/\/api.w.org\/{rel}","templated":true}]}}