{"id":19096,"date":"2017-04-04T23:24:56","date_gmt":"2017-04-04T22:24:56","guid":{"rendered":"https:\/\/middleeasttransparent.com\/?p=19096"},"modified":"2017-04-04T23:24:56","modified_gmt":"2017-04-04T22:24:56","slug":"letalage-de-force-hezb-reponse-a-volonte-de-securiser-laib","status":"publish","type":"post","link":"https:\/\/middleeasttransparent.com\/fr\/letalage-de-force-hezb-reponse-a-volonte-de-securiser-laib\/","title":{"rendered":"L\u2019\u00e9talage de force du Hezb, une r\u00e9ponse \u00e0 la volont\u00e9 de s\u00e9curiser l\u2019AIB"},"content":{"rendered":"<h3><a class=\"enlargeImage\">Deux ministres commentent l&rsquo;\u00e9talage de force du Hezbollah au cours du week-end dernier, dans la banlieue sud de Beyrouth\u00a0: le ministre de l&rsquo;Int\u00e9rieur, Nouhad Machnouk, \u00ab\u00a0condamne l&rsquo;\u00e9talage que fait le Hezbollah de son arsenal\u00a0\u00bb. \u00ab\u00a0C&rsquo;est une gifle ass\u00e9n\u00e9e au r\u00e9gime et un d\u00e9fi au principe de l&rsquo;\u00c9tat\u00a0\u00bb, dit-il. Quant au ministre des Affaires \u00e9trang\u00e8res et des \u00c9migr\u00e9s, Gebran Bassil, il se prononce en faveur de l&rsquo;\u00c9tat. \u00ab\u00a0Un \u00c9tat l\u00e9gal responsable de la s\u00e9curit\u00e9, comme le r\u00e9clame la volont\u00e9 unanime des Libanais. Elle r\u00e9clame aussi que le Liban soit prot\u00e9g\u00e9 d&rsquo;Isra\u00ebl par la l\u00e9galit\u00e9 libanaise et le peuple r\u00e9sistant.\u00a0\u00bb<\/a><\/h3>\n<p>&nbsp;<\/p>\n<div class=\"text\">\n<p>Les forces politiques et les responsables \u00e9vitent de pousser les hauts cris et de s&rsquo;opposer \u00e0 l&rsquo;affaire, et estiment qu&rsquo;il s&rsquo;agit d&rsquo;un nouveau 7 mai d\u00e9guis\u00e9 et d&rsquo;un message multidirectionnel\u00a0: \u00e0 chaque fois que l&rsquo;\u00c9tat fait preuve de pr\u00e9sence et prend en main la s\u00e9curit\u00e9, notamment celle de l&rsquo;a\u00e9roport de Beyrouth, \u00e0 chaque fois que le principe de l&rsquo;\u00c9tat et la l\u00e9gitimit\u00e9 de la loi sont r\u00e9affirm\u00e9s, le Hezbollah r\u00e9pond par un message clair. Par les parades de Qousseir et de Jahiliya, par l&rsquo;\u00e9talage de force \u00e0 Bourj Brajneh, mais aussi par les pressions politiques qu&rsquo;il exerce sur le nouveau r\u00e9gime.<\/p>\n<p>Le d\u00e9ploiement arm\u00e9 du Hezbollah a en effet eu lieu \u00e0 l&rsquo;issue de la r\u00e9union s\u00e9curitaire \u00e9largie pr\u00e9sid\u00e9e par Michel Aoun concernant les moyens de contr\u00f4ler la situation s\u00e9curitaire \u00e0 l&rsquo;AIB. Le chef de l&rsquo;\u00c9tat avait re\u00e7u des plaintes des pays arabes, au sommet de Amman, sur le laxisme et l&rsquo;absence de s\u00e9curit\u00e9 \u00e0 l&rsquo;a\u00e9roport. Ces derniers avaient \u00e9mis le souhait de voir sa s\u00e9curit\u00e9 renforc\u00e9e, afin que leur retour au Liban soit facilit\u00e9.<br \/>\nUn ancien ministre rappelle qu&rsquo;en mai 2008, le gouvernement alors dirig\u00e9 par Fouad Siniora avait pris deux mesures li\u00e9es \u00e0 l&rsquo;AIB. La premi\u00e8re consistait \u00e0 remplacer le chef de la s\u00e9curit\u00e9 de l&rsquo;a\u00e9roport, le g\u00e9n\u00e9ral Wafic Choukeir (chiite), et la seconde \u00e0 enlever les cam\u00e9ras de surveillance qu&rsquo;avait plac\u00e9es le Hezbollah pour surveiller la piste des avions priv\u00e9s. La r\u00e9ponse du Hezbollah \u00e0 ces mesures est venue le 7 mai. Ce jour-l\u00e0, les \u00e9l\u00e9ments arm\u00e9s du Hezbollah s&rsquo;\u00e9taient d\u00e9ploy\u00e9s dans la capitale, semant la panique. Ils avaient fait irruption dans certaines institutions m\u00e9diatiques du courant du Futur. Ils avaient aussi d\u00e9truit des permanences du parti. Cette \u00ab\u00a0riposte\u00a0\u00bb avait \u00e9t\u00e9 vivement condamn\u00e9e par le courant du 14 Mars. Peu apr\u00e8s l&rsquo;incident, le responsable des communications \u00e0 la direction g\u00e9n\u00e9rale de l&rsquo;Aviation civile, Joseph Sader, avait \u00e9t\u00e9 enlev\u00e9 dans le p\u00e9rim\u00e8tre de l&rsquo;a\u00e9roport. Les enqu\u00eateurs ont perdu sa trace et son sort demeure inconnu. La question s&rsquo;est pos\u00e9e sur les mobiles de son enl\u00e8vement et sur la partie qui est derri\u00e8re sa disparition, compte tenu du fait que la r\u00e9gion o\u00f9 il a \u00e9t\u00e9 enlev\u00e9 se situe dans le p\u00e9rim\u00e8tre s\u00e9curitaire du Hezbollah. Qui oserait mener une op\u00e9ration d&rsquo;enl\u00e8vement dans une r\u00e9gion sous le contr\u00f4le du Hezbollah ? demande un ministre.<\/p>\n<p><em>(Lire aussi : <a href=\"https:\/\/www.lorientlejour.com\/article\/1044616\/incident-securitaire-de-choueifat-un-message-politique-a-joumblatt-.html\" target=\"_blank\">Incident s\u00e9curitaire de Choueifat : un message politique \u00e0 Joumblatt ?)<\/a><\/em><\/p>\n<p>Selon certaines informations, suite \u00e0 la nomination du g\u00e9n\u00e9ral Imad Osman, proche du Futur, \u00e0 la t\u00eate des Forces de s\u00e9curit\u00e9 int\u00e9rieure, ce dernier s&rsquo;est vu adresser, par le biais de m\u00e9dias proches du Hezbollah, des messages d&rsquo;intimidation. Et pour cause\u00a0: lors de la premi\u00e8re r\u00e9union qu&rsquo;il a tenue avec les officiers sup\u00e9rieurs, il avait insist\u00e9 sur les comp\u00e9tences de chacun, tout en affirmant respecter les particularit\u00e9s confessionnelles. Il avait ensuite invit\u00e9 les officiers \u00e0 privil\u00e9gier l&rsquo;int\u00e9r\u00eat de la nation plut\u00f4t que celui de leur communaut\u00e9 religieuse. Le g\u00e9n\u00e9ral Osman envisageait de prendre des mesures pour renforcer la s\u00e9curit\u00e9 de l&rsquo;a\u00e9roport, emp\u00eacher la contrebande et renforcer la surveillance. Pour ce faire, il pr\u00e9conisait la mise en place d&rsquo;un bureau de renseignements au service du fret a\u00e9rien, et l&rsquo;augmentation des \u00e9l\u00e9ments des FSI au sein et \u00e0 l&rsquo;ext\u00e9rieur de l&rsquo;a\u00e9roport. \u00c0 la d\u00e9sapprobation du Hezbollah, le chef des FSI a r\u00e9pondu qu&rsquo;il tient \u00e0 faire appliquer la loi sur l&rsquo;ensemble du territoire et qu&rsquo;il demeure attach\u00e9 \u00e0 ses pr\u00e9rogatives.<\/p>\n<p>M\u00eame si les proches du 8 Mars tentent de minimiser l&rsquo;affaire, l&rsquo;\u00e9talage de force du Hezbollah dans la banlieue sud de Beyrouth n&rsquo;est autre qu&rsquo;une r\u00e9ponse \u00e0 la fois \u00e0 la r\u00e9union s\u00e9curitaire de Baabda et \u00e0 l&rsquo;initiative du g\u00e9n\u00e9ral Osman. Le message du Hezbollah est clair\u00a0: il craint que les deux alli\u00e9s du pr\u00e9sident Aoun, les Forces libanaises et le courant du Futur, n&rsquo;\u00e9loignent de lui son alli\u00e9, mettant en p\u00e9ril le document d&rsquo;entente. D&rsquo;autant qu&rsquo;un observateur soutient que le chef de l&rsquo;\u00c9tat, suite \u00e0 son discours d&rsquo;investiture, est d\u00e9sormais libre de tout engagement. Et c&rsquo;est ce qui inqui\u00e8te le Hezbollah.<\/p>\n<p><a href=\"https:\/\/www.lorientlejour.com\/article\/1044579\/letalage-de-force-du-hezb-une-reponse-a-la-volonte-de-securiser-laib.html\">L&rsquo;Orient Le Jour<\/a><\/p>\n<\/div>\n","protected":false},"excerpt":{"rendered":"<p>Deux ministres commentent l&rsquo;\u00e9talage de force du Hezbollah au cours du week-end dernier, dans la banlieue sud de Beyrouth\u00a0: le ministre de l&rsquo;Int\u00e9rieur, Nouhad Machnouk, \u00ab\u00a0condamne l&rsquo;\u00e9talage que fait le Hezbollah de son arsenal\u00a0\u00bb. \u00ab\u00a0C&rsquo;est une gifle ass\u00e9n\u00e9e au r\u00e9gime et un d\u00e9fi au principe de l&rsquo;\u00c9tat\u00a0\u00bb, dit-il. Quant au ministre des Affaires \u00e9trang\u00e8res et<\/p>\n","protected":false},"author":182,"featured_media":19097,"comment_status":"open","ping_status":"open","sticky":false,"template":"","format":"standard","meta":{"_uf_show_specific_survey":0,"_uf_disable_surveys":false,"footnotes":""},"categories":[22],"tags":[],"class_list":{"0":"post-19096","1":"post","2":"type-post","3":"status-publish","4":"format-standard","5":"has-post-thumbnail","7":"category-actualites-fr"},"aioseo_notices":[],"_links":{"self":[{"href":"https:\/\/middleeasttransparent.com\/fr\/wp-json\/wp\/v2\/posts\/19096","targetHints":{"allow":["GET"]}}],"collection":[{"href":"https:\/\/middleeasttransparent.com\/fr\/wp-json\/wp\/v2\/posts"}],"about":[{"href":"https:\/\/middleeasttransparent.com\/fr\/wp-json\/wp\/v2\/types\/post"}],"author":[{"embeddable":true,"href":"https:\/\/middleeasttransparent.com\/fr\/wp-json\/wp\/v2\/users\/182"}],"replies":[{"embeddable":true,"href":"https:\/\/middleeasttransparent.com\/fr\/wp-json\/wp\/v2\/comments?post=19096"}],"version-history":[{"count":0,"href":"https:\/\/middleeasttransparent.com\/fr\/wp-json\/wp\/v2\/posts\/19096\/revisions"}],"wp:featuredmedia":[{"embeddable":true,"href":"https:\/\/middleeasttransparent.com\/fr\/wp-json\/wp\/v2\/media\/19097"}],"wp:attachment":[{"href":"https:\/\/middleeasttransparent.com\/fr\/wp-json\/wp\/v2\/media?parent=19096"}],"wp:term":[{"taxonomy":"category","embeddable":true,"href":"https:\/\/middleeasttransparent.com\/fr\/wp-json\/wp\/v2\/categories?post=19096"},{"taxonomy":"post_tag","embeddable":true,"href":"https:\/\/middleeasttransparent.com\/fr\/wp-json\/wp\/v2\/tags?post=19096"}],"curies":[{"name":"wp","href":"https:\/\/api.w.org\/{rel}","templated":true}]}}