{"id":190828,"date":"2025-10-12T17:17:16","date_gmt":"2025-10-12T16:17:16","guid":{"rendered":"https:\/\/middleeasttransparent.com\/?p=190828"},"modified":"2025-10-12T17:17:16","modified_gmt":"2025-10-12T16:17:16","slug":"ofer-bronchtein-le-militant-de-la-reconnaissance-de-la-palestine-qui-a-loreille-de-macron","status":"publish","type":"post","link":"https:\/\/middleeasttransparent.com\/fr\/ofer-bronchtein-le-militant-de-la-reconnaissance-de-la-palestine-qui-a-loreille-de-macron\/","title":{"rendered":"Ofer Bronchtein, le militant de la reconnaissance de la Palestine qui a l\u2019oreille de Macron"},"content":{"rendered":"<p>&nbsp;<\/p>\n<header class=\"article__header \">\n<div class=\"article__header-wrap\">\n<div class=\"ds-article__heading\">\n<h1 class=\"ds-title\"><\/h1>\n<div class=\"ds-description\"><span class=\"ds-chapo\"> Etranger aux cercles polic\u00e9s des diplomates, le Franco-Isra\u00e9lien plein d\u2019entregent et de bagou a su capter l\u2019attention du pr\u00e9sident fran\u00e7ais, aupr\u00e8s de qui il a plaid\u00e9 en faveur de l\u2019initiative \u00e0 l\u2019ONU. <\/span><\/div>\n<\/div>\n<p id=\"js-authors-trigger\" class=\"meta meta__publisher meta__publisher--header\">\n<\/div>\n<\/header>\n<section class=\"article__wrapper article__wrapper--premium \">\n<article class=\"article__content old__article-content-single\">\n<figure class=\"article__media\"><noscript> <img decoding=\"async\" src=\"https:\/\/img.lemde.fr\/2025\/10\/11\/0\/0\/3667\/5500\/664\/0\/75\/0\/271172b_upload-1-0hkzn7kpzdxp-ad002-ofer-bronchtein-dsc07333.jpg\" alt=\"Ofer Bronchtein chez lui, \u00e0 Paris, le 10\u00a0octobre\u00a02025.\"> <\/noscript><\/figure>\n<\/article>\n<\/section>\n<p>&nbsp;<\/p>\n<p class=\"article__paragraph \">L\u2019espace d\u2019un instant, il a pens\u00e9 que son r\u00f4le s\u2019arr\u00eaterait l\u00e0. Qu\u2019il<em> \u00ab\u00a0avai<\/em>[t]<em> fait le job\u00a0\u00bb<\/em>. De retour de New York, le 24\u00a0septembre, \u00e0 bord de l\u2019avion du pr\u00e9sident fran\u00e7ais, Ofer Bronchtein oscille entre euphorie et spleen. Quarante-huit\u00a0heures plus t\u00f4t, le Franco-Isra\u00e9lien, conseiller officieux d\u2019Emmanuel Macron, avait assist\u00e9, les yeux embu\u00e9s, <a href=\"https:\/\/www.lemonde.fr\/international\/article\/2025\/09\/22\/le-discours-d-emmanuel-macron-sur-la-reconnaissance-de-l-etat-de-palestine-par-la-france_6642473_3210.html\">au discours du chef de l\u2019Etat<\/a> depuis la tribune des Nations unies, d\u00e9sert\u00e9e par la d\u00e9l\u00e9gation isra\u00e9lienne.<\/p>\n<p class=\"article__paragraph \"><em>\u00ab\u00a0Le temps est venu\u00a0\u00bb<\/em>, expliquait Emmanuel Macron, d\u00e9non\u00e7ant la<em> \u00ab\u00a0barbarie\u00a0\u00bb<\/em> du Hamas, auteur des attaques terroristes du 7\u00a0octobre\u00a02023\u00a0en Isra\u00ebl, et <em>\u00ab\u00a0la n\u00e9gation de l\u2019humanit\u00e9 de l\u2019autre\u00a0\u00bb<\/em> \u00e0 Gaza, o\u00f9 les civils affam\u00e9s sont cibl\u00e9s par l\u2019arm\u00e9e isra\u00e9lienne. <em>\u00ab\u00a0Fid\u00e8le \u00e0 l\u2019engagement historique de mon pays au Proche-Orient, pour la paix entre le peuple isra\u00e9lien et le peuple palestinien, je d\u00e9clare que la France reconna\u00eet aujourd\u2019hui l\u2019Etat de Palestine\u00a0\u00bb<\/em>, avait poursuivi le pr\u00e9sident fran\u00e7ais.<\/p>\n<div id=\"inread_top\" class=\"dfp-slot dfp__slot dfp__inread adm-ad-empty\" data-format=\"inread_top\" aria-hidden=\"true\" data-google-query-id=\"CLe3ovGAn5ADFWNz9ggd4eQMcw\">\n<div id=\"google_ads_iframe_\/128139881\/lm_lemonde_abo\/international\/international\/article\/inread_top_0__container__\"><\/div>\n<\/div>\n<p class=\"article__paragraph \">Ofer Bronchtein en avait frissonn\u00e9. <em>\u00ab\u00a0C\u2019est le combat de ma vie\u00a0\u00bb<\/em>, confie-t-il au <em>Monde<\/em>, d\u00e9but octobre, dans un caf\u00e9 de la rue de la Roquette, \u00e0 Paris, o\u00f9 les serveurs sont habitu\u00e9s \u00e0 le voir naviguer entre les tables avec son fauteuil roulant. Une infirmit\u00e9 li\u00e9e \u00e0 la d\u00e9gradation de sa maladie respiratoire, une bronchopneumopathie chronique obstructive qui le prive d\u2019oxyg\u00e8ne.<\/p>\n<p class=\"article__paragraph \"><span style=\"text-decoration: underline;\">Ofer Bronchtein attendait ce moment depuis quarante\u00a0ans. Le sexag\u00e9naire, n\u00e9 \u00e0 Beersheba, dans le N\u00e9guev, qui a re\u00e7u un passeport palestinien en\u00a02011\u00a0des mains de Mahmoud Abbas, le pr\u00e9sident de l\u2019Autorit\u00e9 palestinienne,<\/span> croit ne pas \u00eatre \u00e9tranger \u00e0 la conversion du pr\u00e9sident en faveur de la cause palestinienne. Depuis 2020, il n\u2019a, dit-il, cess\u00e9 de r\u00e9p\u00e9ter \u00e0 Emmanuel Macron que <em>\u00ab\u00a0la France d<\/em>[eva]<em>it reconna\u00eetre la Palestine\u00a0\u00bb<\/em>. Le pr\u00e9sident lui r\u00e9pondait gentiment\u00a0: <em>\u00ab\u00a0Le moment venu.\u00a0\u00bb<\/em> Jusqu\u2019\u00e0 ce 22\u00a0septembre, \u00e0 New York.<\/p>\n<p class=\"article__paragraph \">Mais maintenant\u00a0? Avec son geste, la France a affront\u00e9 la fureur du premier ministre de l\u2019Etat h\u00e9breu, Benyamin N\u00e9tanyahou, mais elle n\u2019a plus les leviers d\u2019antan pour promouvoir une coexistence pacifique entre Isra\u00e9liens et Palestiniens. <em>\u00ab\u00a0Ofer est comme ces gens qui viennent d\u2019escalader un sommet et se rendent compte qu\u2019il y a une montagne derri\u00e8re\u00a0\u00bb<\/em>, observe John Lyndon, directeur ex\u00e9cutif de l\u2019Alliance pour la paix au Proche-Orient.<\/p>\n<h2 class=\"article__sub-title\">&#8230;.<\/h2>\n<h2 class=\"article__sub-title\">Il ignore les menaces<\/h2>\n<p class=\"article__paragraph \">C\u2019est \u00e0 J\u00e9rusalem, en janvier\u00a02020, lors de son premier d\u00e9placement officiel en Isra\u00ebl, qu\u2019Emmanuel Macron d\u00e9couvre l\u2019activiste. <em>\u00ab\u00a0Tu devrais voir Ofer\u00a0\u00bb<\/em>, lui avait sugg\u00e9r\u00e9, avant son d\u00e9part, l\u2019ic\u00f4ne de Mai\u00a068 Daniel Cohn-Bendit, vantant les qualit\u00e9s de ce <em>\u00ab\u00a0ph\u00e9nom\u00e8ne\u00a0\u00bb<\/em>.<em> \u00ab\u00a0Ofer ne fait pas de simagr\u00e9es diplomatiques\u00a0\u00bb<\/em>, loue l\u2019ex-eurod\u00e9put\u00e9, qui a connu le militant lorsque celui-ci organisait des rencontres entre Palestiniens et Isra\u00e9liens au Parlement de Strasbourg. A l\u2019\u00e9poque, le pr\u00e9sident appr\u00e9cie surtout Meyer Habib, qui lui fait profiter de son entregent avec Benyamin N\u00e9tanyahou et les membres du Likoud.<\/p>\n<p class=\"article__paragraph \">Mais, lors de ce voyage, Emmanuel Macron remarque cet homme qui parle fort et sert de traducteur entre le fran\u00e7ais et l\u2019h\u00e9breu pour les gardes du corps et les membres de la d\u00e9l\u00e9gation&#8230;..\u00a0Six\u00a0mois plus tard, le pr\u00e9sident confie une \u00ab\u00a0mission\u00a0\u00bb au cofondateur du Forum international pour la paix, consistant \u00e0<em> \u00ab\u00a0aller \u00e0 la rencontre des acteurs et personnalit\u00e9s des soci\u00e9t\u00e9s civiles isra\u00e9liennes et palestiniennes <\/em>(\u2026) <em>afin de les interroger sur les conditions de la relance des processus de paix\u00a0\u00bb<\/em>.<\/p>\n<p class=\"article__paragraph \">&#8230;<\/p>\n<p class=\"article__paragraph \">En Isra\u00ebl, Ofer Bronchtein n\u2019est pourtant pas, ou plus, une figure connue. Etiquet\u00e9 r\u00e9guli\u00e8rement comme un ancien conseiller d\u2019Yitzhak Rabin (premier ministre isra\u00e9lien de 1974\u00a0\u00e0 1977, puis de 1992\u00a0\u00e0 1995), il relativise. <em>\u00ab\u00a0Je n\u2019\u00e9tais pas dans le premier cercle. Ce que j\u2019ai fait avec Rabin ressemble un peu \u00e0 ce que j\u2019ai fait avec Macron\u00a0\u00bb<\/em>, dit-il, depuis son appartement proche de la Bastille&#8230;..<\/p>\n<p class=\"article__paragraph \"><em>\u00ab\u00a0L\u2019assassinat d\u2019Yitzhak Rabin a \u00e9t\u00e9 un s\u00e9isme personnel, humain, politique\u00a0\u00bb<\/em>, se souvient-il. Ofer Bronchtein quitte sa terre natale pour la France, laissant un joyeux bazar financier au sein de l\u2019organisation qu\u2019il dirigeait alors, le Centre pour la paix au Moyen-Orient, dit une source isra\u00e9lienne. <i>..<\/i><\/p>\n<p class=\"article__paragraph \">..<\/p>\n<p class=\"article__paragraph \">. Aujourd\u2019hui d\u00e9termin\u00e9 \u00e0 poursuivre, malgr\u00e9 les entraves, son r\u00f4le de conseiller de l\u2019ombre d\u2019Emmanuel Macron, il a r\u00e9dig\u00e9 un rapport de 26 pages pour dessiner l\u2019avenir de l\u2019enclave d\u2019ici \u00e0 2035 et chiffrer les fonds n\u00e9cessaires \u00e0 sa reconstruction. Le document est titr\u00e9 \u00ab Imagine Gaza \u00bb. <em>\u00ab\u00a0C\u2019est peut-\u00eatre un peu id\u00e9aliste \u00e0 la John Lennon\u00a0\u00bb<\/em>, dit-il en souriant.<\/p>\n<p class=\"article__author-container\"><a href=\"https:\/\/www.lemonde.fr\/international\/article\/2025\/10\/12\/ofer-bronchtein-le-militant-de-la-reconnaissance-de-la-palestine-qui-a-l-oreille-de-macron_6645882_3210.html\">LE MONDE<\/a><\/p>\n","protected":false},"excerpt":{"rendered":"<p>&nbsp; Etranger aux cercles polic\u00e9s des diplomates, le Franco-Isra\u00e9lien plein d\u2019entregent et de bagou a su capter l\u2019attention du pr\u00e9sident fran\u00e7ais, aupr\u00e8s de qui il a plaid\u00e9 en faveur de l\u2019initiative \u00e0 l\u2019ONU. &nbsp; L\u2019espace d\u2019un instant, il a pens\u00e9 que son r\u00f4le s\u2019arr\u00eaterait l\u00e0. Qu\u2019il \u00ab\u00a0avai[t] fait le job\u00a0\u00bb. De retour de New York,<\/p>\n","protected":false},"author":3414,"featured_media":190831,"comment_status":"open","ping_status":"open","sticky":false,"template":"","format":"standard","meta":{"_uf_show_specific_survey":0,"_uf_disable_surveys":false,"footnotes":""},"categories":[37],"tags":[],"class_list":{"0":"post-190828","1":"post","2":"type-post","3":"status-publish","4":"format-standard","5":"has-post-thumbnail","7":"category-alaune-fr"},"aioseo_notices":[],"_links":{"self":[{"href":"https:\/\/middleeasttransparent.com\/fr\/wp-json\/wp\/v2\/posts\/190828","targetHints":{"allow":["GET"]}}],"collection":[{"href":"https:\/\/middleeasttransparent.com\/fr\/wp-json\/wp\/v2\/posts"}],"about":[{"href":"https:\/\/middleeasttransparent.com\/fr\/wp-json\/wp\/v2\/types\/post"}],"author":[{"embeddable":true,"href":"https:\/\/middleeasttransparent.com\/fr\/wp-json\/wp\/v2\/users\/3414"}],"replies":[{"embeddable":true,"href":"https:\/\/middleeasttransparent.com\/fr\/wp-json\/wp\/v2\/comments?post=190828"}],"version-history":[{"count":0,"href":"https:\/\/middleeasttransparent.com\/fr\/wp-json\/wp\/v2\/posts\/190828\/revisions"}],"wp:featuredmedia":[{"embeddable":true,"href":"https:\/\/middleeasttransparent.com\/fr\/wp-json\/wp\/v2\/media\/190831"}],"wp:attachment":[{"href":"https:\/\/middleeasttransparent.com\/fr\/wp-json\/wp\/v2\/media?parent=190828"}],"wp:term":[{"taxonomy":"category","embeddable":true,"href":"https:\/\/middleeasttransparent.com\/fr\/wp-json\/wp\/v2\/categories?post=190828"},{"taxonomy":"post_tag","embeddable":true,"href":"https:\/\/middleeasttransparent.com\/fr\/wp-json\/wp\/v2\/tags?post=190828"}],"curies":[{"name":"wp","href":"https:\/\/api.w.org\/{rel}","templated":true}]}}