{"id":190643,"date":"2025-10-06T21:35:43","date_gmt":"2025-10-06T20:35:43","guid":{"rendered":"https:\/\/middleeasttransparent.com\/?p=190643"},"modified":"2025-10-06T21:35:43","modified_gmt":"2025-10-06T20:35:43","slug":"massad-boulos-notre-politique-repose-sur-trois-piliers-la-paix-les-partenariats-et-la-prosperite","status":"publish","type":"post","link":"https:\/\/middleeasttransparent.com\/fr\/massad-boulos-notre-politique-repose-sur-trois-piliers-la-paix-les-partenariats-et-la-prosperite\/","title":{"rendered":"Massad Boulos\u00a0: \u00ab\u00a0Notre politique repose sur trois piliers\u00a0: la paix, les partenariats et la prosp\u00e9rit\u00e9\u00a0\u00bb"},"content":{"rendered":"<p>&nbsp;<\/p>\n<header class=\"article__header \">\n<div class=\"article__header-wrap\">\n<div class=\"ds-article__heading\">\n<p class=\"ds-description\"><span class=\"ds-chapo\"> L\u2019homme d\u2019affaires am\u00e9ricano-libanais revient, dans un entretien au \u00ab\u00a0Monde Afrique\u00a0\u00bb, sur l\u2019accord de paix sign\u00e9 entre la R\u00e9publique d\u00e9mocratique du Congo et le Rwanda, les enjeux du secteur minier congolais et l\u2019urgence humanitaire li\u00e9e \u00e0 la guerre au Soudan.`<\/span><\/p>\n<\/div>\n<\/div>\n<\/header>\n<article class=\"article__content old__article-content-single\">\n<figure class=\"article__media\"><noscript> <img decoding=\"async\" src=\"https:\/\/img.lemde.fr\/2025\/10\/01\/378\/715\/3264\/2176\/664\/0\/75\/0\/375e0c0_upload-1-mla17xptc9ct-063-2237196539.jpg\" alt=\"Massad Boulos, le conseiller principal pour l\u2019Afrique au d\u00e9partement d\u2019Etat am\u00e9ricain, \u00e0 New York, le 24\u00a0septembre\u00a02025.\"> <\/noscript><\/figure>\n<\/article>\n<p>&nbsp;<\/p>\n<p class=\"article__paragraph \">Un accord de paix sign\u00e9, fin juin, entre la R\u00e9publique d\u00e9mocratique du Congo (RDC) et le Rwanda. Une rencontre, en ao\u00fbt, avec le g\u00e9n\u00e9ral Abdel Fattah Abdelrahman Al-Bourhane, \u00e0 la t\u00eate de l\u2019arm\u00e9e soudanaise. Des voyages en Libye et dans la Corne de l\u2019Afrique.<\/p>\n<p class=\"article__paragraph \">Depuis sa nomination surprise par Donald Trump au poste de conseiller sp\u00e9cial pour l\u2019Afrique, le 1<sup>er<\/sup> avril, l\u2019homme d\u2019affaires am\u00e9ricano-libanais Massad Boulos \u2013 dont le fils est le gendre du pr\u00e9sident am\u00e9ricain \u2013 multiplie les initiatives diplomatiques. Il revient, pour le <em>Monde Afrique<\/em>, sur les priorit\u00e9s de la diplomatie am\u00e9ricaine \u00e0 l\u2019\u00e9gard du continent africain.<\/p>\n<p>&nbsp;<\/p>\n<p class=\"article__question\"><span style=\"text-decoration: underline;\">*Comment r\u00e9sumeriez-vous les nouvelles priorit\u00e9s de la diplomatie am\u00e9ricaine en Afrique ?<\/span><\/p>\n<p class=\"article__paragraph \">Le pr\u00e9sident Donald Trump l\u2019a dit simplement\u00a0: nous souhaitons moins d\u2019aide et plus de commerce. Notre politique africaine repose sur trois piliers. Le premier est de ramener la paix dans toutes les zones de conflit, notamment dans la r\u00e9gion des Grands Lacs, au Soudan, en Libye, au Sahel.<\/p>\n<div id=\"inread_top\" class=\"dfp-slot dfp__slot dfp__inread adm-ad-empty\" data-format=\"inread_top\" aria-hidden=\"true\" data-google-query-id=\"COf0xMywkJADFTVBpAQdOHE2YA\">\n<div id=\"google_ads_iframe_\/128139881\/lm_lemonde_abo\/afrique\/afrique\/article\/inread_top_0__container__\"><\/div>\n<\/div>\n<p class=\"article__paragraph \">Le second pilier, ce sont les partenariats. La politique du pr\u00e9sident Trump est d\u2019\u00e9tablir des partenariats gagnant-gagnant pour l\u2019ensemble des parties. L\u2019id\u00e9e est d\u2019inciter des investisseurs et des entreprises am\u00e9ricaines \u00e0 investir dans les pays africains, avec le plein soutien du gouvernement des Etats-Unis et de ses institutions. De nombreux projets ont d\u00e9j\u00e0 \u00e9t\u00e9 sign\u00e9s alors que l\u2019administration Trump est en place depuis seulement huit mois. Enfin, le troisi\u00e8me pilier est d\u2019atteindre la prosp\u00e9rit\u00e9, qui d\u00e9coule de la paix et des partenariats.<\/p>\n<p class=\"article__question\"><span style=\"text-decoration: underline;\">*La promotion des valeurs d\u00e9mocratiques par les Etats-Unis est-elle encore d\u2019actualit\u00e9 ?<\/span><\/p>\n<p class=\"article__paragraph \">La d\u00e9mocratie est toujours appr\u00e9ci\u00e9e mais notre politique n\u2019est pas d\u2019intervenir dans les affaires internes des autres Etats. Les populations sont libres de choisir le syst\u00e8me qui leur convient le mieux.<\/p>\n<section class=\"catcher catcher--favoris\">\n<div class=\"catcher__favorite\"><\/div>\n<\/section>\n<p class=\"article__paragraph \">R\u00e9cemment, nous avons soutenu le Gabon qui a r\u00e9ussi son chemin vers la d\u00e9mocratie <em>[en organisant une \u00e9lection pr\u00e9sidentielle en avril]<\/em> apr\u00e8s le coup d\u2019Etat du g\u00e9n\u00e9ral Brice Oligui Nguema <em>[en\u00a0ao\u00fbt 2023]<\/em>. Le pr\u00e9sident du Gabon a vraiment fait un bon travail, en faisant des r\u00e9formes constitutionnelles et \u00e9conomiques puis en conduisant des \u00e9lections selon les normes internationales. Il a \u00e9t\u00e9 invit\u00e9 \u00e0 la Maison Blanche en juillet et nous le pr\u00e9sentons comme un mod\u00e8le pour les autres pays qui ont connu un coup d\u2019Etat.<\/p>\n<p class=\"article__question\">*L\u2019African Growth and Opportunity Act (AGOA) qui, depuis vingt-cinq ans, permet \u00e0 des pays africains de r\u00e9aliser des exportations vers les Etats-Unis \u00e0 des conditions pr\u00e9f\u00e9rentielles a expir\u00e9 le 30 septembre. Quelle suite souhaitez-vous donner \u00e0 cet accord ?<\/p>\n<p class=\"article__paragraph \">Notre administration soutient les objectifs de l\u2019AGOA et nous soutenons sa prolongation. Mais cela d\u00e9pend de notre Congr\u00e8s qui va travailler dessus, et non de l\u2019ex\u00e9cutif. Nous nous concentrons pour que le commerce, l\u2019\u00e9conomie et les travailleurs am\u00e9ricains ainsi que notre s\u00e9curit\u00e9 nationale en b\u00e9n\u00e9ficient. Tout ce qui ira dans ce sens sera bienvenu.<\/p>\n<section class=\"catcher catcher--favoris\"><\/section>\n<p class=\"article__question\"><span style=\"text-decoration: underline;\">*Fin juin, vous avez obtenu la signature d\u2019un accord de paix entre la RDC et le Rwanda. Pourtant, sur le terrain, l\u2019arm\u00e9e congolaise et les rebelles du Mouvement du 23 mars (M23) continuent de s\u2019affronter. Cet accord est-il caduc ?<\/span><\/p>\n<p class=\"article__paragraph \">La paix n\u2019est pas quelque chose que vous arrivez \u00e0 atteindre en appuyant sur un bouton. L\u2019accord sign\u00e9 le 27 juin \u00e9tait historique. Le conflit dans l\u2019est de la RDC dure depuis pr\u00e8s de trois d\u00e9cennies. Des centaines de milliers de gens sont d\u00e9plac\u00e9es et plus de 6 millions de personnes ont perdu la vie dans ce conflit.<\/p>\n<p class=\"article__paragraph \">Depuis la signature de cet accord de paix dans le bureau Ovale, plusieurs instruments ont \u00e9t\u00e9 mis en place, dont le m\u00e9canisme conjoint de s\u00e9curit\u00e9 entre la RDC et le Rwanda. Il pr\u00e9voit, d\u2019un c\u00f4t\u00e9, la neutralisation des Forces d\u00e9mocratiques de lib\u00e9ration du Rwanda \u2013 les rebelles hutu rwandais install\u00e9s en RDC \u2013 et, de l\u2019autre, le retrait des troupes et des armements d\u00e9ploy\u00e9s par le Rwanda.<\/p>\n<section class=\"catcher catcher--favoris\">\n<div class=\"catcher__favorite\"><\/div>\n<\/section>\n<p class=\"article__paragraph \">Parall\u00e8lement, nous travaillons au cadre r\u00e9gional d\u2019int\u00e9gration \u00e9conomique sur de tr\u00e8s nombreux dossiers, comme le secteur minier. J\u2019esp\u00e8re que nous aurons finalis\u00e9 cette question cette semaine.<\/p>\n<p class=\"article__paragraph \">Des tractations entre le <em>[groupe rebelle]<\/em> M23\u00a0et le gouvernement congolais se d\u00e9roulent actuellement \u00e0 Doha, au Qatar. Le 12\u00a0juillet, un accord de principe y avait \u00e9t\u00e9 sign\u00e9 entre les deux parties. Puis il y a eu le mois d\u2019ao\u00fbt, un mois de vacances pour beaucoup d\u2019acteurs, et septembre, o\u00f9 chacun sait ce qui s\u2019est pass\u00e9 <em>[le 9\u00a0septembre, Isra\u00ebl a conduit des bombardements contre une d\u00e9l\u00e9gation de membres du Hamas, le mouvement islamiste palestinien]<\/em>, ce qui a cr\u00e9\u00e9 quelques retards. D\u00e9sormais, les discussions entre la RDC et le Rwanda ont repris, mais la paix sera un processus qui mettra du temps \u00e0 se concr\u00e9tiser.<\/p>\n<p class=\"article__question\"><span style=\"text-decoration: underline;\">*Votre implication en RDC vise-t-elle aussi \u00e0 contester la domination chinoise dans le secteur minier dans cette r\u00e9gion ?<\/span><\/p>\n<p class=\"article__paragraph \">Nous ne nous comparons pas \u00e0 la Chine. Notre objectif premier est d\u2019amener la stabilit\u00e9 dans la r\u00e9gion, de r\u00e9soudre les conflits. Une fois la paix atteinte, nous pourrons alors avoir des partenariats. Nous sommes en train de n\u00e9gocier un accord de coop\u00e9ration strat\u00e9gique sur les minerais avec la RDC. Celui-ci permettra \u00e0 des entreprises et des investisseurs am\u00e9ricains de se rendre dans ce pays, et beaucoup sont d\u00e9j\u00e0 int\u00e9ress\u00e9s.<\/p>\n<p class=\"article__paragraph \">Notre objectif est aussi de soutenir le d\u00e9veloppement des infrastructures. Nous avons annonc\u00e9 plusieurs projets qui sont financ\u00e9s publiquement, tels que des routes, des ports, des r\u00e9seaux \u00e9lectriques dans toute la r\u00e9gion, pas seulement la RDC, notamment avec le tr\u00e8s strat\u00e9gique corridor <em>[ferroviaire]<\/em> de Lobito, qui relie les zones mini\u00e8res <em>[congolaises]<\/em> au port de Lobito, en Angola.<\/p>\n<p class=\"article__question\"><span style=\"text-decoration: underline;\">*Le fondateur et ancien PDG de la soci\u00e9t\u00e9 de s\u00e9curit\u00e9 priv\u00e9e Blackwater, Erik Prince, aujourd\u2019hui \u00e0 la t\u00eate de l\u2019entreprise Vectus Global, qui a sign\u00e9 un accord dans le secteur de la s\u00e9curit\u00e9 avec Kinshasa, est-il un acteur de la politique am\u00e9ricaine en RDC ?<\/span><\/p>\n<p class=\"article__paragraph \">Non, il est \u00e0 la t\u00eate d\u2019une entreprise priv\u00e9e et celle-ci n\u2019est li\u00e9e \u00e0 aucun des piliers sur lesquels nous travaillons.<\/p>\n<p class=\"article__paragraph \"><span style=\"text-decoration: underline;\">*Autre crise majeure, le Soudan. En ao\u00fbt, vous avez rencontr\u00e9 en Suisse le g\u00e9n\u00e9ral Al-Bourhane. Pourriez-vous faire de m\u00eame avec son rival, le g\u00e9n\u00e9ral \u00ab Hemetti \u00bb, de son vrai nom Mohammed Hamdan Daglo, et quelles seraient vos propositions pour arriver \u00e0 un accord de paix ?<\/span><\/p>\n<p class=\"article__paragraph \">Nous n\u2019avons jamais fait d\u2019annonce concernant une r\u00e9union sp\u00e9cifique, <em>[et ce]<\/em> pour le succ\u00e8s de nos actions, mais le plus important est que nous sommes engag\u00e9s avec les deux c\u00f4t\u00e9s, l\u2019arm\u00e9e et les Forces de soutien rapide <em>[du g\u00e9n\u00e9ral \u00ab\u00a0Hemetti\u00a0\u00bb]<\/em>. La priorit\u00e9 absolue est d\u2019obtenir des avanc\u00e9es dans la fourniture d\u2019aide humanitaire alors que le Soudan est aujourd\u2019hui la pire catastrophe humanitaire dans le monde, m\u00eame si celle-ci ne re\u00e7oit pas l\u2019attention n\u00e9cessaire.<\/p>\n<p class=\"article__paragraph \">A El-Fasher, les gens mangent de la nourriture pour animaux <em>[faute d\u2019autre chose]<\/em>. L\u2019urgence c\u2019est d\u2019obtenir de l\u2019aide pour eux. Nous devons donner beaucoup plus d\u2019attention \u00e0 cette catastrophe.<\/p>\n<p class=\"article__question\"><span style=\"text-decoration: underline;\">*A Washington, certaines personnalit\u00e9s influentes, comme le pr\u00e9sident de la sous-commission des affaires \u00e9trang\u00e8res sur l\u2019Afrique du S\u00e9nat, Ted Cruz, se disent favorables \u00e0 une reconnaissance de l\u2019ind\u00e9pendance du Somaliland. Votre administration l\u2019est \u00e9galement ?<\/span><\/p>\n<p class=\"article__paragraph \">La politique de notre administration est tr\u00e8s claire\u00a0: nous d\u00e9fendons une Somalie unie et rien d\u2019autre.<\/p>\n<p class=\"article__question\"><span style=\"text-decoration: underline;\">*Les Etats-Unis souhaitent-ils mettre un terme au mandat de la Mission des Nations unies pour l\u2019organisation d\u2019un r\u00e9f\u00e9rendum au Sahara occidental ?<\/span><\/p>\n<p class=\"article__paragraph \">Des discussions sont en cours et seront sans doute conclues la semaine prochaine. Attendons de voir ce qu\u2019elles donneront, mais nous soutenons pleinement la souverainet\u00e9 marocaine sur le Sahara occidental et son plan d\u2019autonomie.<\/p>\n<section class=\"author\">\n<p class=\"article__author-container\"><span class=\"author__detail\"><a class=\"article__author-link\" href=\"\/signataires\/cyril-bensimon\/\"><span class=\"author__name\">Cyril Bensimon<\/span><\/a><\/span><\/p>\n<\/section>\n<p><a href=\"https:\/\/www.lemonde.fr\/afrique\/article\/2025\/10\/01\/massad-boulos-conseiller-special-pour-l-afrique-de-donald-trump-notre-politique-repose-sur-trois-piliers-la-paix-les-partenariats-et-la-prosperite_6643974_3212.html\">LE MONDE<\/a><\/p>\n","protected":false},"excerpt":{"rendered":"<p>&nbsp; L\u2019homme d\u2019affaires am\u00e9ricano-libanais revient, dans un entretien au \u00ab\u00a0Monde Afrique\u00a0\u00bb, sur l\u2019accord de paix sign\u00e9 entre la R\u00e9publique d\u00e9mocratique du Congo et le Rwanda, les enjeux du secteur minier congolais et l\u2019urgence humanitaire li\u00e9e \u00e0 la guerre au Soudan.` &nbsp; Un accord de paix sign\u00e9, fin juin, entre la R\u00e9publique d\u00e9mocratique du Congo (RDC)<\/p>\n","protected":false},"author":134,"featured_media":190645,"comment_status":"open","ping_status":"open","sticky":false,"template":"","format":"standard","meta":{"_uf_show_specific_survey":0,"_uf_disable_surveys":false,"footnotes":""},"categories":[37],"tags":[],"class_list":{"0":"post-190643","1":"post","2":"type-post","3":"status-publish","4":"format-standard","5":"has-post-thumbnail","7":"category-alaune-fr"},"aioseo_notices":[],"_links":{"self":[{"href":"https:\/\/middleeasttransparent.com\/fr\/wp-json\/wp\/v2\/posts\/190643","targetHints":{"allow":["GET"]}}],"collection":[{"href":"https:\/\/middleeasttransparent.com\/fr\/wp-json\/wp\/v2\/posts"}],"about":[{"href":"https:\/\/middleeasttransparent.com\/fr\/wp-json\/wp\/v2\/types\/post"}],"author":[{"embeddable":true,"href":"https:\/\/middleeasttransparent.com\/fr\/wp-json\/wp\/v2\/users\/134"}],"replies":[{"embeddable":true,"href":"https:\/\/middleeasttransparent.com\/fr\/wp-json\/wp\/v2\/comments?post=190643"}],"version-history":[{"count":0,"href":"https:\/\/middleeasttransparent.com\/fr\/wp-json\/wp\/v2\/posts\/190643\/revisions"}],"wp:featuredmedia":[{"embeddable":true,"href":"https:\/\/middleeasttransparent.com\/fr\/wp-json\/wp\/v2\/media\/190645"}],"wp:attachment":[{"href":"https:\/\/middleeasttransparent.com\/fr\/wp-json\/wp\/v2\/media?parent=190643"}],"wp:term":[{"taxonomy":"category","embeddable":true,"href":"https:\/\/middleeasttransparent.com\/fr\/wp-json\/wp\/v2\/categories?post=190643"},{"taxonomy":"post_tag","embeddable":true,"href":"https:\/\/middleeasttransparent.com\/fr\/wp-json\/wp\/v2\/tags?post=190643"}],"curies":[{"name":"wp","href":"https:\/\/api.w.org\/{rel}","templated":true}]}}