{"id":190185,"date":"2025-09-22T20:19:34","date_gmt":"2025-09-22T19:19:34","guid":{"rendered":"https:\/\/middleeasttransparent.com\/?p=190185"},"modified":"2025-09-22T20:21:33","modified_gmt":"2025-09-22T19:21:33","slug":"annexion-de-la-cisjordanie-lavertissement-de-legypte-et-des-emirats-arabes-unis","status":"publish","type":"post","link":"https:\/\/middleeasttransparent.com\/fr\/annexion-de-la-cisjordanie-lavertissement-de-legypte-et-des-emirats-arabes-unis\/","title":{"rendered":"Annexion de la Cisjordanie : l\u2019avertissement de l\u2019\u00c9gypte et des \u00c9mirats arabes unis"},"content":{"rendered":"<p>&nbsp;<\/p>\n<p class=\"fig-standfirst\"><span style=\"color: #0000ff;\">Le\u00a0Caire et Abu Dhabi ont averti qu\u2019une annexion de la Cisjordanie mettrait en p\u00e9ril leurs accords de paix avec Isra\u00ebl.<\/span><\/p>\n<div class=\"fig-content-body\" data-agora-connect-urls=\"{&quot;baseUrl&quot;:&quot;https:\\\/\\\/connect.lefigaro.fr&quot;}\" data-component=\"fig-content-body\" data-context=\"was @visible\" data-id=\"bGVmaWdhcm8uZnJfXzFmMDk2ZTE2LTM1NWMtNjVlZS04MjhjLTRiOTE5N2JhMjZlNV9fQXJ0aWNsZQ==\" data-module=\"fig-body\" data-premium=\"true\" data-mrf-recirculation=\"fig-body\"><\/div>\n<p>Les pays arabes soutiennent le plan franco-saoudien pour la cr\u00e9ation d\u2019un \u00c9tat palestinien, \u00e9labor\u00e9 ces derniers mois en parall\u00e8le de la reconnaissance ce lundi \u00e0 l\u2019ONU de la Palestine, mais certains sont tr\u00e8s inquiets des repr\u00e9sailles isra\u00e9liennes qui menacent d\u2019en d\u00e9couler, alors que la guerre \u00e0 Gaza ne conna\u00eet pas de r\u00e9pit. \u00ab L\u2019inqui\u00e9tude a \u00e9t\u00e9 clairement exprim\u00e9e par les pr\u00e9sidents \u00e9gyptien al-Sissi et \u00e9mirien Mohammed Ben Zayed. Nous sommes \u00e0 minuit moins cinq \u00bb, s\u2019alarme un diplomate fran\u00e7ais, qui travaille depuis des mois sur le dossier.<\/p>\n<p>&nbsp;<\/p>\n<p>Premier pays \u00e0 avoir conclu la paix en 1979 avec Isra\u00ebl, l\u2019\u00c9gypte, fron\u2010 tali\u00e8re de la bande de Gaza, est au premier chef concern\u00e9e par la guerre men\u00e9e depuis deux ans par l\u2019\u00c9tat h\u00e9breu en repr\u00e9sailles \u00e0 l\u2019attaque terroriste du Hamas, qui avait tu\u00e9 plus de 1 200 Isra\u00e9liens. Alors que plus de 65 000 Gazaouis ont p\u00e9ri depuis lors, Le Caire redoute un afflux massif de Palestiniens dans le d\u00e9sert du Sina\u00ef, qui borde Gaza.<\/p>\n<p>Le ra\u00efs al-Sissi a un cauchemar : qu\u2019une fois les deux millions de \u2010 Gazaouis rassembl\u00e9s dans le sud de la bande de Gaza &#8211; le but de l\u2019actuelle offensive militaire isra\u00e9lienne contre la principale ville de l\u2019enclave &#8211; un bombardement isra\u00e9lien sur le passage frontalier de Rafah avec l\u2019\u00c9gypte pousse, sous la pression de Tsahal, des centaines de milliers de Gazaouis dans le Sina\u00ef \u00e9gyptien. \u00ab Le pr\u00e9sident al-Sissi a d\u00e9clar\u00e9 qu\u2019\u00e0 ce moment-l\u00e0, le trait\u00e9 de paix avec Isra\u00ebl serait mis en p\u00e9ril \u00bb, rappelle le diplomate pr\u00e9cit\u00e9.<\/p>\n<p>Parmi les r\u00e9fugi\u00e9s fuyant alors la bande de Gaza pourraient figurer des militants islamistes du Hamas, membres de la branche palestinienne des Fr\u00e8res musulmans, la b\u00eate noire du pouvoir \u00e9gyptien. Celui-ci a \u00e9radiqu\u00e9 la maison m\u00e8re fr\u00e9riste depuis que le mar\u00e9chal al-Sissi a pris le pouvoir en 2013. Pour conjurer un tel sc\u00e9nario, l\u2019\u00c9gypte aurait renforc\u00e9 sa pr\u00e9sence militaire dans le Sina\u00ef. Estimant qu\u2019il s\u2019agit d\u2019une violation des accords de paix de 1979, l\u2019\u00c9tat h\u00e9breu s\u2019en est inqui\u00e9t\u00e9 aupr\u00e8s des \u00c9tats-Unis, selon des m\u00e9dias isra\u00e9liens.<\/p>\n<p>L\u2019autre leader arabe fortement tourment\u00e9 par le jusqu\u2019au-boutisme militaire isra\u00e9lien est Mohammed Ben Zayed (MBZ). Les \u00c9mirats arabes unis n\u2019ont pas de fronti\u00e8re commune avec Gaza, ni avec Isra\u00ebl, mais ils font partie des quatre pays arabes (aux c\u00f4t\u00e9s de Bahre\u00efn, du Maroc et du Soudan) qui ont sign\u00e9 en 2020, sous l\u2019\u00e9gide de Donald Trump, les accords d\u2019Abraham de normalisation avec l\u2019\u00c9tat h\u00e9breu.<\/p>\n<p>Jusqu\u2019au 7 octobre 2023, la coop\u00e9ration isra\u00e9lo-\u00e9mirienne fonctionnait bien. Mais depuis, la relation s\u2019est tendue. Si Abu Dhabi s\u2019est jusqu\u2019\u00e0 pr\u00e9sent gard\u00e9 de geler ces accords, le premier ministre isra\u00e9lien n\u2019y est pas le bienvenu. La r\u00e9cente attaque isra\u00e9lienne au Qatar contre la direction politique en exil du Hamas &#8211; pourtant ennemi jur\u00e9 des \u00c9mirats &#8211; puis les menaces d\u2019annexion isra\u00e9liennes en repr\u00e9sailles \u00e0 une reconnaissance de la Palestine ont chang\u00e9 la donne \u00e0 Abu Dhabi.<\/p>\n<p>L\u2019annexion \u00ab est une ligne rouge \u00bb, ont averti les dirigeants \u00e9miriens, sans dire quelles mesures ils prendraient en r\u00e9torsion. D\u00e9j\u00e0, apr\u00e8s la d\u00e9cision isra\u00e9lienne du 20 ao\u00fbt de valider un projet de colonie en secteur palestinien \u00e0 l\u2019est de J\u00e9rusalem, afin de couper la Cisjordanie en deux et de rendre impossible tout \u00c9tat palestinien, \u00ab les \u00c9mirats ont menac\u00e9 de se retirer des accords d\u2019Abraham \u00bb, souligne-t-on dans l\u2019entourage d\u2019Emmanuel Macron.<\/p>\n<p>\u00ab MBZ a pass\u00e9 un message extr\u00eamement clair \u00e0 Donald Trump, poursuit un proche du chef de l\u2019\u00c9tat. S\u2019il y a annexion par Isra\u00ebl de la Cisjordanie, il y aura une r\u00e9vision des accords d\u2019Abraham. Or Donald Trump tient \u00e0 ces accords, c\u2019est son legs dans l\u2019histoire du ProcheOrient. S\u2019il y tient vraiment, il doit retenir Netanyahou. \u00bb<\/p>\n<p>Le peut-il ? Le veut-il ? \u00ab Netanyahou se moque de moi \u00bb, aurait lanc\u00e9 Donald Trump, selon la cha\u00eene isra\u00e9lienne I24News. En 2020, alors que Benyamin Netanyahou mena\u00e7ait d\u00e9j\u00e0 d\u2019annexer la Cisjordanie, Trump, \u00e0 deux reprises, s\u2019y \u00e9tait oppos\u00e9, proposant \u00e0 la place une normalisation \u00e9mirienne avec Isra\u00ebl.<\/p>\n<p>De leur c\u00f4t\u00e9, les \u00c9mirats, comme les autres signataires des accords d\u2019Abraham, ont-ils les moyens d\u2019aller au-del\u00e0 d\u2019un gel symbolique des accords d\u2019Abraham ? Abu Dhabi a d\u00e9j\u00e0 menac\u00e9 de rabaisser son niveau de relations diplomatiques avec Isra\u00ebl, rapporte l\u2019agence Reuters. Le rappel de leur ambassadeur \u00e0 Tel-Aviv, qui n\u2019a pas encore \u00e9t\u00e9 ordonn\u00e9 malgr\u00e9 la guerre \u00e0 Gaza, pourrait faire partie de la riposte \u00e9mirienne, alors qu\u2019Abou Dhabi vient d\u2019interdire aux soci\u00e9t\u00e9s isra\u00e9liennes de participer en novembre \u00e0 un salon des industries de d\u00e9fense, seule v\u00e9ritable mesure de r\u00e9torsion prise jusque-l\u00e0.<\/p>\n<p>\u00ab Je ne crois pas que les \u00c9tats signataires des accords d\u2019Abraham iraient jusqu\u2019\u00e0 les annuler, car Isra\u00ebl a les moyens de les en dissuader \u00bb, confie au Figaro une source s\u00e9curitaire fran\u00e7aise, famili\u00e8re du Golfe. Selon cette source, \u00ab la fourniture \u00e0 ces \u00c9tats du logiciel espion Pegasus a \u00e9t\u00e9 depuis bient\u00f4t dix ans au c\u0153ur de la diplomatie isra\u00e9lienne \u00e0 leur \u00e9gard. Les services de renseignements isra\u00e9liens ont investi les appareils s\u00e9curitaires locaux, qui sont aujourd\u2019hui largement d\u00e9pendants d\u2019eux, dans la mesure o\u00f9 l\u2019utilisation de Pegasus revient \u00e0 mettre ses \u00e9coutes sur un cloud g\u00e9r\u00e9 par les services isra\u00e9liens, qui accumulent ainsi une masse de dossiers sur leurs clients arabes, et les tiennent possiblement par le chantage \u00bb.<\/p>\n<p>Dans le plan franco-saoudien, la reconnaissance de la Palestine va de pair avec le d\u00e9sarmement du Hamas, auquel celui-ci s\u2019oppose, et qui ne pourra intervenir qu\u2019une fois un cessez-le-feu conclu entre Isra\u00ebl et le mouvement islamiste. M\u00eame si ce but n\u2019est pas encore atteint, la France et la Grande-Bretagne \u0153uvrent, en lien avec l\u2019\u00c9gypte et la \u2010 Jordanie, \u00e0 l\u2019apr\u00e8s-Hamas \u00e0 Gaza.<\/p>\n<p>Plusieurs centaines de policiers palestiniens sont en formation en \u00c9gypte et en Jordanie en vue de ce d\u00e9sarmement qu\u2019\u00e0 Paris on n\u2019estime possible que par des \u00ab forces locales \u00bb, m\u00eame si, par la suite, des forces \u00e9trang\u00e8res, arabes probablement, venaient en appoint administrer Gaza. Il s\u2019agit de forces de s\u00e9curit\u00e9 affili\u00e9es \u00e0 l\u2019Autorit\u00e9 palestinienne, qui sont rest\u00e9es \u00e0 Gaza apr\u00e8s l\u2019expulsion de celle-ci en 2007 par le Hamas.<\/p>\n<p>\u00c0 Paris, on estime que la d\u00e9militarisation du Hamas &#8211; autre pilier du plan franco-saoudien au m\u00eame titre qu\u2019une architecture r\u00e9gionale de s\u00e9curit\u00e9 en extension des accords d\u2019Abraham &#8211; n\u2019est plus un objectif lointain. Selon les estimations isra\u00e9liennes, la formation int\u00e9griste manque d\u2019explosifs et n\u2019aurait plus que 10 000 armes de poing. Les rangs de sa branche militaire &#8211; 25 000 membres avant le 7 Octobre &#8211; ont certes \u00e9t\u00e9 reconstitu\u00e9s, mais au terme d\u2019un recrutement de plus de 10 000 jeunes inexp\u00e9riment\u00e9s, venus remplacer les 10 000 \u00e0 15 000 cadres, tu\u00e9s par Isra\u00ebl, depuis deux ans.<\/p>\n<p>\u00ab Nous sommes \u00e0 un moment de bascule, insiste-t-on dans l\u2019entourage d\u2019Emmanuel Macron : Soit nous sommes collectivement capables d\u2019aller vers la solution des deux \u00c9tats, soit nous allons vers plus de drames \u00bb au Moyen-Orient.<\/p>\n<p>&nbsp;<\/p>\n<p><a href=\"https:\/\/www.lefigaro.fr\/international\/annexion-de-la-cisjordanie-l-avertissement-de-l-egypte-et-des-emirats-arabes-unis-20250921\"><strong>LE FIGARO<\/strong><\/a><\/p>\n<p>&nbsp;<\/p>\n","protected":false},"excerpt":{"rendered":"<p>&nbsp; Le\u00a0Caire et Abu Dhabi ont averti qu\u2019une annexion de la Cisjordanie mettrait en p\u00e9ril leurs accords de paix avec Isra\u00ebl. Les pays arabes soutiennent le plan franco-saoudien pour la cr\u00e9ation d\u2019un \u00c9tat palestinien, \u00e9labor\u00e9 ces derniers mois en parall\u00e8le de la reconnaissance ce lundi \u00e0 l\u2019ONU de la Palestine, mais certains sont tr\u00e8s inquiets<\/p>\n","protected":false},"author":34,"featured_media":190188,"comment_status":"open","ping_status":"open","sticky":false,"template":"","format":"standard","meta":{"_uf_show_specific_survey":0,"_uf_disable_surveys":false,"footnotes":""},"categories":[37],"tags":[],"class_list":{"0":"post-190185","1":"post","2":"type-post","3":"status-publish","4":"format-standard","5":"has-post-thumbnail","7":"category-alaune-fr"},"aioseo_notices":[],"_links":{"self":[{"href":"https:\/\/middleeasttransparent.com\/fr\/wp-json\/wp\/v2\/posts\/190185","targetHints":{"allow":["GET"]}}],"collection":[{"href":"https:\/\/middleeasttransparent.com\/fr\/wp-json\/wp\/v2\/posts"}],"about":[{"href":"https:\/\/middleeasttransparent.com\/fr\/wp-json\/wp\/v2\/types\/post"}],"author":[{"embeddable":true,"href":"https:\/\/middleeasttransparent.com\/fr\/wp-json\/wp\/v2\/users\/34"}],"replies":[{"embeddable":true,"href":"https:\/\/middleeasttransparent.com\/fr\/wp-json\/wp\/v2\/comments?post=190185"}],"version-history":[{"count":0,"href":"https:\/\/middleeasttransparent.com\/fr\/wp-json\/wp\/v2\/posts\/190185\/revisions"}],"wp:featuredmedia":[{"embeddable":true,"href":"https:\/\/middleeasttransparent.com\/fr\/wp-json\/wp\/v2\/media\/190188"}],"wp:attachment":[{"href":"https:\/\/middleeasttransparent.com\/fr\/wp-json\/wp\/v2\/media?parent=190185"}],"wp:term":[{"taxonomy":"category","embeddable":true,"href":"https:\/\/middleeasttransparent.com\/fr\/wp-json\/wp\/v2\/categories?post=190185"},{"taxonomy":"post_tag","embeddable":true,"href":"https:\/\/middleeasttransparent.com\/fr\/wp-json\/wp\/v2\/tags?post=190185"}],"curies":[{"name":"wp","href":"https:\/\/api.w.org\/{rel}","templated":true}]}}