{"id":189163,"date":"2025-08-15T21:11:06","date_gmt":"2025-08-15T20:11:06","guid":{"rendered":"https:\/\/middleeasttransparent.com\/?p=189163"},"modified":"2025-08-15T21:12:28","modified_gmt":"2025-08-15T20:12:28","slug":"gaza-les-tensions-grandissent-entre-le-gouvernement-israelien-et-letat-major","status":"publish","type":"post","link":"https:\/\/middleeasttransparent.com\/fr\/gaza-les-tensions-grandissent-entre-le-gouvernement-israelien-et-letat-major\/","title":{"rendered":"Gaza\u00a0: les tensions grandissent entre le gouvernement isra\u00e9lien et l\u2019\u00e9tat-major"},"content":{"rendered":"<p>&nbsp;<\/p>\n<header class=\"article__header \">\n<div class=\"article__header-wrap\">\n<div class=\"ds-article__heading\">\n<h1 class=\"ds-title\"><\/h1>\n<h3 class=\"ds-description\"><span class=\"ds-chapo\" style=\"color: #666699;\"> Alors que l\u2019arm\u00e9e a accept\u00e9 une nouvelle intervention massive \u00e0 Gaza, le ministre de la d\u00e9fense et le chef des forces arm\u00e9es isra\u00e9liens s\u2019opposent sur la strat\u00e9gie. Le d\u00e9saccord profond inqui\u00e8te apr\u00e8s la remise en question, depuis deux ans, de hauts fonctionnaires, magistrats et militaires, accus\u00e9s de manquer de loyaut\u00e9 envers Benyamin N\u00e9tanyahou.<\/span><\/h3>\n<p>&nbsp;<\/p>\n<\/div>\n<div><\/div>\n<h3 id=\"js-authors-trigger\" class=\"meta meta__publisher meta__publisher--header\"><span id=\"js-authors-list\" class=\"meta__author meta__author--header\">\u00a0<span class=\"author__desc author__desc--header\">(J\u00e9rusalem, correspondant)<\/span> <\/span><\/h3>\n<\/div>\n<\/header>\n<section class=\"article__wrapper article__wrapper--premium \">\n<article class=\"article__content old__article-content-single\">\n<p class=\"article__paragraph \">S\u2019il fallait une preuve suppl\u00e9mentaire du moment critique que traverse l\u2019Etat d\u2019Isra\u00ebl, les accrochages entre le gouvernement de Benyamin N\u00e9tanyahou et le chef d\u2019\u00e9tat-major de l\u2019arm\u00e9e t\u00e9moignent des tensions qui secouent le pays jusqu\u2019au plus haut niveau de l\u2019appareil militaire. Depuis une dizaine de jours, le lieutenant g\u00e9n\u00e9ral Eyal Zamir, chef des forces arm\u00e9es, subit attaques personnelles, critiques et remises en cause de la part des membres de la coalition. Un des principaux acteurs de cette fronde est <a href=\"https:\/\/www.lemonde.fr\/un-si-proche-orient\/article\/2025\/07\/27\/l-ambition-devastatrice-du-ministre-de-la-defense-israelien_6624572_6116995.html\">le ministre de la d\u00e9fense lui-m\u00eame, Israel Katz, un fid\u00e8le du premier ministre isra\u00e9lien<\/a>.<\/p>\n<p class=\"article__paragraph \">L\u2019escalade militaire d\u00e9cid\u00e9e par le gouvernement dans la bande de Gaza, avec la d\u00e9cision d\u2019occuper progressivement la totalit\u00e9 de l\u2019enclave palestinienne, fracture le pays depuis <a href=\"https:\/\/www.lemonde.fr\/international\/article\/2025\/08\/08\/israel-se-prepare-a-occuper-toute-la-bande-de-gaza_6627357_3210.html\">l\u2019annonce du cabinet de s\u00e9curit\u00e9, vendredi 8\u00a0ao\u00fbt<\/a>. Une strat\u00e9gie avec laquelle le chef d\u2019\u00e9tat-major avait marqu\u00e9 son d\u00e9saccord avant et pendant la r\u00e9union du cabinet. Insupportable pour les partisans de M.\u00a0N\u00e9tanyahou. <em>\u00ab\u00a0Si cela ne convient pas au chef d\u2019\u00e9tat-major, il devrait d\u00e9missionner\u00a0\u00bb<\/em>, avait pr\u00e9venu l\u2019entourage du premier ministre, selon les m\u00e9dias isra\u00e9liens. R\u00e9ponse abrupte d\u2019Eyal Zamir dans un communiqu\u00e9\u00a0: <em>\u00ab\u00a0Nous continuerons \u00e0 exprimer notre position sans crainte, de mani\u00e8re factuelle, ind\u00e9pendante et professionnelle.\u00a0\u00bb<\/em><\/p>\n<div id=\"inread_top\" class=\"dfp-slot dfp__slot dfp__inread adm-ad-empty\" data-format=\"inread_top\" aria-hidden=\"true\" data-google-query-id=\"CPOBup3IjY8DFbldHQkdNJ4CEg\">\n<div id=\"google_ads_iframe_\/128139881\/lm_lemonde_abo\/international\/international\/article\/inread_top_0__container__\"><\/div>\n<\/div>\n<p class=\"article__paragraph \">Depuis, les escarmouches n\u2019ont pas cess\u00e9 alors m\u00eame que l\u2019officier g\u00e9n\u00e9ral a annonc\u00e9 qu\u2019il suivrait les ordres du pouvoir politique. Le ministre de la d\u00e9fense s\u2019en est notamment pris \u00e0 des nominations de colonels \u2013\u00a0des arbitrages qui, habituellement, ne s\u2019\u00e9talent pas sur la place publique. Un pr\u00e9texte, selon la plupart des observateurs\u00a0: Israel Katz cherche \u00e0 affirmer son autorit\u00e9 et, plus encore, \u00e0 affaiblir celle du chef d\u2019\u00e9tat-major, coupable d\u2019avoir propos\u00e9 une ligne alternative \u00e0 l\u2019occupation. Des <em>\u00ab\u00a0d\u00e9lib\u00e9rations men\u00e9es par le chef d\u2019\u00e9tat-major se sont d\u00e9roul\u00e9es <\/em>(\u2026)<em> sans coordination ni accord pr\u00e9alable\u00a0\u00bb<\/em>, a ainsi point\u00e9 le ministre, mardi 12\u00a0ao\u00fbt, indiquant qu\u2019il refusait de <em>\u00ab\u00a0discuter ou d\u2019approuver ces nominations\u00a0\u00bb. <\/em>Israel Katz est revenu \u00e0\u00a0la charge, mercredi, de fa\u00e7on plus explicite\u00a0<em>: \u00ab\u00a0Apr\u00e8s les \u00e9v\u00e9nements du 7-Octobre, il n\u2019y aura plus jamais d\u2019arm\u00e9e sans supervision.\u00a0\u00bb<\/em><\/p>\n<p class=\"article__paragraph \">Le d\u00e9saccord est profond. Deux visions s\u2019opposent sur la poursuite de la guerre dans la bande de Gaza. Le chef d\u2019\u00e9tat-major, \u00e0 travers ses communications et les fuites dans la presse, a\u00a0avanc\u00e9 quatre facteurs pour recommander de ne pas occuper compl\u00e8tement l\u2019enclave\u00a0: le risque pour la vingtaine d\u2019otages vivants retenus par le Hamas\u00a0; l\u2019\u00e9tat d\u2019\u00e9puisement des troupes, notamment des r\u00e9servistes\u00a0; la crainte de subir des pertes importantes en cas d\u2019occupation de ce territoire\u00a0; et l\u2019organisation tr\u00e8s complexe du d\u00e9placement forc\u00e9 de 1\u00a0million de Palestiniens de la ville de Gaza.<\/p>\n<p class=\"article__paragraph \">L\u2019officier sup\u00e9rieur n\u2019a pas r\u00e9ussi \u00e0 convaincre le gouvernement d\u2019adopter son plan\u00a0: assi\u00e9ger les derni\u00e8res places fortes du Hamas et proc\u00e9der \u00e0 des attaques cibl\u00e9es. Il partait de fait avec un handicap face aux membres les plus bellicistes de la coalition de droite et d\u2019extr\u00eame droite. Nomm\u00e9 au d\u00e9but de 2025, r\u00e9put\u00e9 pour sa fermet\u00e9, le chef d\u2019\u00e9tat-major n\u2019est pas parvenu, depuis le lancement, en mai, de l\u2019op\u00e9ration \u00ab\u00a0Chariots de G\u00e9d\u00e9on\u00a0\u00bb, \u00e0 r\u00e9cup\u00e9rer des otages vivants, malgr\u00e9 des milliers de morts suppl\u00e9mentaires c\u00f4t\u00e9 palestinien (plus de 61\u00a0000, selon le minist\u00e8re de la sant\u00e9 de Gaza). <em>\u00ab\u00a0L\u2019objectif \u00e9tait de faire pression sur le Hamas pour ramener les otages. Tout ce que le Hamas avait \u00e0 accomplir \u00e9tait de rester terr\u00e9 et de ne pas rendre les otages. Ce qu\u2019ils ont fait\u00a0\u00bb<\/em>, rel\u00e8ve ainsi, critique, un des faucons de l\u2019appareil militaire, l\u2019ancien brigadier g\u00e9n\u00e9ral Harel Knafo.<\/p>\n<h2 class=\"article__sub-title\">L\u2019appareil militaire isra\u00e9lien n\u2019est pas homog\u00e8ne<\/h2>\n<p class=\"article__paragraph \">Le conflit oppose le gouvernement et l\u2019\u00e9tat-major, mais les questionnements sur la strat\u00e9gie, les buts de guerre et la m\u00e9thode traversent aussi une arm\u00e9e sous tension apr\u00e8s vingt-deux\u00a0mois de mobilisation. <strong>Une sc\u00e8ne a marqu\u00e9 les esprits, r\u00e9v\u00e9l\u00e9e par le journal <em>Yedioth Ahronoth<\/em> : d\u00e9but ao\u00fbt, le commandant de l\u2019arm\u00e9e de l\u2019air, Tomer Bar, s\u2019est violemment oppos\u00e9 au\u00a0commandant de la r\u00e9gion Sud, charg\u00e9 de la bande de Gaza, l\u2019accusant de r\u00e8gles d\u2019engagement \u00e0 l\u2019origine d\u2019un trop grand nombre de morts parmi les civils palestiniens. L\u2019\u00e9change, houleux, avait contraint M. Zamir \u00e0 intervenir pour r\u00e9tablir le calme. Les bombardements, eux, n\u2019ont pas cess\u00e9.<\/strong><\/p>\n<p class=\"article__paragraph \">L\u2019appareil militaire isra\u00e9lien n\u2019est pas homog\u00e8ne. Ce qui agace la coalition. <em>\u00ab<strong>\u00a0Il y a deux probl\u00e8mes diff\u00e9rents<\/strong><\/em><strong>, rel\u00e8ve ainsi Yossi Kuperwasser, ancien brigadier g\u00e9n\u00e9ral<\/strong>, directeur du Jerusalem Institute for Strategy and Security, un think tank proche de l\u2019arm\u00e9e. <em>Le premier, c\u2019est la politique suivie sur Gaza\u00a0: l\u2019arm\u00e9e a pr\u00e9sent\u00e9 une ligne d\u2019action, le gouvernement en a retenu une autre, et l\u2019\u00e9tat-major ne l\u2019a pas bien accept\u00e9e. Le deuxi\u00e8me, qui, d\u2019une certaine mani\u00e8re, est li\u00e9, c\u2019est le sentiment, au sein du gouvernement, que l\u2019\u00e9tat-major privil\u00e9gie des commandants pas suffisamment agressifs, moins offensifs et trop mod\u00e9r\u00e9s.\u00a0\u00bb<\/em><\/p>\n<section class=\"catcher catcher--favoris\">\n<div class=\"catcher__favorite\"><\/div>\n<\/section>\n<p class=\"article__paragraph \">Dans cette logique, un des ministres d\u2019extr\u00eame droite, Itamar Ben Gvir, s\u2019en est pris, \u00e0 son tour, mercredi, au num\u00e9ro un de l\u2019arm\u00e9e\u00a0: <em>\u00ab\u00a0Quand on voit les proches <\/em>[de Zamir]<em>, on comprend pourquoi il s\u2019oppose farouchement \u00e0 notre projet de conqu\u00e9rir Gaza <\/em>(\u2026)<em>. <strong>S\u2019il n\u2019annonce pas imm\u00e9diatement le remplacement de son \u00e9quipe politique d\u2019extr\u00eame gauche, j\u2019appelle le premier ministre \u00e0 proc\u00e9der \u00e0 son remplacement imm\u00e9diat.\u00a0\u00bb<\/strong><\/em><\/p>\n<p class=\"article__paragraph \">Aux yeux du gouvernement, Eyal Zamir s\u2019est, par ailleurs, engag\u00e9 dans un autre combat, populaire dans l\u2019opinion, mais qui fragilise la coalition au pouvoir\u00a0: le recrutement forc\u00e9 dans l\u2019arm\u00e9e des haredim (\u00ab\u00a0ceux qui tremblent devant Dieu\u00a0\u00bb), ces \u00e9tudiants ultraorthodoxes exempt\u00e9s du service militaire depuis 1948.<\/p>\n<h2 class=\"article__sub-title\">Dernier recours<\/h2>\n<p class=\"article__paragraph \">Sensible en Isra\u00ebl, le sujet est devenu explosif avec le recours massif aux r\u00e9servistes depuis le 7\u00a0octobre 2023. Or, ces derni\u00e8res semaines, plusieurs insoumis ont \u00e9t\u00e9 arr\u00eat\u00e9s, provoquant la fureur des partis ultraorthodoxes. <em>\u00ab\u00a0Les ministres du gouvernement et N\u00e9tanyahou m\u00e8nent une campagne d\u2019humiliation et d\u2019incitation \u00e0 la haine contre Zamir\u00a0\u00bb<\/em>, s\u2019est indign\u00e9, mercredi, l\u2019ancien premier ministre Naftali Bennett. <em>\u00ab\u00a0Ce n\u2019est pas \u00e0 cause de Gaza ou de la politique<\/em>, assure le principal concurrent de M. N\u00e9tanyahou dans les sondages. <em>C\u2019est parce qu\u2019il a rempli son devoir et \u00e9mis des ordres de conscription \u00e0 des dizaines de milliers de jeunes hommes ultraorthodoxes.\u00a0\u00bb<\/em><\/p>\n<section class=\"catcher catcher--favoris\">\n<div class=\"catcher__favorite\"><\/div>\n<\/section>\n<p class=\"article__paragraph \">La mise en cause du chef d\u2019\u00e9tat-major est per\u00e7ue avec d\u2019autant plus d\u2019inqui\u00e9tude qu\u2019elle intervient apr\u00e8s\u00a0une s\u00e9rie d\u2019attaques similaires, depuis deux ans, contre des hauts fonctionnaires, des magistrats, des militaires, accus\u00e9s de ne pas \u00eatre suffisamment loyaux avec le premier ministre. <a href=\"https:\/\/www.lemonde.fr\/international\/article\/2025\/04\/24\/en-israel-les-craintes-d-une-derive-autocratique-de-benyamin-netanyahou_6599489_3210.html\">Le patron du Shin Bet, le service de renseignement int\u00e9rieur, Ronen Bar<\/a>, a\u00a0ainsi \u00e9t\u00e9 s\u00e8chement remerci\u00e9 en avril, pour avoir laiss\u00e9 avancer une enqu\u00eate sur les liens entre le Qatar et des conseillers de M. N\u00e9tanyahou. Le 4\u00a0ao\u00fbt, le gouvernement a cong\u00e9di\u00e9 Gali Baharav-Miara, la procureure g\u00e9n\u00e9rale, une des gardiennes de l\u2019Etat de droit en Isra\u00ebl \u2013<a href=\"https:\/\/www.lemonde.fr\/international\/article\/2025\/08\/04\/en-israel-la-cour-supreme-suspend-le-limogeage-de-la-procureure-generale-decide-par-benyamin-netanyahou_6626621_3210.html\">\u00a0une d\u00e9cision suspendue par la Cour supr\u00eame isra\u00e9lienne jusqu\u2019en septembre<\/a>. Une autre cible se\u00a0profile\u00a0: la procureure de l\u2019arm\u00e9e, la major g\u00e9n\u00e9rale Yifat Tomer-Yerushalmi, qui remplit un r\u00f4le similaire aupr\u00e8s de l\u2019arm\u00e9e.<\/p>\n<p class=\"article__paragraph \">Dans ce contexte, les recours apparaissent limit\u00e9s. A l\u2019inverse des hommes politiques, les militaires disposent de la confiance de l\u2019opinion publique. Eyal Zamir, en particulier, n\u2019\u00e9tait pas en poste au moment de l\u2019attaque surprise par le Hamas, le 7\u00a0octobre\u00a02023, contrairement \u00e0 son pr\u00e9d\u00e9cesseur, Herzi Halevi. La victoire contre le Hezbollah, \u00e0 l\u2019automne 2024, puis la bataille a\u00e9rienne contre l\u2019Iran, en juin, ont renforc\u00e9 la confiance dans l\u2019arm\u00e9e.<\/p>\n<section class=\"catcher catcher--favoris\">\n<div class=\"catcher__favorite\"><\/div>\n<\/section>\n<p class=\"article__paragraph \">Les opposants \u00e0 Benyamin\u00a0N\u00e9tanyahou voient donc le lieutenant g\u00e9n\u00e9ral de 59\u00a0ans comme un des derniers recours, bien qu\u2019il ait toujours d\u00e9fendu, jusque-l\u00e0, l\u2019utilisation de la force. <em>\u00ab\u00a0Il doit rester et ne pas c\u00e9der face aux id\u00e9ologues et aux messianiques\u00a0\u00bb<\/em>, indique, au <em>Monde<\/em>, Dan Haloutz, un de ses lointains pr\u00e9d\u00e9cesseurs (2005-2007), tout en manifestant avec d\u2019autres anciens pilotes de l\u2019arm\u00e9e contre la poursuite de la guerre. Son nom reviendra avec force, dimanche 17\u00a0ao\u00fbt, pour la journ\u00e9e de gr\u00e8ve et de manifestation organis\u00e9e par les familles des otages dans tout le pays.<\/p>\n<\/article>\n<p><a href=\"https:\/\/www.lemonde.fr\/international\/article\/2025\/08\/14\/en-israel-les-tensions-s-accentuent-entre-le-gouvernement-et-l-etat-major_6629177_3210.html\"><strong>LE MONDE<\/strong><\/a><\/p>\n<\/section>\n","protected":false},"excerpt":{"rendered":"<p>&nbsp; Alors que l\u2019arm\u00e9e a accept\u00e9 une nouvelle intervention massive \u00e0 Gaza, le ministre de la d\u00e9fense et le chef des forces arm\u00e9es isra\u00e9liens s\u2019opposent sur la strat\u00e9gie. Le d\u00e9saccord profond inqui\u00e8te apr\u00e8s la remise en question, depuis deux ans, de hauts fonctionnaires, magistrats et militaires, accus\u00e9s de manquer de loyaut\u00e9 envers Benyamin N\u00e9tanyahou. &nbsp;<\/p>\n","protected":false},"author":3399,"featured_media":189168,"comment_status":"open","ping_status":"open","sticky":false,"template":"","format":"standard","meta":{"_uf_show_specific_survey":0,"_uf_disable_surveys":false,"footnotes":""},"categories":[37],"tags":[],"class_list":{"0":"post-189163","1":"post","2":"type-post","3":"status-publish","4":"format-standard","5":"has-post-thumbnail","7":"category-alaune-fr"},"aioseo_notices":[],"_links":{"self":[{"href":"https:\/\/middleeasttransparent.com\/fr\/wp-json\/wp\/v2\/posts\/189163","targetHints":{"allow":["GET"]}}],"collection":[{"href":"https:\/\/middleeasttransparent.com\/fr\/wp-json\/wp\/v2\/posts"}],"about":[{"href":"https:\/\/middleeasttransparent.com\/fr\/wp-json\/wp\/v2\/types\/post"}],"author":[{"embeddable":true,"href":"https:\/\/middleeasttransparent.com\/fr\/wp-json\/wp\/v2\/users\/3399"}],"replies":[{"embeddable":true,"href":"https:\/\/middleeasttransparent.com\/fr\/wp-json\/wp\/v2\/comments?post=189163"}],"version-history":[{"count":0,"href":"https:\/\/middleeasttransparent.com\/fr\/wp-json\/wp\/v2\/posts\/189163\/revisions"}],"wp:featuredmedia":[{"embeddable":true,"href":"https:\/\/middleeasttransparent.com\/fr\/wp-json\/wp\/v2\/media\/189168"}],"wp:attachment":[{"href":"https:\/\/middleeasttransparent.com\/fr\/wp-json\/wp\/v2\/media?parent=189163"}],"wp:term":[{"taxonomy":"category","embeddable":true,"href":"https:\/\/middleeasttransparent.com\/fr\/wp-json\/wp\/v2\/categories?post=189163"},{"taxonomy":"post_tag","embeddable":true,"href":"https:\/\/middleeasttransparent.com\/fr\/wp-json\/wp\/v2\/tags?post=189163"}],"curies":[{"name":"wp","href":"https:\/\/api.w.org\/{rel}","templated":true}]}}