{"id":187586,"date":"2025-07-01T20:29:27","date_gmt":"2025-07-01T19:29:27","guid":{"rendered":"https:\/\/middleeasttransparent.com\/?p=187586"},"modified":"2025-07-01T20:29:27","modified_gmt":"2025-07-01T19:29:27","slug":"il-faut-etre-pour-netanyahou-lorsquil-affaiblit-la-menace-iranienne-et-ardemment-contre-lui-lorsquil-detruit-gaza","status":"publish","type":"post","link":"https:\/\/middleeasttransparent.com\/fr\/il-faut-etre-pour-netanyahou-lorsquil-affaiblit-la-menace-iranienne-et-ardemment-contre-lui-lorsquil-detruit-gaza\/","title":{"rendered":"Il faut \u00eatre pour N\u00e9tanyahou lorsqu\u2019il affaiblit la menace iranienne ; et ardemment contre lui lorsqu\u2019il d\u00e9truit Gaza"},"content":{"rendered":"<p>&nbsp;<\/p>\n<section class=\"article__wrapper article__wrapper--premium \">\n<article class=\"article__content old__article-content-single\">\n<h3 class=\"article__paragraph \"><span style=\"color: #666699;\"><span class=\"article__inner\">F<\/span>ort de son succ\u00e8s en Iran, Benyamin N\u00e9tanyahou aspire \u00e0 remodeler le Moyen-Orient. C\u2019est la r\u00e9compense qu\u2019Isra\u00ebl m\u00e9rite, estime-t-il, pour avoir fait le <em>\u00ab\u00a0sale boulot\u00a0\u00bb<\/em> afin de briser l\u2019axe Gaza-Beyrouth-Damas-T\u00e9h\u00e9ran. Isra\u00ebl assume le co\u00fbt humain, mat\u00e9riel et \u00e9conomique de ces guerres men\u00e9es sur plusieurs fronts (y compris la condamnation morale de la communaut\u00e9 internationale pour le chaos \u00e0 Gaza), et a s\u00e9rieusement entam\u00e9, avec l\u2019aide des Etats-Unis, un arsenal nucl\u00e9aire qui mena\u00e7ait la stabilit\u00e9 du monde autant que l\u2019existence d\u2019Isra\u00ebl. Bien des Etats, y compris parmi les BRICS + (Br\u00e9sil, Russie, Inde, Chine, Afrique du Sud, l\u2019Iran\u2026) et <a style=\"color: #666699;\" href=\"https:\/\/www.lemonde.fr\/idees\/article\/2022\/10\/26\/le-sud-global-cet-ensemble-heterogene-de-pays-non-alignes_6147333_3232.html\">le Sud global<\/a>, en plus des pays occidentaux, se f\u00e9licitent en secret du revers iranien.<\/span><\/h3>\n<p>&nbsp;<\/p>\n<\/article>\n<p>&nbsp;<\/p>\n<article class=\"article__content old__article-content-single\">\n<section class=\"catcher catcher--favoris\">\n<div class=\"catcher__favorite\"><\/div>\n<\/section>\n<p class=\"article__paragraph \">Isra\u00ebl peut enregistrer avec satisfaction le fait d\u2019avoir, \u00e0 la fronti\u00e8re nord, des voisins libanais et syrien plus conciliants que le clan Al-Assad et le Hezbollah. Le changement de r\u00e9gime en Syrie fut l\u2019affaire des Syriens, mais Isra\u00ebl y a indirectement contribu\u00e9 en \u00f4tant au Hezbollah sa position de pivot au Liban. Il ne s\u2019agit pas d\u2019attendre quelque gratitude publique du peuple libanais\u00a0: la guerre ancienne et r\u00e9cente laisse des deux c\u00f4t\u00e9s de la fronti\u00e8re des ranc\u0153urs qui ne s\u2019effacent gu\u00e8re d\u2019un trait. <strong>Cependant, si Isra\u00ebl informe le Liban par des voies discr\u00e8tes qu\u2019il est pr\u00eat \u00e0 se retirer sur la ligne de d\u00e9marcation comme il l\u2019a fait en\u00a02000, pour autant que sa souverainet\u00e9 soit respect\u00e9e et que la menace chiite soit jugul\u00e9e, alors la guerre au Liban et en Iran n\u2019aura pas \u00e9t\u00e9 inutile, malgr\u00e9 les morts et les destructions.<\/strong><\/p>\n<div id=\"inread_top\" class=\"dfp-slot dfp__slot dfp__inread adm-ad-empty\" data-format=\"inread_top\" aria-hidden=\"true\" data-google-query-id=\"CMrnqrH6m44DFWRXpAQdiI8V5w\">\n<div id=\"google_ads_iframe_\/128139881\/lm_lemonde_abo\/idees\/idees\/article\/inread_top_0__container__\"><\/div>\n<\/div>\n<p class=\"article__paragraph \"><a href=\"https:\/\/www.lemonde.fr\/international\/article\/2025\/06\/23\/face-a-la-guerre-entre-israel-et-l-iran-le-mutisme-de-damas-signe-du-positionnement-diplomatique-du-nouveau-regime_6615427_3210.html\">Le r\u00e9gime syrien semble \u00eatre lui aussi dispos\u00e9 <\/a>\u00e0 ne pas reproduire la litanie ch\u00e8re \u00e0 Bachar Al-Assad sur l\u2019<em>\u00ab\u00a0entit\u00e9 sioniste\u00a0\u00bb<\/em> promise \u00e0 une disparition in\u00e9luctable. Si le contentieux entre les deux pays se limite d\u00e9sormais au plateau du Golan et aux points strat\u00e9giques occup\u00e9s r\u00e9cemment par l\u2019arm\u00e9e isra\u00e9lienne, on ne peut exclure l\u2019\u00e9mergence d\u2019un cercle vertueux en vue d\u2019une n\u00e9gociation \u00e0 venir.<\/p>\n<h2 class=\"article__sub-title\">Remplacer la passion id\u00e9ologique et fanatique<\/h2>\n<p class=\"article__paragraph \">Que le peuple iranien tire parti ou non des coups port\u00e9s au pouvoir pour renverser celui-ci, c\u2019est \u00e0 lui seul d\u2019en d\u00e9cider. L\u2019exemple du Liban et de la Syrie montre que des perspectives d\u2019entente tacite sont possibles, que le r\u00e9gime reste en place comme c\u2019est le cas au Liban ou qu\u2019il ait chang\u00e9 apr\u00e8s la chute d\u2019Al-Assad. Si la R\u00e9publique islamique arrive \u00e0 survivre, les Etats-Unis et l\u2019Europe devront se montrer fermes vis-\u00e0-vis d\u2019elle. Pour y parvenir, le langage des int\u00e9r\u00eats devra remplacer celui de la passion id\u00e9ologique et fanatique. L\u2019Iran n\u2019\u00e9tait pas le premier pays \u00e0 proclamer rituellement la disparition de l\u2019<em>\u00ab\u00a0entit\u00e9 sioniste\u00a0\u00bb<\/em>\u00a0; Isra\u00ebl s\u2019en accommode, mais ne consentira jamais \u00e0 un passage \u00e0 l\u2019acte potentiel avec le d\u00e9veloppement d\u2019une capacit\u00e9 nucl\u00e9aire. Rien de nouveau sous le soleil\u00a0: Isra\u00ebl avait r\u00e9serv\u00e9 le m\u00eame traitement \u00e0 l\u2019Irak en\u00a01981 et \u00e0 la Syrie en\u00a02007.<\/p>\n<figure class=\"article__media\"><picture class=\"article__media\"><img fetchpriority=\"high\" decoding=\"async\" class=\"lzld--loading\" src=\"https:\/\/img.lemde.fr\/2025\/06\/29\/0\/0\/5760\/3840\/664\/0\/75\/0\/3df5946_upload-1-ptz9mdtp7v5l-lgeai-manifestations-tel-aviv-28-06-61.jpg\" sizes=\"(min-width: 1024px) 664px, (min-width: 768px) 664px, 100vw\" srcset=\" https:\/\/img.lemde.fr\/2025\/06\/29\/0\/0\/5760\/3840\/320\/0\/75\/0\/3df5946_upload-1-ptz9mdtp7v5l-lgeai-manifestations-tel-aviv-28-06-61.jpg 320w, https:\/\/img.lemde.fr\/2025\/06\/29\/0\/0\/5760\/3840\/556\/0\/75\/0\/3df5946_upload-1-ptz9mdtp7v5l-lgeai-manifestations-tel-aviv-28-06-61.jpg 556w, https:\/\/img.lemde.fr\/2025\/06\/29\/0\/0\/5760\/3840\/640\/0\/75\/0\/3df5946_upload-1-ptz9mdtp7v5l-lgeai-manifestations-tel-aviv-28-06-61.jpg 640w, https:\/\/img.lemde.fr\/2025\/06\/29\/0\/0\/5760\/3840\/664\/0\/75\/0\/3df5946_upload-1-ptz9mdtp7v5l-lgeai-manifestations-tel-aviv-28-06-61.jpg 664w, https:\/\/img.lemde.fr\/2025\/06\/29\/0\/0\/5760\/3840\/960\/0\/75\/0\/3df5946_upload-1-ptz9mdtp7v5l-lgeai-manifestations-tel-aviv-28-06-61.jpg 960w, https:\/\/img.lemde.fr\/2025\/06\/29\/0\/0\/5760\/3840\/1112\/0\/75\/0\/3df5946_upload-1-ptz9mdtp7v5l-lgeai-manifestations-tel-aviv-28-06-61.jpg 1112w, https:\/\/img.lemde.fr\/2025\/06\/29\/0\/0\/5760\/3840\/1328\/0\/75\/0\/3df5946_upload-1-ptz9mdtp7v5l-lgeai-manifestations-tel-aviv-28-06-61.jpg 1328w, https:\/\/img.lemde.fr\/2025\/06\/29\/0\/0\/5760\/3840\/1668\/0\/75\/0\/3df5946_upload-1-ptz9mdtp7v5l-lgeai-manifestations-tel-aviv-28-06-61.jpg 1668w, https:\/\/img.lemde.fr\/2025\/06\/29\/0\/0\/5760\/3840\/1992\/0\/75\/0\/3df5946_upload-1-ptz9mdtp7v5l-lgeai-manifestations-tel-aviv-28-06-61.jpg 1992w, https:\/\/img.lemde.fr\/2025\/06\/29\/0\/0\/5760\/3840\/2301\/0\/75\/0\/3df5946_upload-1-ptz9mdtp7v5l-lgeai-manifestations-tel-aviv-28-06-61.jpg 2301w, \" alt=\"Des tracts lors de la premi\u00e8re manifestation contre le premier ministre isra\u00e9lien Benyamin Netanyahou depuis le cessez-le-feu entre Isra\u00ebl et l\u2019Iran, \u00e0 Tel Aviv, le 28\u00a0juin\u00a02025.\" width=\"664\" height=\"443\" data-was-processed=\"true\" \/><\/picture><noscript> <img decoding=\"async\" src=\"https:\/\/img.lemde.fr\/2025\/06\/29\/0\/0\/5760\/3840\/664\/0\/75\/0\/3df5946_upload-1-ptz9mdtp7v5l-lgeai-manifestations-tel-aviv-28-06-61.jpg\" alt=\"Des tracts lors de la premi\u00e8re manifestation contre le premier ministre isra\u00e9lien Benyamin Netanyahou depuis le cessez-le-feu entre Isra\u00ebl et l\u2019Iran, \u00e0 Tel Aviv, le 28\u00a0juin\u00a02025.\"> <\/noscript><figcaption class=\"article__legend\" aria-hidden=\"true\">Des tracts lors de la premi\u00e8re manifestation contre le premier ministre isra\u00e9lien Benyamin Netanyahou depuis le cessez-le-feu entre Isra\u00ebl et l\u2019Iran, \u00e0 Tel Aviv, le 28 juin 2025.<\/figcaption><\/figure>\n<p class=\"article__paragraph \">Il reste imp\u00e9ratif que le droit international maintienne la r\u00e8gle d\u00e9signant comme agresseur le pays qui a tir\u00e9 le premier. Mais il est grotesque de consid\u00e9rer que la guerre d\u00e9clar\u00e9e \u00e0 l\u2019Iran par Benyamin N\u00e9tanyahou est identique \u00e0 celle que Vladimir Poutine m\u00e8ne contre l\u2019Ukraine. Tout en d\u00e9clarant Isra\u00ebl agresseur, il serait juste de reconna\u00eetre qu\u2019il m\u00e9rite des <em>\u00ab\u00a0circonstances att\u00e9nuantes\u00a0\u00bb<\/em>. Lorsque l\u2019Europe soutient Isra\u00ebl face \u00e0 l\u2019Iran et condamne la Russie face \u00e0 l\u2019Ukraine, elle ne parle pas un <em>\u00ab\u00a0double langage\u00a0\u00bb<\/em>, elle ne pratique pas un <em>\u00ab\u00a0double standard\u00a0\u00bb<\/em>, elle parle avec bon sens.<\/p>\n<p class=\"article__paragraph \">L\u2019op\u00e9ration men\u00e9e par le premier ministre isra\u00e9lien en Iran est de nature d\u00e9fensive, celle men\u00e9e par le pr\u00e9sident russe en Ukraine est clairement expansionniste, comme est expansionniste la guerre men\u00e9e par Isra\u00ebl lorsqu\u2019on d\u00e9place le projecteur d\u2019Iran vers Gaza. En l\u2019occurrence, Isra\u00ebl n\u2019est pas formellement l\u2019agresseur. Cependant, la poursuite d\u2019une guerre sans retenue avec un niveau de destruction, un bilan de victimes et une absence d\u00e9lib\u00e9r\u00e9e de perspective politique autre que l\u2019annexion exige de d\u00e9clencher l\u2019\u00e9tat d\u2019alerte.<\/p>\n<p class=\"article__paragraph \">C\u2019est dire que la recomposition r\u00e9gionale peut prendre \u00e9galement une direction perverse. En l\u2019\u00e9tat actuel, Benyamin N\u00e9tanyahou cherche \u00e0 liquider le futur des Palestiniens, bien plus qu\u2019\u00e0 lib\u00e9rer les otages et \u00e0 remplacer le Hamas par un acteur responsable. Il faut redouter chez lui l\u2019ivresse de la puissance qui le conduit \u00e0 faire main basse sur Gaza et sur la Cisjordanie, et \u00e0 pulv\u00e9riser les contre-pouvoirs en Isra\u00ebl \u2013 de la Cour supr\u00eame \u00e0 la presse d\u2019investigation \u2013, au risque de faire d\u2019Isra\u00ebl un Etat d\u00e9finitivement r\u00e9pressif et illib\u00e9ral.<\/p>\n<h2 class=\"article__sub-title\">Nul n\u2019est de trop, ni les Isra\u00e9liens ni les Palestiniens<\/h2>\n<p class=\"article__paragraph \">La m\u00e9fiance des Isra\u00e9liens et des Palestiniens est \u00e0 son paroxysme depuis le 7-Octobre et la guerre dans la bande de Gaza. Mais il faut travailler, de part et d\u2019autre, \u00e0 ne plus tol\u00e9rer, de part et d\u2019autre, des slogans qui nient l\u2019av\u00e8nement de la Palestine ou l\u2019existence d\u2019Isra\u00ebl. La m\u00e9moire des souffrances subies ne peut l\u00e9gitimer l\u2019\u00e9limination d\u2019un millier d\u2019Isra\u00e9liens et de dizaines de milliers de Palestiniens depuis 2023.<\/p>\n<p class=\"article__paragraph \">Exiger le renoncement \u00e0 des pratiques meurtri\u00e8res et \u00e0 un discours mortif\u00e8re en h\u00e9breu ou en arabe, ce n\u2019est pas remodeler le Moyen-Orient comme l\u2019a fait l\u2019imp\u00e9rialisme britannique et am\u00e9ricain, c\u2019est d\u00e9clarer \u00e0 tous les peuples de la r\u00e9gion que nul n\u2019est de trop \u2013 ni les Isra\u00e9liens ni les Palestiniens : tous ont leur place, mais pas toute la place ; tous ont droit \u00e0 faire nation, pas \u00e0 la place d\u2019une autre. Il faut \u00eatre r\u00e9solument pour N\u00e9tanyahou lorsqu\u2019il affaiblit la menace iranienne qui a pes\u00e9 sur Isra\u00ebl ; il faut \u00eatre ardemment contre lui lorsqu\u2019il n\u2019envisage d\u2019issue diplomatique au conflit que sans les Palestiniens.<\/p>\n<p class=\"article__paragraph \">Dans ce nouveau contexte, qui reste encore incertain, Isra\u00ebl peut pr\u00e9tendre \u00eatre le gendarme de la r\u00e9gion \u00e0 condition de cesser de se conduire en voyou en Cisjordanie et d\u2019arr\u00eater son arm\u00e9e de destruction massive \u00e0 Gaza. Isra\u00ebl ne peut \u00e9difier d\u2019avenir stable qu\u2019en coop\u00e9rant avec les leaders et peuples voisins pour obtenir leur consentement sans lequel l\u2019emploi de la force n\u2019est qu\u2019abus de la force. La paix, locale ou globale, est de nouveau possible. Elle implique d\u2019arr\u00eater la <em>\u00ab\u00a0pacification\u00a0\u00bb<\/em> en cours \u00e0 Gaza et de composer avec les Palestiniens, sans le Hamas. Si N\u00e9tanyahou n\u2019est pas capable de l\u2019envisager, c\u2019est \u00e0 un autre leadership isra\u00e9lien de relever le d\u00e9fi, dans l\u2019esprit d\u2019Yitzhak Rabin, pour conduire avec les pays voisins, en commen\u00e7ant par les Palestiniens, ce changement dont le Moyen-Orient et le monde ont besoin.<\/p>\n<p class=\"article__paragraph \">Remodeler durablement la r\u00e9gion requiert, apr\u00e8s l\u2019usage de la force, une main tendue. Si l\u2019hubris l\u2019emporte sur la sagesse, Isra\u00ebl aura gagn\u00e9 une fois de plus la bataille pour son existence, mais pas celle, d\u00e9cisive, de sa l\u00e9gitimit\u00e9. La r\u00e9gion retombera dans le d\u00e9sordre, la violence et l\u2019instabilit\u00e9, et de ce nouvel ordre ne subsistera qu\u2019une tyrannie arbitraire.<\/p>\n<p>&nbsp;<\/p>\n<section class=\"catcher catcher--reference js-catcher \">\n<p class=\"catcher__desc\"><em><span class=\"catcher__label\"><strong>Denis Charbit <\/strong>est professeur de science politique \u00e0 l\u2019universit\u00e9 ouverte d\u2019Isra\u00ebl, \u00e0 Raanana. Il a publi\u00e9 \u00ab\u00a0Qu\u2019est-ce que le sionisme\u00a0?\u00a0\u00bb (nouvelle \u00e9dition revue et augment\u00e9e, Albin Michel, 2024) et\u00a0\u00ab\u00a0Isra\u00ebl, l\u2019impossible Etat normal\u00a0\u00bb (Calmann-L\u00e9vy, 2024).<\/span><\/em><\/p>\n<\/section>\n<section class=\"author\">\n<p class=\"article__author-container\">\n<\/section>\n<p><a href=\"https:\/\/www.lemonde.fr\/idees\/article\/2025\/07\/01\/il-faut-etre-pour-netanyahou-lorsqu-il-affaiblit-la-menace-iranienne-et-ardemment-contre-lui-lorsqu-il-detruit-gaza_6617167_3232.htm\"><strong>LE MONDE\u00a0<\/strong><\/a><\/p>\n<\/article>\n<\/section>\n","protected":false},"excerpt":{"rendered":"<p>&nbsp; Fort de son succ\u00e8s en Iran, Benyamin N\u00e9tanyahou aspire \u00e0 remodeler le Moyen-Orient. C\u2019est la r\u00e9compense qu\u2019Isra\u00ebl m\u00e9rite, estime-t-il, pour avoir fait le \u00ab\u00a0sale boulot\u00a0\u00bb afin de briser l\u2019axe Gaza-Beyrouth-Damas-T\u00e9h\u00e9ran. Isra\u00ebl assume le co\u00fbt humain, mat\u00e9riel et \u00e9conomique de ces guerres men\u00e9es sur plusieurs fronts (y compris la condamnation morale de la communaut\u00e9 internationale<\/p>\n","protected":false},"author":3383,"featured_media":187591,"comment_status":"open","ping_status":"open","sticky":false,"template":"","format":"standard","meta":{"_uf_show_specific_survey":0,"_uf_disable_surveys":false,"footnotes":""},"categories":[37],"tags":[],"class_list":{"0":"post-187586","1":"post","2":"type-post","3":"status-publish","4":"format-standard","5":"has-post-thumbnail","7":"category-alaune-fr"},"aioseo_notices":[],"_links":{"self":[{"href":"https:\/\/middleeasttransparent.com\/fr\/wp-json\/wp\/v2\/posts\/187586","targetHints":{"allow":["GET"]}}],"collection":[{"href":"https:\/\/middleeasttransparent.com\/fr\/wp-json\/wp\/v2\/posts"}],"about":[{"href":"https:\/\/middleeasttransparent.com\/fr\/wp-json\/wp\/v2\/types\/post"}],"author":[{"embeddable":true,"href":"https:\/\/middleeasttransparent.com\/fr\/wp-json\/wp\/v2\/users\/3383"}],"replies":[{"embeddable":true,"href":"https:\/\/middleeasttransparent.com\/fr\/wp-json\/wp\/v2\/comments?post=187586"}],"version-history":[{"count":0,"href":"https:\/\/middleeasttransparent.com\/fr\/wp-json\/wp\/v2\/posts\/187586\/revisions"}],"wp:featuredmedia":[{"embeddable":true,"href":"https:\/\/middleeasttransparent.com\/fr\/wp-json\/wp\/v2\/media\/187591"}],"wp:attachment":[{"href":"https:\/\/middleeasttransparent.com\/fr\/wp-json\/wp\/v2\/media?parent=187586"}],"wp:term":[{"taxonomy":"category","embeddable":true,"href":"https:\/\/middleeasttransparent.com\/fr\/wp-json\/wp\/v2\/categories?post=187586"},{"taxonomy":"post_tag","embeddable":true,"href":"https:\/\/middleeasttransparent.com\/fr\/wp-json\/wp\/v2\/tags?post=187586"}],"curies":[{"name":"wp","href":"https:\/\/api.w.org\/{rel}","templated":true}]}}