{"id":1869,"date":"2015-07-02T16:21:32","date_gmt":"2015-07-02T15:21:32","guid":{"rendered":"http:\/\/middleeasttransparent.com\/news\/?p=1869"},"modified":"2024-10-08T21:23:55","modified_gmt":"2024-10-08T20:23:55","slug":"laurent-fabius-remet-les-pendules-a-lheure","status":"publish","type":"post","link":"https:\/\/middleeasttransparent.com\/fr\/laurent-fabius-remet-les-pendules-a-lheure\/","title":{"rendered":"Laurent Fabius remet les pendules \u00e0 l\u2019heure"},"content":{"rendered":"<figure class=\"image\"><em>Laurent Fabius entour\u00e9 de son \u00e9quipe, pendant une r\u00e9union bilat\u00e9rale entre les repr\u00e9sentants fran\u00e7ais et iraniens. \u00a9 Pierre Terdjman<\/em><\/figure>\n<figure class=\"image\"><figcaption>\n<div class=\"author\"><strong><span class=\"cap\"> Par Fran\u00e7ois de Labarre<\/span><\/strong><br \/>\n<a class=\"twitter-follow-button\" href=\"https:\/\/twitter.com\/flabarre\" data-show-count=\"false\" data-lang=\"fr\">@flabarre<\/a><\/div>\n<\/figcaption><\/figure>\n<div class=\"span8 right rightPP \">\n<p>Dans une interview \u00e0 Paris Match, le ministre des Affaires \u00e9trang\u00e8res explique sa position de \u00abdur\u00bb dans les n\u00e9gociations sur le nucl\u00e9aire iranien.<\/p>\n<p>Alors que les n\u00e9gociations qui durent depuis dix ans devraient toucher \u00e0 leur fin, les pressions se multiplient sur les \u00e9quipes qui n\u00e9gocient \u00e0 Vienne. D\u2019un cot\u00e9, les Am\u00e9ricains r\u00eavent d\u2019un accord pour conclure sur une note positive le quinquennat <a href=\"http:\/\/www.parismatch.com\/Actu\/International\/Barack-Obama-chante-Amazing-Grace-hommage-victimes-Charleston-Clementa-Pinckney-funerailles-790216\" target=\"_blank\" rel=\"noopener\">Obama<\/a>, de l\u2019autre les voisins de l\u2019Iran tirent la sonnette de d\u2019alarme. Souvent accus\u00e9 d\u2019\u00eatre sur la ligne de ces derniers, notamment dans un article publi\u00e9 aujourd\u2019hui dans le Point consacr\u00e9 \u00e0 <a href=\"http:\/\/www.lepoint.fr\/monde\/laurent-fabius-homme-de-fer-contre-l-iran-01-07-2015-1941423_24.php\" target=\"_blank\" rel=\"noopener\">\u00abl\u2019homme de fer contre l\u2019Iran\u00bb<\/a>. En marge de son d\u00e9placement samedi dernier \u00e0 Vienne, Laurent Fabius nous a expliqu\u00e9s sa version. \u00abCe n\u2019est pas une affaire personnelle\u00bb. Nous ne sommes pas \u00abdurs\u00bb, nous sommes coh\u00e9rents. L\u2019Iran est un grand pays et les Perses une grande civilisation. Mais pour ce qui est de la n\u00e9gociation, il faut \u00eatre clair: le nucl\u00e9aire civil oui, l\u2019arme nucl\u00e9aire non ! Si on veut \u00e9viter la prolif\u00e9ration nucl\u00e9aire, l\u2019accord doit \u00eatre robuste. Sinon, cette prolif\u00e9ration aura lieu et ce sera tr\u00e8s dangereux pour tout le monde.\u00bb<\/p>\n<p>L\u2019article du Point reproche \u00e0 Fabius d\u2019avoir \u00abrompu le secret des n\u00e9gociations\u00bb en \u00e9non\u00e7ant devant la presse ses \u00ab\u00a0trois conditions indispensables\u00a0\u00bb \u00e0 un accord\u2026 Un secret de polichinelle puisque ces trois points sont connus de tous, notamment depuis la signature du pr\u00e9-accord de Lausanne. \u00abSi ces trois points ne sont pas r\u00e9gl\u00e9s, explique-t-on au <a href=\"http:\/\/www.parismatch.com\/Culture\/Livres\/Quai-d-Orsay-Don-Quichotte-du-New-York-Plaza-154644\" target=\"_blank\" rel=\"noopener\">Quai d\u2019Orsay,<\/a> chacun sait que cet accord non seulement sera d\u00e9nonc\u00e9 par les pays du golfe, Isra\u00ebl, mais aussi par les Am\u00e9ricains eux-m\u00eames y compris le rang des d\u00e9mocrates, par l\u2019Onu et l\u2019AIEA (Agence internationale de l\u2019\u00e9nergie atomique) dont le directeur g\u00e9n\u00e9ral Yukyia Amano a expliqu\u00e9 qu\u2019il ne serait pas en mesure alors de garantir la non prolif\u00e9ration dans la r\u00e9gion.\u00bb<\/p>\n<p>L\u2019un des membres de la d\u00e9l\u00e9gation fran\u00e7aise \u00e0 Vienne nous a expliqu\u00e9 que la position jug\u00e9e \u00abdure\u00bb des tricolores se justifiait par\u2026 leur comp\u00e9tence. \u00abOn ne va pas \u00eatre chauvin, mais s\u2019il y a un domaine que nous maitrisons bien et tout le monde le reconnait, c\u2019est le nucl\u00e9aire, donc il est normal qui nous soyons plus exigeants que les autres.\u00bb<\/p>\n<h2>Cet accord permettrait \u00e0 Obama d\u2019\u00e9clipser le bilan d\u00e9sastreux en politique \u00e9trang\u00e8re de son second mandat<\/h2>\n<p>Outre, l\u2019\u00e9quipe de diplomates qui entoure le ministre, deux experts du Cea participent aux n\u00e9gociations. Cot\u00e9 am\u00e9ricain, John Kerry afficherait la m\u00eame exigence que Fabius. \u00abIl n\u2019a aucune envie de conclure un accord qui ne soit pas verrouill\u00e9\u00bb, explique un proche du Fran\u00e7ais. Seulement l\u2019Am\u00e9ricain doit faire face \u00e0 l\u2019empressement de Barack Obama pour qui cet accord lui permettrait d\u2019\u00e9clipser le bilan d\u00e9sastreux en terme de politique \u00e9trang\u00e8re de son second quinquennat au cours duquel ont \u00e9merg\u00e9 plusieurs conflits et le premier \u00e9tat terroriste de l\u2019histoire moderne. John Kerry se trouverait dans une position bien d\u00e9licate si son \u00e9quipe venait \u00e0 estimer que les conditions d\u2019un accord ne seraient remplies aux termes de cet ultime round de n\u00e9gociation. Selon le journal iranien Hamshahri, le Pr\u00e9sident am\u00e9ricain aurait d\u00e9j\u00e0 annonc\u00e9 au guide supr\u00eame Ali Khamenei son intention de lever les sanctions\u2026<\/p>\n<p>Toute la question dans les jours qui restent est de ne pas \u00abpolitiser\u00bb le d\u00e9bat. La lev\u00e9e des sanctions provoquerait automatiquement la r\u00e9habilitation de l\u2019Iran et la r\u00e9injection de 150 milliards de dollars dans son \u00e9conomie, mais ce n\u2019est pas la question trait\u00e9e \u00e0 Vienne. \u00abIl faut raisonner froidement\u00bb, explique un proche du ministre. \u00abL\u2019objectif de l\u2019accord, a rappel\u00e9 Laurent Fabius, est d\u2019\u00e9viter la prolif\u00e9ration nucl\u00e9aire \u00e0 la fois en Iran et dans le reste de la r\u00e9gion. Si l\u2019Iran \u00e9tait dot\u00e9 de l\u2019arme nucl\u00e9aire, non seulement cela constituerait un danger, mais cela am\u00e8nerait d\u2019autres \u00e0 faire de m\u00eame.\u00bb Le ministre fran\u00e7ais reconna\u00eet que beaucoup d\u2019\u00e9l\u00e9ments ont avanc\u00e9 mais que ces accords \u00abne sont pas boucl\u00e9s\u00bb. R\u00e9ponse attendue en d\u00e9but de semaine prochaine.<\/p>\n<\/div>\n<p><a href=\"http:\/\/www.parismatch.com\/Actu\/Politique\/Iran-Laurent-Fabius-remet-les-pendules-a-l-heure-791954\">Paris Match<\/a><\/p>\n","protected":false},"excerpt":{"rendered":"<p>Laurent Fabius entour\u00e9 de son \u00e9quipe, pendant une r\u00e9union bilat\u00e9rale entre les repr\u00e9sentants fran\u00e7ais et iraniens. \u00a9 Pierre Terdjman Par Fran\u00e7ois de Labarre @flabarre Dans une interview \u00e0 Paris Match, le ministre des Affaires \u00e9trang\u00e8res explique sa position de \u00abdur\u00bb dans les n\u00e9gociations sur le nucl\u00e9aire iranien. Alors que les n\u00e9gociations qui durent depuis dix<\/p>\n","protected":false},"author":112,"featured_media":1871,"comment_status":"open","ping_status":"open","sticky":false,"template":"","format":"standard","meta":{"_uf_show_specific_survey":0,"_uf_disable_surveys":false,"footnotes":""},"categories":[22],"tags":[],"class_list":{"0":"post-1869","1":"post","2":"type-post","3":"status-publish","4":"format-standard","5":"has-post-thumbnail","7":"category-actualites-fr"},"aioseo_notices":[],"_links":{"self":[{"href":"https:\/\/middleeasttransparent.com\/fr\/wp-json\/wp\/v2\/posts\/1869","targetHints":{"allow":["GET"]}}],"collection":[{"href":"https:\/\/middleeasttransparent.com\/fr\/wp-json\/wp\/v2\/posts"}],"about":[{"href":"https:\/\/middleeasttransparent.com\/fr\/wp-json\/wp\/v2\/types\/post"}],"author":[{"embeddable":true,"href":"https:\/\/middleeasttransparent.com\/fr\/wp-json\/wp\/v2\/users\/112"}],"replies":[{"embeddable":true,"href":"https:\/\/middleeasttransparent.com\/fr\/wp-json\/wp\/v2\/comments?post=1869"}],"version-history":[{"count":0,"href":"https:\/\/middleeasttransparent.com\/fr\/wp-json\/wp\/v2\/posts\/1869\/revisions"}],"wp:featuredmedia":[{"embeddable":true,"href":"https:\/\/middleeasttransparent.com\/fr\/wp-json\/wp\/v2\/media\/1871"}],"wp:attachment":[{"href":"https:\/\/middleeasttransparent.com\/fr\/wp-json\/wp\/v2\/media?parent=1869"}],"wp:term":[{"taxonomy":"category","embeddable":true,"href":"https:\/\/middleeasttransparent.com\/fr\/wp-json\/wp\/v2\/categories?post=1869"},{"taxonomy":"post_tag","embeddable":true,"href":"https:\/\/middleeasttransparent.com\/fr\/wp-json\/wp\/v2\/tags?post=1869"}],"curies":[{"name":"wp","href":"https:\/\/api.w.org\/{rel}","templated":true}]}}