{"id":186782,"date":"2025-06-05T19:30:01","date_gmt":"2025-06-05T18:30:01","guid":{"rendered":"https:\/\/middleeasttransparent.com\/?p=186782"},"modified":"2025-06-05T19:30:01","modified_gmt":"2025-06-05T18:30:01","slug":"en-syrie-apres-les-massacres-dalaouites-la-difficulte-de-recueillir-des-temoignages-je-nai-pas-confiance","status":"publish","type":"post","link":"https:\/\/middleeasttransparent.com\/fr\/en-syrie-apres-les-massacres-dalaouites-la-difficulte-de-recueillir-des-temoignages-je-nai-pas-confiance\/","title":{"rendered":"En Syrie, apr\u00e8s les massacres d\u2019alaouites, la difficult\u00e9 de recueillir des t\u00e9moignages\u00a0: \u00ab\u00a0Je n\u2019ai pas confiance\u00a0\u00bb"},"content":{"rendered":"<p><noscript> <img decoding=\"async\" src=\"https:\/\/img.lemde.fr\/2025\/06\/04\/0\/0\/4724\/3149\/664\/0\/75\/0\/b618c3d_sirius-fs-upload-1-g440epkcfj7y-1749037306110-vdsl6736-a-05-25.jpg\" alt=\"Un habitant se recueille au cimeti\u00e8re, \u00e0 l\u2019endroit o\u00f9 ont \u00e9t\u00e9 enterr\u00e9es les personnes tu\u00e9es entre le 6 et le 9 mars. A Baniyas (Syrie), le 24 mai 2025.\"> <\/noscript>Un habitant se recueille au cimeti\u00e8re, \u00e0 l\u2019endroit o\u00f9 ont \u00e9t\u00e9 enterr\u00e9es les personnes tu\u00e9es entre le 6 et le 9 mars. A Baniyas (Syrie), le 24 mai 2025. <span class=\"article__credit\" aria-hidden=\"true\">LAURENT VAN DER STOCKT POUR \u00ab\u00a0LE\u00a0MONDE\u00a0\u00bb<\/span><\/p>\n<p>&nbsp;<\/p>\n<p>&nbsp;<\/p>\n<header class=\"article__header \">\n<div class=\"article__header-wrap\">\n<div class=\"article__heading\">\n<h1 class=\"article__title\"><\/h1>\n<p class=\"article__desc\"><strong>La commission charg\u00e9e de faire la lumi\u00e8re sur les tueries qui ont fait des centaines de morts, en mars, sur le littoral syrien, doit remettre ses travaux d\u00e9but juillet. Ses membres sont confront\u00e9s \u00e0 une communaut\u00e9 traumatis\u00e9e, qui r\u00e9pugne souvent \u00e0 parler.<\/strong><\/p>\n<\/div>\n<section class=\"meta__date-reading\"><\/section>\n<\/div>\n<\/header>\n<section class=\"article__wrapper article__wrapper--premium \">\n<article class=\"article__content old__article-content-single\">\n<figure class=\"article__media\"><\/figure>\n<p class=\"article__paragraph \"><strong>Pour les voir, il faut traverser le cimeti\u00e8re ombrag\u00e9 de Cheikh Hilal, longer un petit mausol\u00e9e puis cheminer au milieu des pierres tombales jusqu\u2019aux abords d\u2019une voie ferr\u00e9e o\u00f9 rouillent des wagons-citernes. L\u00e0, sous des chappes de b\u00e9ton, gisent 275\u00a0d\u00e9pouilles mortelles, en grande majorit\u00e9 anonymes.<\/strong><\/p>\n<p class=\"article__paragraph \">Il s\u2019agit d\u2019une partie des victimes du massacre de la communaut\u00e9 alaouite de la ville de Baniyas et de ses environs, perp\u00e9tr\u00e9 entre les 6 et 9 mars par des factions islamistes rattach\u00e9es au minist\u00e8re de la d\u00e9fense, des djihadistes \u00e9trangers et des locaux en armes. Le bilan pr\u00e9cis reste inconnu. Ce bain de sang est survenu au lendemain d\u2019attaques de checkpoints gouvernementaux par des partisans arm\u00e9s de l\u2019ancien r\u00e9gime.<\/p>\n<p class=\"article__paragraph \">Parfois, un petit \u00e9criteau mentionne le nom et le pr\u00e9nom d\u2019une victime. Lors de l\u2019enfouissement des corps par les services de s\u00e9curit\u00e9 auquel il a assist\u00e9, le jeune fossoyeur du cimeti\u00e8re a reconnu certains des morts. Les autres restent anonymes et personne n\u2019est autoris\u00e9 \u00e0 les identifier : une torture suppl\u00e9mentaire pour Suzane Khalil, qui porte de deuil de son mari et de ses deux fils, peut-\u00eatre enterr\u00e9s dans le cimeti\u00e8re sans qu\u2019elle en soit certaine. Les yeux cern\u00e9s par le chagrin, cette fonctionnaire de l\u2019\u00e9ducation re\u00e7oit dans son modeste appartement dans le quartier d\u2019Al-Koussour.<\/p>\n<p class=\"article__paragraph \">Son mari, arch\u00e9ologue, et ses deux fils, lyc\u00e9ens de 16\u00a0et 18\u00a0ans, ont \u00e9t\u00e9 tu\u00e9s dans la rue apr\u00e8s avoir \u00e9t\u00e9 extraits de chez eux par un commando de trois hommes aux visages masqu\u00e9s \u2212 <em>\u00ab\u00a0des gens d\u2019ici, ils parlaient avec l\u2019accent de Baniyas\u00a0\u00bb<\/em>, assure Suzane Khalil, en \u00e9voquant cette ville o\u00f9 les communaut\u00e9s alaouite et sunnite vivent s\u00e9par\u00e9es entre quartiers nord et sud. <strong><em>\u00ab\u00a0La seule chose qu\u2019ils ont demand\u00e9e, c\u2019est si nous \u00e9tions des alaouites\u00a0\u00bb<\/em><\/strong>, se souvient-elle. Avant d\u2019exiger de l\u2019argent et les<em> \u00ab\u00a0cl\u00e9s de la voiture\u00a0\u00bb<\/em>. <em>\u00ab\u00a0Nous n\u2019avions ni l\u2019un ni l\u2019autre. Nous sommes des fonctionnaires, des gens que l\u2019ancien r\u00e9gime m\u00e9prisait\u00a0\u00bb<\/em>, ajoute-t-elle, encore hant\u00e9e par l\u2019image des corps allong\u00e9s dans sa rue, pr\u00e8s d\u2019un pick-up des assaillants, dont le conducteur la fixait du regard en souriant.<\/p>\n<h2 class=\"article__sub-title\">Angoisse sourde<\/h2>\n<p class=\"article__paragraph \">Pr\u00e8s de trois mois apr\u00e8s que le pr\u00e9sident int\u00e9rimaire syrien, Ahmed Al-Charaa, a ordonn\u00e9 la mise en place d\u2019une commission d\u2019enqu\u00eate ind\u00e9pendante charg\u00e9e de faire la lumi\u00e8re sur ces tueries, dans un discours prononc\u00e9 le 10 mars, Suzane Khalil attend toujours des r\u00e9ponses. Le fait que le chef d\u2019Etat ait prolong\u00e9 les travaux de cet organe jusqu\u2019\u00e0 d\u00e9but juillet, apr\u00e8s une premi\u00e8re \u00e9ch\u00e9ance fix\u00e9e au 10 avril pour rendre ses conclusions, sans que cette derni\u00e8re ne communique publiquement depuis cette date, suscite incompr\u00e9hension et suspicion \u00e0 Baniyas. Emmur\u00e9s dans leur souffrance, les proches des victimes d\u00e9noncent ce silence des enqu\u00eateurs.<\/p>\n<p class=\"article__paragraph \"><em>\u00ab\u00a0Je n\u2019ai pas confiance. Pourquoi ne communiquent-ils pas\u00a0? Pas un mot. Ne serait-ce que pour dire qu\u2019ils enqu\u00eatent toujours\u00a0\u00bb<\/em>, s\u2019interroge M<sup>me<\/sup>\u00a0Khalil d\u2019une voix tremblante. Contact\u00e9e par<em> Le\u00a0Monde<\/em>, la commission d\u2019enqu\u00eate assure par la voix de son porte-parole, Yasser Al-Farhane, \u00eatre toujours sur le terrain et multiplier les rencontres avec les t\u00e9moins. Mais elle renvoie toute expression publique au mois de juillet. <em>\u00ab\u00a0J\u2019aurais fait mon devoir en allant t\u00e9moigner, je le devais \u00e0 mes enfants et \u00e0 mon mari. Je n\u2019ai pas peur\u00a0\u00bb<\/em>, ajoute Suzane Khalil.<\/p>\n<figure class=\"article__media\"><picture class=\"article__media\"><source srcset=\" https:\/\/img.lemde.fr\/2025\/06\/04\/0\/0\/4724\/7086\/556\/0\/75\/0\/5878994_sirius-fs-upload-1-1rlkpawkh0cl-1749037298019-vdsl6535-a-05-25.jpg 556w, https:\/\/img.lemde.fr\/2025\/06\/04\/0\/0\/4724\/7086\/600\/0\/75\/0\/5878994_sirius-fs-upload-1-1rlkpawkh0cl-1749037298019-vdsl6535-a-05-25.jpg 600w, https:\/\/img.lemde.fr\/2025\/06\/04\/0\/0\/4724\/7086\/664\/0\/75\/0\/5878994_sirius-fs-upload-1-1rlkpawkh0cl-1749037298019-vdsl6535-a-05-25.jpg 664w, https:\/\/img.lemde.fr\/2025\/06\/04\/0\/0\/4724\/7086\/700\/0\/75\/0\/5878994_sirius-fs-upload-1-1rlkpawkh0cl-1749037298019-vdsl6535-a-05-25.jpg 700w, https:\/\/img.lemde.fr\/2025\/06\/04\/0\/0\/4724\/7086\/800\/0\/75\/0\/5878994_sirius-fs-upload-1-1rlkpawkh0cl-1749037298019-vdsl6535-a-05-25.jpg 800w\" sizes=\"(min-width: 1024px) 664px, 100vw\" \/><img fetchpriority=\"high\" decoding=\"async\" class=\"lzld--loading\" src=\"https:\/\/img.lemde.fr\/2025\/06\/04\/0\/0\/4724\/7086\/664\/0\/75\/0\/5878994_sirius-fs-upload-1-1rlkpawkh0cl-1749037298019-vdsl6535-a-05-25.jpg\" sizes=\"(min-width: 1024px) 664px, 100vw\" alt=\"Suzane Khalil, une habitante d\u2019un quartier alaouite de Baniyas o\u00f9 une centaine de personnes ont \u00e9t\u00e9 tu\u00e9es par des factions sunnites lors de l\u2019attaque du 6\u00a0mars. Elle a perdu son mari et ses deux fils. A Baniyas (Syrie), le 24\u00a0mai\u00a02025.\" width=\"664\" height=\"443\" data-was-processed=\"true\" \/> <\/picture><noscript> <img decoding=\"async\" src=\"https:\/\/img.lemde.fr\/2025\/06\/04\/0\/0\/4724\/7086\/664\/0\/75\/0\/5878994_sirius-fs-upload-1-1rlkpawkh0cl-1749037298019-vdsl6535-a-05-25.jpg\" alt=\"Suzane Khalil, une habitante d\u2019un quartier alaouite de Baniyas o\u00f9 une centaine de personnes ont \u00e9t\u00e9 tu\u00e9es par des factions sunnites lors de l\u2019attaque du 6\u00a0mars. Elle a perdu son mari et ses deux fils. A Baniyas (Syrie), le 24\u00a0mai\u00a02025.\"> <\/noscript><\/figure>\n<\/article>\n<\/section>\n<p>Suzane Khalil, une habitante d\u2019un quartier alaouite de Baniyas o\u00f9 une centaine de personnes ont \u00e9t\u00e9 tu\u00e9es par des factions sunnites lors de l\u2019attaque du 6\u00a0mars. Elle a perdu son mari et ses deux fils. A Baniyas (Syrie), le 24\u00a0mai\u00a02025. <span class=\"article__credit\" aria-hidden=\"true\"><span class=\"article__credit\" aria-hidden=\"true\">LAURENT VAN DER STOCKT POUR \u00ab\u00a0LE\u00a0MONDE\u00a0\u00bb<\/span><\/span><\/p>\n<p>&nbsp;<\/p>\n<figure class=\"article__media\"><picture class=\"article__media\"><source srcset=\" https:\/\/img.lemde.fr\/2025\/06\/04\/0\/0\/4724\/3149\/556\/0\/75\/0\/c422ede_sirius-fs-upload-1-zi94ro87plff-1749037297936-vdsl6482-a-05-25.jpg 556w, https:\/\/img.lemde.fr\/2025\/06\/04\/0\/0\/4724\/3149\/600\/0\/75\/0\/c422ede_sirius-fs-upload-1-zi94ro87plff-1749037297936-vdsl6482-a-05-25.jpg 600w, https:\/\/img.lemde.fr\/2025\/06\/04\/0\/0\/4724\/3149\/664\/0\/75\/0\/c422ede_sirius-fs-upload-1-zi94ro87plff-1749037297936-vdsl6482-a-05-25.jpg 664w, https:\/\/img.lemde.fr\/2025\/06\/04\/0\/0\/4724\/3149\/700\/0\/75\/0\/c422ede_sirius-fs-upload-1-zi94ro87plff-1749037297936-vdsl6482-a-05-25.jpg 700w, https:\/\/img.lemde.fr\/2025\/06\/04\/0\/0\/4724\/3149\/800\/0\/75\/0\/c422ede_sirius-fs-upload-1-zi94ro87plff-1749037297936-vdsl6482-a-05-25.jpg 800w\" sizes=\"(min-width: 1024px) 664px, 100vw\" \/><img decoding=\"async\" class=\"lzld--loading\" src=\"https:\/\/img.lemde.fr\/2025\/06\/04\/0\/0\/4724\/3149\/664\/0\/75\/0\/c422ede_sirius-fs-upload-1-zi94ro87plff-1749037297936-vdsl6482-a-05-25.jpg\" sizes=\"(min-width: 1024px) 664px, 100vw\" alt=\"Suzane Khalil montre des photos de son mari et de ses deux fils, tu\u00e9s le 6\u00a0mars. A Baniyas (Syrie), le 24 mai 2025.\" width=\"664\" height=\"443\" data-was-processed=\"true\" \/> <\/picture><noscript> <img decoding=\"async\" src=\"https:\/\/img.lemde.fr\/2025\/06\/04\/0\/0\/4724\/3149\/664\/0\/75\/0\/c422ede_sirius-fs-upload-1-zi94ro87plff-1749037297936-vdsl6482-a-05-25.jpg\" alt=\"Suzane Khalil montre des photos de son mari et de ses deux fils, tu\u00e9s le 6\u00a0mars. A Baniyas (Syrie), le 24 mai 2025.\"> <\/noscript><figcaption class=\"article__legend\" aria-hidden=\"true\">Suzane Khalil montre des photos de son mari et de ses deux fils, tu\u00e9s le 6\u00a0mars. A Baniyas (Syrie), le 24 mai 2025. <span class=\"article__credit\" aria-hidden=\"true\"><span class=\"article__credit\" aria-hidden=\"true\">LAURENT VAN DER STOCKT POUR \u00ab\u00a0LE\u00a0MONDE\u00a0\u00bb<\/span><\/span>\u00a0<\/figcaption><\/figure>\n<p class=\"article__paragraph \"><strong>Dans les environs, tous n\u2019ont pas eu son courage. Une angoisse sourde plane sur la r\u00e9gion. Apr\u00e8s 16 heures, les habitants se claquemurent dans leur maison, qu\u2019ils ont souvent \u00e9quip\u00e9e de lourdes portes en fer, de peur d\u2019un retour des tueurs. Il a fallu toute la force de persuasion d\u2019anciens opposants alaouites \u00e0 Bachar Al-Assad pour que victimes et membres de la commission d\u2019enqu\u00eate se parlent.<\/strong><\/p>\n<p class=\"article__paragraph \">En commen\u00e7ant par convaincre les deux juges et l\u2019avocat venus de Damas de d\u00e9placer le lieu des auditions, qui \u00e9taient initialement pr\u00e9vues dans les locaux de la municipalit\u00e9, en plein quartier sunnite.<em> \u00ab\u00a0Je leur ai expliqu\u00e9 qu\u2019aucun habitant alaouite ne prendrait le risque de s\u2019aventurer l\u00e0-bas,<\/em> explique Abou Jamil (son identit\u00e9 a \u00e9t\u00e9 chang\u00e9e pour des raisons de s\u00e9curit\u00e9). <em>Nous nous sommes mis d\u2019accord pour qu\u2019ils s\u2019installent dans le centre culturel de la ville, qui jouxte les quartiers attaqu\u00e9s.\u00a0\u00bb <\/em>Il a fallu ensuite convaincre les victimes d\u2019aller t\u00e9moigner, ce qu\u2019elles ont fait en nombre \u00e0 Baniyas. Une exception. La majorit\u00e9 des habitants des localit\u00e9s alentour ont eu trop peur de se d\u00e9placer, les routes de la c\u00f4te \u00e9tant jalonn\u00e9es de checkpoints.<\/p>\n<p class=\"article__paragraph \">Quatre proches de victimes rencontr\u00e9es par<em> Le\u00a0Monde <\/em>reconnaissent que les enqu\u00eateurs ont fait preuve \u00e0 leur \u00e9gard d\u2019<em>\u00ab\u00a0empathie\u00a0\u00bb <\/em>et de <em>\u00ab\u00a0s\u00e9rieux\u00a0\u00bb.<\/em> <em>\u00ab\u00a0Ils m\u2019ont entendue une heure et demie, en insistant et en revenant sur chaque d\u00e9tail\u00a0\u00bb<\/em>, raconte Suzane Khalil. La lib\u00e9ration de la parole a \u00e9t\u00e9 \u00e9prouvante pour tous. C\u2019est le cas de Tarek (le pr\u00e9nom a \u00e9t\u00e9 chang\u00e9), un miracul\u00e9. Il a \u00e9t\u00e9 bless\u00e9 par balle apr\u00e8s avoir \u00e9t\u00e9 conduit par les meurtriers sur le toit de son immeuble, avec un groupe d\u2019autres personnes, et mitraill\u00e9 \u00e0 bout portant. Douze morts, dont son fr\u00e8re, tu\u00e9 \u00e0 ses c\u00f4t\u00e9s.<\/p>\n<h2 class=\"article__sub-title\">\u00ab\u00a0Enormes d\u00e9fis\u00a0\u00bb<\/h2>\n<p class=\"article__paragraph \">Tarek est victime d\u2019un malaise \u00e0 la seule \u00e9vocation de la sc\u00e8ne, lors de sa rencontre avec <em>Le\u00a0Monde<\/em>. <em>\u00ab\u00a0Je veux les noms de ceux qui ont fait cela et de ceux qui l\u2019ont planifi\u00e9 et donn\u00e9 les ordres. Sans cela, cette commission ne sert \u00e0 rien\u2026\u00a0\u00bb<\/em>, assure-t-il, le visage marqu\u00e9. <em>\u00ab\u00a0Cela ne restera que de l\u2019encre sur une feuille, s\u2019il n\u2019y a pas de r\u00e9sultats\u00a0\u00bb<\/em>, ajoute Ania, qui re\u00e7oit dans le salon de son appartement. Elle a plac\u00e9 sur une \u00e9tag\u00e8re le portrait de son mari, ex\u00e9cut\u00e9 dans la cage d\u2019escalier d\u2019une rafale tir\u00e9e dans le dos apr\u00e8s qu\u2019un commando a fait mine de le laisser fuir. Les impacts de balles sur les murs et les marches t\u00e9moignent de l\u2019acharnement des assaillants, qui sont revenus le lendemain pour faire main basse sur leurs \u00e9conomies.<\/p>\n<p class=\"article__paragraph \">Aucun bilan officiel n\u2019a jamais \u00e9t\u00e9 \u00e9tabli (les estimations des ONG oscillent entre 850 et 1 300 morts dans la r\u00e9gion c\u00f4ti\u00e8re) ; pas plus qu\u2019une \u00e9valuation des d\u00e9g\u00e2ts mat\u00e9riels et des pillages. A Baniyas et dans les alentours, des dizaines de maisons ont \u00e9t\u00e9 incendi\u00e9es, que l\u2019on reconna\u00eet \u00e0 leurs fa\u00e7ades noircies par les flammes. Un commerce a \u00e9t\u00e9 d\u00e9truit au RPG (lance-roquettes antichars), des appartements ont \u00e9t\u00e9 pill\u00e9s et des habitants syst\u00e9matiquement d\u00e9lest\u00e9s de leur argent, bijoux, t\u00e9l\u00e9phones, voitures\u2026<\/p>\n<p class=\"article__paragraph \"><em>\u00ab\u00a0Cette commission fait face \u00e0 d\u2019\u00e9normes d\u00e9fis. Les institutions, qu\u2019elles soient s\u00e9curitaires, militaires ou administratives, en sont \u00e0 leur balbutiement. Leur faiblesse, l\u2019absence d\u2019outils d\u2019investigation et de bases de donn\u00e9es, rendent le travail\u00a0d\u2019enqu\u00eate extr\u00eamement complexe,<\/em> estime Ahmed Qurabi, chercheur au Syrian Dialogue Center<em>. La seconde difficult\u00e9 a trait \u00e0 la composition m\u00eame de la commission\u00a0: une dizaine de personnes doivent enqu\u00eater sur des centaines, voire plus, de crimes. Le seul fait de recueillir la parole des t\u00e9moins prend du temps. Le premier d\u00e9lai imparti \u2013 un mois \u2013 \u00e9tait irr\u00e9aliste. Il \u00e9tait souhaitable qu\u2019il soit prolong\u00e9.\u00a0\u00bb<\/em><\/p>\n<h2 class=\"article__sub-title\">Une plainte d\u00e9pos\u00e9e en France<\/h2>\n<p class=\"article__paragraph \">L\u2019organisation Syrians for Truth and Justice (STJ) fait part, elle, de ses pr\u00e9occupations quant \u00e0 la capacit\u00e9 de la commission \u00e0 mener des investigations ind\u00e9pendantes et efficaces\u00a0: <em>\u00ab\u00a0Elle n\u2019a pas \u00e9t\u00e9 cr\u00e9\u00e9e par un organe l\u00e9gislatif ind\u00e9pendant ou une haute instance judiciaire, mais par la pr\u00e9sidence de la R\u00e9publique, ce qui remet en question son ind\u00e9pendance nominale. Il est peu probable qu\u2019un comit\u00e9 form\u00e9 par l\u2019autorit\u00e9 ex\u00e9cutive publie un rapport qui porte tort aux int\u00e9r\u00eats de la pr\u00e9sidence de la R\u00e9publique et de l\u2019Etat.\u00a0\u00bb<\/em><\/p>\n<p class=\"article__paragraph \">La d\u00e9cision prise par l\u2019Union europ\u00e9enne (UE), le 28\u00a0mai, de sanctionner Mohammed Al-Jassem et Sayf Boulad Abou Bakr, chefs de deux milices proturques rivales de Hayat Tahrir Al-Cham (HTC, le groupe arm\u00e9 islamiste dont est issu Ahmed Al-Charaa), pour avoir<em> \u00ab\u00a0particip\u00e9 aux violences perp\u00e9tr\u00e9es dans la r\u00e9gion c\u00f4ti\u00e8re, ciblant des civils, en particulier la communaut\u00e9 alaouite\u00a0\u00bb<\/em>, intrigue les militants locaux. <strong><em>\u00ab\u00a0Si l\u2019UE a \u00e9t\u00e9 capable de r\u00e9unir des preuves mat\u00e9rielles, pourquoi eux et pas les autres\u00a0?\u00a0\u00bb<\/em>,<\/strong> s\u2019interroge l\u2019un d\u2019eux, qui craint qu\u2019Ahmad Al-Charaa fasse porter le chapeau \u00e0 ce type de personnalit\u00e9s, avec le consentement de l\u2019Occident pour couvrir son propre appareil de s\u00e9curit\u00e9, des membres de la s\u00fbret\u00e9 g\u00e9n\u00e9rale s\u2019\u00e9tant film\u00e9s en train de participer \u00e0 ces exactions.<\/p>\n<p class=\"article__paragraph \">Des familles de victimes ont ouvert un front judiciaire, en France cette fois. Le Collectif franco-alaouite a d\u00e9pos\u00e9 une plainte, le 11\u00a0avril, devant le tribunal de grande instance de Paris contre Ahmad Al-Charaa, ses ministres de la d\u00e9fense et des affaires \u00e9trang\u00e8res et le milicien Al-Jassem pour <em>\u00ab\u00a0d\u00e9lit de g\u00e9nocide et de crimes contre l\u2019humanit\u00e9\u00a0\u00bb<\/em>. A Baniyas, Suzane Khalil \u00e9voque avec col\u00e8re le pr\u00eache d\u2019un pr\u00e9dicateur salafiste saoudien venu visiter une semaine auparavant une mosqu\u00e9e de la ville. <em>\u00ab\u00a0Ils peuvent arr\u00eater qui ils veulent, mais, si rien n\u2019est fait contre la propagation de l\u2019extr\u00e9misme religieux et des discours de haine, cela recommencera.\u00a0\u00bb<\/em><\/p>\n<figure class=\"article__media\"><picture class=\"article__media\"><source srcset=\" https:\/\/img.lemde.fr\/2025\/06\/04\/0\/0\/4724\/3149\/556\/0\/75\/0\/53e4033_sirius-fs-upload-1-veln98vkfkx7-1749037298131-vdsl6653-a-05-25.jpg 556w, https:\/\/img.lemde.fr\/2025\/06\/04\/0\/0\/4724\/3149\/600\/0\/75\/0\/53e4033_sirius-fs-upload-1-veln98vkfkx7-1749037298131-vdsl6653-a-05-25.jpg 600w, https:\/\/img.lemde.fr\/2025\/06\/04\/0\/0\/4724\/3149\/664\/0\/75\/0\/53e4033_sirius-fs-upload-1-veln98vkfkx7-1749037298131-vdsl6653-a-05-25.jpg 664w, https:\/\/img.lemde.fr\/2025\/06\/04\/0\/0\/4724\/3149\/700\/0\/75\/0\/53e4033_sirius-fs-upload-1-veln98vkfkx7-1749037298131-vdsl6653-a-05-25.jpg 700w, https:\/\/img.lemde.fr\/2025\/06\/04\/0\/0\/4724\/3149\/800\/0\/75\/0\/53e4033_sirius-fs-upload-1-veln98vkfkx7-1749037298131-vdsl6653-a-05-25.jpg 800w\" sizes=\"(min-width: 1024px) 664px, 100vw\" \/><img decoding=\"async\" class=\"lzld--loading\" src=\"https:\/\/img.lemde.fr\/2025\/06\/04\/0\/0\/4724\/3149\/664\/0\/75\/0\/53e4033_sirius-fs-upload-1-veln98vkfkx7-1749037298131-vdsl6653-a-05-25.jpg\" sizes=\"(min-width: 1024px) 664px, 100vw\" alt=\"Un quartier alaouite de Baniyas o\u00f9 une centaine de personnes ont \u00e9t\u00e9 tu\u00e9es par des factions sunnites lors de l\u2019attaque du 6\u00a0mars. A Baniyas (Syrie), le 24\u00a0mai\u00a02025.\" width=\"664\" height=\"443\" data-was-processed=\"true\" \/> <\/picture><noscript> <img decoding=\"async\" src=\"https:\/\/img.lemde.fr\/2025\/06\/04\/0\/0\/4724\/3149\/664\/0\/75\/0\/53e4033_sirius-fs-upload-1-veln98vkfkx7-1749037298131-vdsl6653-a-05-25.jpg\" alt=\"Un quartier alaouite de Baniyas o\u00f9 une centaine de personnes ont \u00e9t\u00e9 tu\u00e9es par des factions sunnites lors de l\u2019attaque du 6\u00a0mars. A Baniyas (Syrie), le 24\u00a0mai\u00a02025.\"> <\/noscript><figcaption class=\"article__legend\" aria-hidden=\"true\">Un quartier alaouite de Baniyas o\u00f9 une centaine de personnes ont \u00e9t\u00e9 tu\u00e9es par des factions sunnites lors de l\u2019attaque du 6\u00a0mars. A Baniyas (Syrie), le 24\u00a0mai\u00a02025. <span class=\"article__credit\" aria-hidden=\"true\"><span class=\"article__credit\" aria-hidden=\"true\">LAURENT VAN DER STOCKT POUR \u00ab\u00a0LE\u00a0MONDE\u00a0\u00bb<\/span><\/span>\u00a0<\/figcaption><\/figure>\n<section class=\"author\">\n<p class=\"article__author-container\"><span class=\"author__detail\"><a class=\"article__author-link\" href=\"\/signataires\/madjid-zerrouky\/\"><span class=\"author__name\">Madjid Zerrouky<\/span><span class=\"author__desc\"> (Baniyas (Syrie), envoy\u00e9 sp\u00e9cial<\/span><\/a><\/span><\/p>\n<\/section>\n<p>&nbsp;<\/p>\n<p><a href=\"https:\/\/www.lemonde.fr\/international\/article\/2025\/06\/05\/en-syrie-apres-les-massacres-d-alaouites-le-difficile-recueil-des-temoignages-par-la-commission-d-enquete-independante-je-n-ai-pas-confiance_6610606_3210.html\"><strong>LE MONDE<\/strong><\/a><\/p>\n","protected":false},"excerpt":{"rendered":"<p>Un habitant se recueille au cimeti\u00e8re, \u00e0 l\u2019endroit o\u00f9 ont \u00e9t\u00e9 enterr\u00e9es les personnes tu\u00e9es entre le 6 et le 9 mars. A Baniyas (Syrie), le 24 mai 2025. LAURENT VAN DER STOCKT POUR \u00ab\u00a0LE\u00a0MONDE\u00a0\u00bb &nbsp; &nbsp; La commission charg\u00e9e de faire la lumi\u00e8re sur les tueries qui ont fait des centaines de morts, en<\/p>\n","protected":false},"author":378,"featured_media":186787,"comment_status":"open","ping_status":"open","sticky":false,"template":"","format":"standard","meta":{"_uf_show_specific_survey":0,"_uf_disable_surveys":false,"footnotes":""},"categories":[37],"tags":[],"class_list":{"0":"post-186782","1":"post","2":"type-post","3":"status-publish","4":"format-standard","5":"has-post-thumbnail","7":"category-alaune-fr"},"aioseo_notices":[],"_links":{"self":[{"href":"https:\/\/middleeasttransparent.com\/fr\/wp-json\/wp\/v2\/posts\/186782","targetHints":{"allow":["GET"]}}],"collection":[{"href":"https:\/\/middleeasttransparent.com\/fr\/wp-json\/wp\/v2\/posts"}],"about":[{"href":"https:\/\/middleeasttransparent.com\/fr\/wp-json\/wp\/v2\/types\/post"}],"author":[{"embeddable":true,"href":"https:\/\/middleeasttransparent.com\/fr\/wp-json\/wp\/v2\/users\/378"}],"replies":[{"embeddable":true,"href":"https:\/\/middleeasttransparent.com\/fr\/wp-json\/wp\/v2\/comments?post=186782"}],"version-history":[{"count":0,"href":"https:\/\/middleeasttransparent.com\/fr\/wp-json\/wp\/v2\/posts\/186782\/revisions"}],"wp:featuredmedia":[{"embeddable":true,"href":"https:\/\/middleeasttransparent.com\/fr\/wp-json\/wp\/v2\/media\/186787"}],"wp:attachment":[{"href":"https:\/\/middleeasttransparent.com\/fr\/wp-json\/wp\/v2\/media?parent=186782"}],"wp:term":[{"taxonomy":"category","embeddable":true,"href":"https:\/\/middleeasttransparent.com\/fr\/wp-json\/wp\/v2\/categories?post=186782"},{"taxonomy":"post_tag","embeddable":true,"href":"https:\/\/middleeasttransparent.com\/fr\/wp-json\/wp\/v2\/tags?post=186782"}],"curies":[{"name":"wp","href":"https:\/\/api.w.org\/{rel}","templated":true}]}}