{"id":186384,"date":"2025-05-23T21:48:27","date_gmt":"2025-05-23T20:48:27","guid":{"rendered":"https:\/\/middleeasttransparent.com\/?p=186384"},"modified":"2025-05-23T21:48:27","modified_gmt":"2025-05-23T20:48:27","slug":"liban-six-mois-apres-lentree-en-vigueur-dun-cessez-le-feu-avec-israel-une-guerre-de-basse-intensite-se-poursuit","status":"publish","type":"post","link":"https:\/\/middleeasttransparent.com\/fr\/liban-six-mois-apres-lentree-en-vigueur-dun-cessez-le-feu-avec-israel-une-guerre-de-basse-intensite-se-poursuit\/","title":{"rendered":"Liban\u00a0: six mois apr\u00e8s l\u2019entr\u00e9e en vigueur d\u2019un cessez-le-feu avec Isra\u00ebl, une guerre de basse intensit\u00e9 se poursuit"},"content":{"rendered":"<p>&nbsp;<\/p>\n<header class=\"article__header \">\n<div class=\"article__header-wrap\">\n<div class=\"article__heading\">\n<h1 class=\"article__title\"><\/h1>\n<h2 class=\"article__desc\"><strong>Depuis le 27\u00a0novembre\u00a02024, Isra\u00ebl continue de recourir \u00e0 la violence. L\u2019arm\u00e9e isra\u00e9lienne a pilonn\u00e9 le sud du pays jeudi, suscitant des inqui\u00e9tudes sur le scrutin municipal de samedi.<\/strong><\/h2>\n<\/div>\n<p>&nbsp;<\/p>\n<\/div>\n<\/header>\n<section class=\"article__wrapper article__wrapper--premium \">\n<article class=\"article__content old__article-content-single\">\n<figure class=\"article__media\"><\/figure>\n<p class=\"article__paragraph \">Le Liban devrait \u00eatre en phase de post-conflit, six mois apr\u00e8s la fin de la guerre asym\u00e9trique entre Isra\u00ebl et le Hezbollah. Il en est loin, comme l\u2019illustrent les inqui\u00e9tudes portant sur la s\u00e9curit\u00e9 des \u00e9lections municipales pr\u00e9vues, samedi 24\u00a0mai, dans le sud du pays. Jeudi soir, l\u2019arm\u00e9e isra\u00e9lienne a pilonn\u00e9 cette r\u00e9gion, avant ce scrutin dont le Hezbollah esp\u00e8re faire un pl\u00e9biscite.<\/p>\n<p class=\"article__paragraph \">La fin des hostilit\u00e9s, pr\u00e9vue par l\u2019accord de cessez-le-feu entr\u00e9 en vigueur le 27 novembre 2024, est \u00e0 sens unique : Isra\u00ebl continue de recourir \u00e0 la violence, le plus souvent au moyen de frappes de drones et de tirs d\u2019artillerie. Depuis le Liban, seuls trois incidents impliquant des tirs de roquettes vers Isra\u00ebl ou la zone contest\u00e9e des fermes de Chebaa, dont un, en d\u00e9cembre 2024, a \u00e9t\u00e9 revendiqu\u00e9 par le Hezbollah, ont eu lieu depuis le d\u00e9but de la tr\u00eave.<\/p>\n<p class=\"article__paragraph \">La strat\u00e9gie affich\u00e9e de l\u2019arm\u00e9e isra\u00e9lienne est de d\u00e9truire les capacit\u00e9s du mouvement arm\u00e9 libanais soutenu par l\u2019Iran. Elle poursuit l\u2019\u00e9limination de ses combattants, apr\u00e8s avoir d\u00e9capit\u00e9 son commandement lors de la r\u00e9cente guerre. Mais des civils sont aussi tu\u00e9s ou bless\u00e9s lors de ces frappes r\u00e9currentes.<\/p>\n<p class=\"article__paragraph \">Ces op\u00e9rations emp\u00eachent un retour \u00e0 la normalit\u00e9 pour la population du sud du Liban, r\u00e9gion la plus expos\u00e9e aux bombardements\u00a0: ils y sont quasi-quotidiens. Aux yeux des habitants, <em>\u00ab\u00a0la guerre se poursuit, sous une autre forme\u00a0\u00bb<\/em>, dit Riad Al-Assad, entrepreneur, qui y passe une partie de son temps.<\/p>\n<h2 class=\"article__sub-title\">Baril de poudre<\/h2>\n<p class=\"article__paragraph \">La persistance des frappes a lieu alors que, selon diverses sources occidentales ou libanaises, les militaires libanais, avec le soutien de la Finul, la force des Nations unies d\u00e9ploy\u00e9e dans le sud du Liban, ont aujourd\u2019hui d\u00e9truit l\u2019essentiel de ce qui restait des armes du Hezbollah au sud du fleuve Litani, qui marque l\u2019entr\u00e9e vers la zone frontali\u00e8re. <strong>Plus de 7 000 soldats y sont d\u00e9ploy\u00e9s, contre les 10 000 pr\u00e9vus \u2013 <\/strong>les tensions \u00e0 la fronti\u00e8re avec la Syrie, apr\u00e8s la chute de Bachar Al-Assad, en d\u00e9cembre 2024, ont contraint \u00e0 y conserver des troupes.<\/p>\n<p class=\"article__paragraph \"><strong>D\u00e8s lors, des questions se posent\u00a0: <em>\u00ab\u00a0S\u2019agit-il pour Isra\u00ebl de faire pression sur les nouvelles autorit\u00e9s libanaises pour qu\u2019elles h\u00e2tent le d\u00e9sarmement du Hezbollah sur le reste du territoire\u00a0?,<\/em> interroge une source politique.<em> De pousser le Liban vers une normalisation de ses relations avec l\u2019Etat h\u00e9breu ? Ou, dans une logique de guerre permanente, de maintenir \u00e0 ses portes un pays affaibli, en y entretenant l\u2019instabilit\u00e9 ? \u00bb<\/em><\/strong><\/p>\n<p class=\"article__paragraph \">Un incident illustre les frustrations\u00a0: le 27\u00a0avril, l\u2019arm\u00e9e isra\u00e9lienne appelle soudainement \u00e0 \u00e9vacuer les alentours d\u2019un hangar, dans la banlieue sud de Beyrouth. Selon une source inform\u00e9e, l\u2019arm\u00e9e libanaise contacte aussit\u00f4t la partie am\u00e9ricaine, qui dirige le m\u00e9canisme de surveillance, instance pr\u00e9vue par l\u2019accord de cessez-le-feu\u00a0: elle veut agir elle-m\u00eame, v\u00e9rifier si des armes du Hezbollah sont entrepos\u00e9es. Il lui est r\u00e9pondu que la partie isra\u00e9lienne est injoignable. La zone sera bombard\u00e9e.<\/p>\n<p class=\"article__paragraph \">La situation actuelle semble devoir durer, maintenant le Liban sur un baril de poudre et nourrissant les tensions politiques internes. <em>\u00ab\u00a0C\u2019est la \u201cnouvelle normalit\u00e9\u201d\u00a0: les Isra\u00e9liens ont les mains libres pour faire ce qu\u2019ils veulent. Toutefois, on n\u2019est plus dans l\u2019intensit\u00e9 de la guerre <\/em>[de l\u2019automne 2024]<em>\u00a0\u00bb, <\/em>constate une source diplomatique occidentale.<\/p>\n<h2 class=\"article__sub-title\">Promesses non tenues<\/h2>\n<p class=\"article__paragraph \">En acceptant le cessez-le-feu n\u00e9goci\u00e9 par Washington, qui pr\u00e9voit la fin des hostilit\u00e9s et l\u2019application de la r\u00e9solution 1701 des Nations unies \u2013 pas de pr\u00e9sence militaire autre que celle de l\u2019arm\u00e9e libanaise et de la Finul au sud du fleuve Litani \u2013, les autorit\u00e9s de Beyrouth avaient pourtant cru extraire le pays de la violence.<\/p>\n<p class=\"article__paragraph \"><strong>Quand il a re\u00e7u le texte du n\u00e9gociateur am\u00e9ricain, le premier ministre de l\u2019\u00e9poque, Najib Mikati, a eu une heure pour r\u00e9pondre<\/strong>. L\u2019un des interlocuteurs qu\u2019il a contact\u00e9s pour prendre conseil l\u2019a alert\u00e9 sur l\u2019ambigu\u00eft\u00e9 de divers articles, comme le manque de pr\u00e9cisions sur le r\u00f4le, en cas de violations, du comit\u00e9 de surveillance. Mais il \u00e9tait trop tard pour obtenir des amendements. <strong>Et M. Mikati a appris que le pr\u00e9sident du Parlement, Nabih Berri, qui avait obtenu le ralliement du Hezbollah, tr\u00e8s affaibli, venait d\u2019approuver l\u2019accord.<\/strong> Le cessez-le-feu est alors entr\u00e9 en vigueur.<\/p>\n<p class=\"article__paragraph \">Quelques mois plus tard, M.\u00a0Berri ne cache pas son d\u00e9pit \u00e0 ses visiteurs face aux promesses non tenues par Washington, et l\u2019absence de retour au calme. Les Etats-Unis soutiennent certes fortement le nouveau pr\u00e9sident, Joseph Aoun, mais ils per\u00e7oivent le Liban au prisme de la s\u00e9curit\u00e9 d\u2019Isra\u00ebl, dont ils cautionnent les actions au pays du C\u00e8dre. La nouvelle administration am\u00e9ricaine est inqui\u00e8te \u00e0 l\u2019id\u00e9e que le Hezbollah se reconstitue. M.\u00a0Aoun s\u2019est engag\u00e9 \u00e0 sa d\u00e9militarisation, un processus qui, selon lui, doit \u00eatre politique, ce qui prendra n\u00e9cessairement du temps.<\/p>\n<h2 class=\"article__sub-title\">\u00ab\u00a0Politique de la terre br\u00fbl\u00e9e\u00a0\u00bb<\/h2>\n<p class=\"article__paragraph \">Garants du cessez-le-feu, Washington et Paris se sont gard\u00e9s de lever publiquement les ambigu\u00eft\u00e9s de l\u2019accord, entretenant le flou sur ce qui rel\u00e8ve d\u2019une violation. <strong>Ils n\u2019ont pas non plus fait la lumi\u00e8re sur l\u2019existence d\u2019un accord s\u00e9par\u00e9 entre les Etats-Unis et l\u2019Etat h\u00e9breu<\/strong> \u2013 dont les m\u00e9dias isra\u00e9liens s\u2019\u00e9taient fait l\u2019\u00e9cho \u2013 donnant \u00e0 ce dernier le droit de r\u00e9pondre \u00e0 ce qu\u2019il consid\u00e8re comme une menace. Paris n\u2019a condamn\u00e9 qu\u2019\u00e0 quelques reprises les bombardements isra\u00e9liens. Or, m\u00eame si l\u2019influence de la France s\u2019est r\u00e9duite au Liban, plusieurs observateurs consid\u00e8rent que la donne serait diff\u00e9rente si elle prenait davantage la parole \u2013 ce qu\u2019elle dit faire en coulisses.<\/p>\n<p class=\"article__paragraph \"><em>\u00ab\u00a0Ce n\u2019est pas l\u2019accord de cessez-le-feu qui pose probl\u00e8me, mais l\u2019impunit\u00e9 dont jouit Isra\u00ebl\u00a0\u00bb<\/em>, estime une source proche de Nabih Berri. Une fois les hostilit\u00e9s th\u00e9oriquement termin\u00e9es, <em>\u00ab\u00a0Isra\u00ebl a ras\u00e9 des villages chiites frontaliers, y compris leurs infrastructures\u00a0: une politique de la terre br\u00fbl\u00e9e, visant \u00e0 emp\u00eacher le retour des habitants\u00a0\u00bb<\/em>, d\u00e9crit la source diplomatique. Cela cr\u00e9e de facto une zone tampon, alors que l\u2019arm\u00e9e isra\u00e9lienne reste d\u00e9ploy\u00e9e en territoire libanais et dit vouloir prot\u00e9ger le retour des habitants du nord de l\u2019Etat h\u00e9breu.<\/p>\n<p class=\"article__paragraph \"><em>\u00ab\u00a0<strong>Les Isra\u00e9liens ont ciment\u00e9 leurs bases sur les cinq collines<\/strong><\/em><strong> [frontali\u00e8res]<\/strong><em><strong> qu\u2019ils occupent,<\/strong> et n\u2019ont pas l\u2019air de vouloir en partir demain. Ces cinq points n\u2019ont rien de strat\u00e9gique. Les Isra\u00e9liens disposent de collines plus \u00e9lev\u00e9es sur leur territoire. Quel est l\u2019int\u00e9r\u00eat d\u2019une zone tampon \u00e0 l\u2019heure des drones\u00a0?<\/em>, interroge Ghassan Salam\u00e9, ministre de la culture et diplomate chevronn\u00e9. <em>Il s\u2019agit plus probablement d\u2019un gage territorial, pour faire pression sur le gouvernement <\/em>[de Nawaf Salam]<em>, pour n\u00e9gocier plus tard.\u00a0\u00bb<\/em><\/p>\n<h2 class=\"article__sub-title\">Le Hezbollah confort\u00e9<\/h2>\n<p class=\"article__paragraph \">Le Hezbollah affirme se placer dans une position d\u2019observateur. <em>\u00ab\u00a0Selon l\u2019accord de cessez-le-feu, c\u2019est \u00e0 l\u2019Etat libanais de faire face aux agressions isra\u00e9liennes<\/em>, dit Hassan Fadlallah, l\u2019un de ses d\u00e9put\u00e9s. <em>Nous ne lui demandons pas d\u2019ouvrir une guerre. Nous attendons de voir le r\u00e9sultat de ses contacts diplomatiques avec les Etats-Unis, en premier lieu, pour contraindre Isra\u00ebl \u00e0 se retirer du territoire libanais et \u00e0 cesser ses frappes.\u00a0\u00bb<\/em><\/p>\n<p class=\"article__paragraph \">Leur continuation conforte le discours du Hezbollah aupr\u00e8s de ses partisans\u00a0: l\u2019Etat est impuissant face \u00e0 Isra\u00ebl. Plusieurs incidents ont eu lieu dans le Sud, vivier du mouvement chiite, avec la Finul. En outre, le m\u00e9canisme de surveillance du cessez-le-feu y est de plus en plus per\u00e7u par la population comme un <em>\u00ab\u00a0m\u00e9canisme de surveillance du Liban\u00a0\u00bb<\/em>, dit un observateur. Comme d\u2019autres, il estime pourtant qu\u2019une accalmie au Liban, ou un retour \u00e0 davantage de violences, se joue dans l\u2019issue des n\u00e9gociations entre l\u2019Iran et les Etats-Unis.<\/p>\n<section class=\"author\">\n<p class=\"article__author-container\"><span class=\"author__detail\"><a class=\"article__author-link\" href=\"\/signataires\/laure-stephan\/\"><span class=\"author__name\">Laure Stephan<\/span><span class=\"author__desc\">\u00a0(Beyrouth, correspondance)<\/span><\/a><\/span><\/p>\n<\/section>\n<p>&nbsp;<\/p>\n<\/article>\n<p><a href=\"https:\/\/www.lemonde.fr\/international\/article\/2025\/05\/23\/liban-six-mois-apres-l-entree-en-vigueur-d-un-cessez-le-feu-avec-israel-une-guerre-de-basse-intensite-se-poursuit_6607980_3210.html\"><strong>LE MONDE<\/strong><\/a><\/p>\n<\/section>\n","protected":false},"excerpt":{"rendered":"<p>&nbsp; Depuis le 27\u00a0novembre\u00a02024, Isra\u00ebl continue de recourir \u00e0 la violence. L\u2019arm\u00e9e isra\u00e9lienne a pilonn\u00e9 le sud du pays jeudi, suscitant des inqui\u00e9tudes sur le scrutin municipal de samedi. &nbsp; Le Liban devrait \u00eatre en phase de post-conflit, six mois apr\u00e8s la fin de la guerre asym\u00e9trique entre Isra\u00ebl et le Hezbollah. Il en est<\/p>\n","protected":false},"author":611,"featured_media":186390,"comment_status":"open","ping_status":"open","sticky":false,"template":"","format":"standard","meta":{"_uf_show_specific_survey":0,"_uf_disable_surveys":false,"footnotes":""},"categories":[37],"tags":[],"class_list":{"0":"post-186384","1":"post","2":"type-post","3":"status-publish","4":"format-standard","5":"has-post-thumbnail","7":"category-alaune-fr"},"aioseo_notices":[],"_links":{"self":[{"href":"https:\/\/middleeasttransparent.com\/fr\/wp-json\/wp\/v2\/posts\/186384","targetHints":{"allow":["GET"]}}],"collection":[{"href":"https:\/\/middleeasttransparent.com\/fr\/wp-json\/wp\/v2\/posts"}],"about":[{"href":"https:\/\/middleeasttransparent.com\/fr\/wp-json\/wp\/v2\/types\/post"}],"author":[{"embeddable":true,"href":"https:\/\/middleeasttransparent.com\/fr\/wp-json\/wp\/v2\/users\/611"}],"replies":[{"embeddable":true,"href":"https:\/\/middleeasttransparent.com\/fr\/wp-json\/wp\/v2\/comments?post=186384"}],"version-history":[{"count":0,"href":"https:\/\/middleeasttransparent.com\/fr\/wp-json\/wp\/v2\/posts\/186384\/revisions"}],"wp:featuredmedia":[{"embeddable":true,"href":"https:\/\/middleeasttransparent.com\/fr\/wp-json\/wp\/v2\/media\/186390"}],"wp:attachment":[{"href":"https:\/\/middleeasttransparent.com\/fr\/wp-json\/wp\/v2\/media?parent=186384"}],"wp:term":[{"taxonomy":"category","embeddable":true,"href":"https:\/\/middleeasttransparent.com\/fr\/wp-json\/wp\/v2\/categories?post=186384"},{"taxonomy":"post_tag","embeddable":true,"href":"https:\/\/middleeasttransparent.com\/fr\/wp-json\/wp\/v2\/tags?post=186384"}],"curies":[{"name":"wp","href":"https:\/\/api.w.org\/{rel}","templated":true}]}}