{"id":186152,"date":"2025-05-17T20:38:50","date_gmt":"2025-05-17T19:38:50","guid":{"rendered":"https:\/\/middleeasttransparent.com\/?p=186152"},"modified":"2025-05-17T21:16:12","modified_gmt":"2025-05-17T20:16:12","slug":"dima-de-clerck-historienne-au-liban-il-regne-aujourdhui-une-guerre-civile-sourde","status":"publish","type":"post","link":"https:\/\/middleeasttransparent.com\/fr\/dima-de-clerck-historienne-au-liban-il-regne-aujourdhui-une-guerre-civile-sourde\/","title":{"rendered":"Dima de Clerck, historienne\u00a0: \u00ab\u00a0Au Liban, il r\u00e8gne aujourd\u2019hui une guerre civile sourde\u00a0\u00bb"},"content":{"rendered":"<header class=\"article__header \">\n<div class=\"article__header-wrap\">\n<div class=\"article__heading\">\n<p class=\"article__title\"><noscript> <img decoding=\"async\" src=\"https:\/\/img.lemde.fr\/2025\/05\/13\/0\/0\/3543\/3543\/664\/0\/75\/0\/b9ce963_sirius-fs-upload-1-crzclcrklt5h-1747130139930-2013-nation-inflation-25llf-holding-the-fort-tarazi.jpg\" alt=\"\u00ab\u00a0Holding the fort : 1973\u00a0\u00bb (\u00ab\u00a0tenir le fort : 1973\u00a0\u00bb) d\u2019Alfred Tarazi, une \u0153uvre appartenant \u00e0 la s\u00e9rie de collages \u00ab\u00a0A\u00a0Nation\u2019s Inflation\u00a0\u00bb (2008). L\u2019artiste utilise les billets de banque libanais de l\u2019\u00e9poque comme toile de fond des \u00e9v\u00e9nements et des personnages qui ont fa\u00e7onn\u00e9 l\u2019histoire contemporaine de son pays.\"> <\/noscript><\/p>\n<p>&nbsp;<\/p>\n<h2 class=\"article__desc\"><strong>Le clivage s\u2019accentue entre les tenants d\u2019une normalisation des relations avec Isra\u00ebl et les Libanais qui d\u00e9fendent la poursuite d\u2019une r\u00e9sistance face \u00e0 un voisin dont ils redoutent de potentielles agressions, estime l\u2019historienne franco-libanaise, dans un entretien au \u00ab\u00a0Monde\u00a0\u00bb.<\/strong><\/h2>\n<p>&nbsp;<\/p>\n<p>&nbsp;<\/p>\n<\/div>\n<p id=\"js-authors-trigger\" class=\"meta meta__publisher meta__publisher--header\"><span id=\"js-authors-list\" class=\"meta__author meta__author--header\" style=\"color: #0000ff;\"> Propos recueillis par\u00a0<a class=\"article__author-link\" style=\"color: #0000ff;\" href=\"\/signataires\/laure-stephan\/\">Laure Stephan<\/a>\u00a0<span class=\"author__desc author__desc--header\">(Beyrouth, correspondance)<\/span><\/span><\/p>\n<\/div>\n<\/header>\n<section class=\"article__wrapper article__wrapper--premium \">\n<article class=\"article__content old__article-content-single\">\n<p class=\"article__paragraph \">Docteure en histoire, Dima de Clerck est chercheuse associ\u00e9e \u00e0 l\u2019Institut fran\u00e7ais du Proche-Orient. Elle enseigne r\u00e9guli\u00e8rement \u00e0 l\u2019Universit\u00e9 am\u00e9ricaine de Beyrouth ainsi qu\u2019\u00e0 l\u2019Universit\u00e9 Saint-Joseph de Beyrouth. Elle a co\u00e9crit, avec St\u00e9phane Malsagne, <em>Le Liban en guerre. De\u00a01975\u00a0\u00e0 nos jours<\/em>, dont la version revue et augment\u00e9e vient d\u2019\u00eatre publi\u00e9e chez Folio Gallimard (608\u00a0pages, 11,10\u00a0euros). A l\u2019occasion des 50\u00a0ans du d\u00e9but de la guerre civile libanaise (1975-1990), l\u2019historienne franco-libanaise revient sur le poids du conflit isra\u00e9lo-palestinien dans la d\u00e9stabilisation du petit pays multiconfessionnel.<\/p>\n<figure id=\"attachment_186178\" aria-describedby=\"caption-attachment-186178\" style=\"width: 397px\" class=\"wp-caption aligncenter\"><a href=\"https:\/\/middleeasttransparent.com\/fr\/dima-de-clerck-historienne-au-liban-il-regne-aujourdhui-une-guerre-civile-sourde\/tarazi-1-1-1-3\/\" rel=\"attachment wp-att-186178\"><img fetchpriority=\"high\" decoding=\"async\" class=\"size-full wp-image-186178\" src=\"https:\/\/middleeasttransparent.com\/wp-content\/uploads\/2025\/05\/TARAZI-1-1-1-2.png\" alt=\"\" width=\"397\" height=\"397\" srcset=\"https:\/\/middleeasttransparent.com\/wp-content\/uploads\/2025\/05\/TARAZI-1-1-1-2.png 397w, https:\/\/middleeasttransparent.com\/wp-content\/uploads\/2025\/05\/TARAZI-1-1-1-2-300x300.png 300w, https:\/\/middleeasttransparent.com\/wp-content\/uploads\/2025\/05\/TARAZI-1-1-1-2-150x150.png 150w\" sizes=\"(max-width: 397px) 100vw, 397px\" \/><\/a><figcaption id=\"caption-attachment-186178\" class=\"wp-caption-text\"><br \/>\u00ab Holding the fort : 1973 \u00bb (\u00ab tenir le fort : 1973 \u00bb) d\u2019Alfred Tarazi, une \u0153uvre appartenant \u00e0 la s\u00e9rie de collages \u00ab A Nation\u2019s Inflation \u00bb (2008). L\u2019artiste utilise les billets de banque libanais de l\u2019\u00e9poque comme toile de fond des \u00e9v\u00e9nements et des personnages qui ont fa\u00e7onn\u00e9 l\u2019histoire contemporaine de son pays. ALFRED TARAZI\/COURTESY OF GALERIE KRINZINGER<\/figcaption><\/figure>\n<h3 class=\"article__question\">La guerre civile libanaise a \u00e9clat\u00e9 le 13\u00a0avril\u00a01975. Cinquante ans plus tard, qu\u2019en reste-t-il\u00a0?<\/h3>\n<p class=\"article__paragraph \">Les hostilit\u00e9s arm\u00e9es ont pris fin en 1990, mais le spectre de la violence n\u2019a jamais disparu. Le probl\u00e8me de fond, c\u2019est-\u00e0-dire la vuln\u00e9rabilit\u00e9 du Liban aux questions r\u00e9gionales, et en premier lieu au conflit isra\u00e9lo-palestinien, demeure. L\u2019offensive d\u2019Isra\u00ebl au Liban, lanc\u00e9e le 17 septembre 2024, avec les piratages des bipeurs du Hezbollah, l\u2019a brutalement rappel\u00e9. Une attaque survenue apr\u00e8s onze mois d\u2019affrontements \u00e0 la fronti\u00e8re, men\u00e9s par la milice chiite libanaise en soutien au Hamas \u00e0 Gaza.<\/p>\n<p>&nbsp;<\/p>\n<h3 class=\"article__question\">En quoi le conflit isra\u00e9lo-palestinien a-t-il pes\u00e9 sur le d\u00e9clenchement de la guerre du Liban en\u00a01975\u00a0?<\/h3>\n<p class=\"article__paragraph \">La cr\u00e9ation de l\u2019Etat d\u2019Isra\u00ebl, en\u00a01948, s\u2019est accompagn\u00e9e de l\u2019expulsion de la majorit\u00e9 des Palestiniens. Plus de 100\u00a0000\u00a0r\u00e9fugi\u00e9s affluent alors vers le Liban, ce qui repr\u00e9sente, \u00e0 l\u2019\u00e9poque, l\u2019\u00e9quivalent de 10\u00a0% de la population libanaise. Dans le sud du pays, le <a title=\"Nouvelle fen\u00eatre\" href=\"https:\/\/www.haaretz.com\/israel-news\/2019-03-15\/ty-article\/.premium\/israeli-who-commanded-massacre-of-dozens-of-arab-captives-in-1948-dies-at-93\/0000017f-e53c-dc7e-adff-f5bd6f8b0000?lts=1745938047788\" target=\"_blank\" rel=\"noopener\">village de Houla est le th\u00e9\u00e2tre de massacres <em>[une cinquantaine d\u2019habitants sont ex\u00e9cut\u00e9s]<\/em> perp\u00e9tr\u00e9s, \u00e0 l\u2019automne 1948<\/a>, par des soldats isra\u00e9liens\u2026 Les pays arabes signent un accord d\u2019armistice avec Isra\u00ebl, en 1949.<\/p>\n<p class=\"article__paragraph \">L\u2019ann\u00e9e 1967 marque le point de d\u00e9part de la d\u00e9liquescence du Liban. Beyrouth ne participe pas \u00e0 la guerre des Six-Jours, mais la d\u00e9faite essuy\u00e9e par les arm\u00e9es arabes face aux troupes isra\u00e9liennes a de lourdes cons\u00e9quences. Cet \u00e9chec pousse les Palestiniens \u00e0 s\u2019armer pour reprendre leur destin en main, y compris depuis le Liban.<\/p>\n<p class=\"article__paragraph \">En d\u00e9cembre\u00a01968, un commando isra\u00e9lien d\u00e9truit la quasi-totalit\u00e9 de la flotte civile libanaise sur l\u2019a\u00e9roport de Beyrouth, lors de l\u2019op\u00e9ration \u00ab\u00a0Gift\u00a0\u00bb <em>[\u00ab\u00a0cadeau\u00a0\u00bb]<\/em>. Celle-ci \u00e9tait men\u00e9e en repr\u00e9sailles \u00e0 l<a href=\"https:\/\/www.lemonde.fr\/archives\/article\/1968\/12\/28\/le-front-populaire-de-liberation-de-la-palestine-revendique-la-responsabilite-de-l-attaque-contre-l-avion-israelien-a-l-escale-d-athenes_2507969_1819218.html\">\u2019attaque d\u2019un avion de la compagnie El Al, \u00e0 Ath\u00e8nes<\/a>, revendiqu\u00e9e par le Front populaire de lib\u00e9ration de la Palestine <em>[fond\u00e9 par Georges Habache (1926-2008) au Liban, o\u00f9 il \u00e9tait r\u00e9fugi\u00e9 depuis 1948]<\/em>.<\/p>\n<p class=\"article__paragraph \">En\u00a01970, <a href=\"https:\/\/www.lemonde.fr\/archives\/article\/1971\/09\/18\/les-fedayin-un-an-de-repression-sanglante-en-jordanie_2449285_1819218.html\">le roi Hussein de Jordanie expulse militairement de son territoire les combattants palestiniens<\/a> <em>[\u00e9pisode rest\u00e9 connu sous l\u2019appellation de \u00ab\u00a0Septembre noir\u00a0\u00bb]<\/em>, qui trouvent alors refuge au Liban. Les journaux libanais du d\u00e9but de cette d\u00e9cennie regorgent de r\u00e9cits de frappes isra\u00e9liennes sur le sud du Liban, d\u2019o\u00f9 les Palestiniens multiplient les attaques vers Isra\u00ebl.<\/p>\n<h3 class=\"article__question\">Le Liban est-il rattrap\u00e9 par un conflit dont il avait cherch\u00e9 \u00e0 se tenir \u00e0 distance\u00a0?<\/h3>\n<p class=\"article__paragraph \">Quand les organisations palestiniennes arm\u00e9es s\u2019installent dans le pays, une partie des Libanais se montrent solidaires. Dans l\u2019opinion musulmane, certains esp\u00e8rent, en outre, tirer parti de cette pr\u00e9sence palestinienne pour obtenir un r\u00e9\u00e9quilibrage confessionnel du pouvoir, alors domin\u00e9 par les chr\u00e9tiens. La division confessionnelle du pouvoir est l\u2019une des causes internes de la guerre civile. Toutefois, dans un contexte diff\u00e9rent, cette question aurait sans doute pu \u00eatre n\u00e9goci\u00e9e. Le pays est capable d\u2019assumer ses contradictions, de faire des \u00ab arrangements \u00bb pour prot\u00e9ger le vivre-ensemble, selon le sociologue am\u00e9ricain Michael Johnson. Mais la fabrique sociopolitique, pluricommunautaire, du pays a ceci de particulier qu\u2019elle risque une d\u00e9stabilisation compl\u00e8te quand elle est soumise \u00e0 de tr\u00e8s fortes pressions. C\u2019est ce qui se produit, \u00e0 partir de 1967.<\/p>\n<h3 class=\"article__question\">Quelles autres divisions ces pressions vont-elles engendrer\u00a0?<\/h3>\n<p class=\"article__paragraph \">L\u2019intensification des frappes isra\u00e9liennes contre les groupes palestiniens, dans le sud du Liban, a deux cons\u00e9quences. D\u2019abord, elle creuse le foss\u00e9 entre les populations du Sud, rurales et \u00e0 majorit\u00e9 chiite, d\u00e9sormais en premi\u00e8re ligne face \u00e0 Isra\u00ebl, et les habitants de Beyrouth et des r\u00e9gions environnantes qui, eux, vivent alors dans une forme d\u2019insouciance, facilit\u00e9e par l\u2019\u00e9conomie florissante de la capitale.<\/p>\n<p class=\"article__paragraph \">Ensuite, cette mont\u00e9e de la violence divise la soci\u00e9t\u00e9 en deux camps\u00a0: ceux qui reprochent \u00e0 l\u2019arm\u00e9e libanaise de ne pas mettre fin aux violences des factions palestiniennes et ceux qui lui reprochent sa passivit\u00e9 face aux attaques isra\u00e9liennes. L\u2019institution militaire va bient\u00f4t se retrouver paralys\u00e9e. Certains Libanais, estimant que l\u2019arm\u00e9e et l\u2019Etat ne sont pas capables de les prot\u00e9ger, s\u2019organisent alors pour \u00ab\u00a0se d\u00e9fendre\u00a0\u00bb au sein de groupes id\u00e9ologiques ou de leur communaut\u00e9 religieuse.<\/p>\n<h3 class=\"article__question\">D\u2019anciens chefs de guerre libanais sont encore au pouvoir. Auraient-ils pu, de fa\u00e7on r\u00e9aliste, \u00eatre \u00e9cart\u00e9s de la vie politique au sortir de la guerre\u00a0?<\/h3>\n<p class=\"article__paragraph \">Techniquement, ce n\u2019\u00e9tait sans doute pas possible. La Syrie, qui allait mettre le Liban sous sa tutelle jusqu\u2019en\u00a02005, avait compris qu\u2019il n\u2019y aurait pas de paix sans l\u2019assentiment des chefs de guerre. Car, avec le conflit, les notables traditionnels communautaires avaient perdu de leur influence.<\/p>\n<p class=\"article__paragraph \">La sortie de guerre pr\u00e9voyait que les milices rendent leurs armes \u2013 les armes lourdes ne seront pas remises \u00e0 l\u2019arm\u00e9e libanaise, mais \u00e0 l\u2019arm\u00e9e syrienne, ou elles seront revendues \u00e0 l\u2019\u00e9tranger. Des miliciens sont int\u00e9gr\u00e9s dans l\u2019Etat, en premier lieu les hommes de Nabih Berri, actuel pr\u00e9sident du Parlement. Ils investissent les institutions, au sein desquelles ils maintiennent un comportement pr\u00e9dateur. Cette d\u00e9cision va porter un coup durable \u00e0 ces lieux o\u00f9 des fonctionnaires avaient encore une culture de l\u2019Etat. Dans le m\u00eame esprit, d\u2019anciens chefs de guerre se voient proposer des postes de ministres ou de d\u00e9put\u00e9s\u2026<\/p>\n<h3 class=\"article__question\">Ils ont connu une long\u00e9vit\u00e9 consid\u00e9rable\u2026<\/h3>\n<p class=\"article__paragraph \">A l\u2019inverse des notables traditionnels, les anciens seigneurs de guerre ont construit leur l\u00e9gitimit\u00e9 au combat, \u00e0 travers une propagande selon laquelle ils auraient d\u00e9fendu leur communaut\u00e9 contre \u00ab l\u2019ennemi \u00bb, quand bien m\u00eame cet ennemi \u00e9tait int\u00e9rieur. La l\u00e9gitimit\u00e9 actuelle de Samir Geagea, chef du parti Forces libanaises, issu de la principale milice chr\u00e9tienne du temps de la guerre, ou de Nabih Berri, chef du parti Amal, issu d\u2019une importante milice chiite, d\u00e9coule de leurs faits d\u2019armes. En ce qui concerne Walid Joumblatt, leader de la communaut\u00e9 druze et politicien influent, en plus d\u2019avoir \u00e9t\u00e9 un chef de guerre, il est issu d\u2019une famille \u00e0 la l\u00e9gitimit\u00e9 traditionnelle pluris\u00e9culaire. Le Hezbollah, n\u00e9 en r\u00e9action \u00e0 l\u2019invasion isra\u00e9lienne du Liban de 1982, revendique, pour sa part, une l\u00e9gitimit\u00e9 li\u00e9e \u00e0 son combat contre l\u2019occupation par Isra\u00ebl du Liban sud, qui ne s\u2019ach\u00e8ve qu\u2019en 2000.<\/p>\n<h3 class=\"article__question\">Les r\u00e9fugi\u00e9s palestiniens\u00a0ont servi de boucs \u00e9missaires, d\u00e9sign\u00e9s responsables de quinze ans de guerre fratricide au Liban. Le regard des Libanais \u00e0 leur \u00e9gard a-t-il chang\u00e9\u00a0?<\/h3>\n<p class=\"article__paragraph \">La tendance a, en effet, consist\u00e9 \u00e0 externaliser le mal commis entre Libanais afin d\u2019essayer de sortir de la guerre dite \u00ab\u00a0civile\u00a0\u00bb, qui a \u00e9t\u00e9 mise sur le dos des Palestiniens. Il faut dire que leurs factions avaient laiss\u00e9 le souvenir d\u2019exactions et de violences. Mais en faisant d\u2019eux des boucs \u00e9missaires, en les r\u00e9duisant \u00e0 des fauteurs de troubles, on a oubli\u00e9 les raisons de leur militarisation\u00a0: l\u2019expulsion de leurs terres. L\u2019Organisation de lib\u00e9ration de la Palestine a depuis pr\u00e9sent\u00e9 des excuses officielles pour les torts commis au Liban <em>[en\u00a02008, lors de l\u2019inauguration d\u2019une ambassade palestinienne \u00e0 Beyrouth]<\/em>. Aujourd\u2019hui, l\u2019offensive isra\u00e9lienne \u00e0 Gaza, qui a suivi l\u2019attaque du 7\u00a0octobre\u00a02023\u00a0perp\u00e9tr\u00e9e par le Hamas, est jug\u00e9e insupportable par beaucoup de Libanais, chez qui elle suscite une compassion, une solidarit\u00e9 morale et \u00e9thique envers les Palestiniens.<\/p>\n<h3 class=\"article__question\">La guerre de 2024, durant laquelle Isra\u00ebl a fortement affaibli le Hezbollah, a-t-elle exacerb\u00e9 les divisions\u00a0internes au Liban\u00a0?<\/h3>\n<p class=\"article__paragraph \">Il r\u00e8gne aujourd\u2019hui une guerre civile sourde au Liban. Il y a les tenants d\u2019une normalisation des relations avec Isra\u00ebl, qui arguent que ce conflit ne les regarde pas ou que l\u2019arm\u00e9e isra\u00e9lienne est trop puissante pour \u00eatre combattue. Et il y a ceux qui d\u00e9fendent la poursuite d\u2019une r\u00e9sistance, estimant que ceux ayant fait la paix avec Isra\u00ebl <em>[comme le dirigeant palestinien d\u00e9funt Yasser Arafat]<\/em> n\u2019ont rien obtenu, ou tout simplement parce que, vivant \u00e0 proximit\u00e9 d\u2019Isra\u00ebl, ils redoutent d\u2019autres agressions. Aujourd\u2019hui encore, l\u2019arm\u00e9e libanaise est faible : elle n\u2019a pas d\u2019armes qualitatives. Ses bailleurs \u00e9trangers, Etats-Unis en t\u00eate, refusent de lui en fournir, consid\u00e9rant qu\u2019elles pourraient \u00eatre utilis\u00e9es contre Isra\u00ebl.<\/p>\n<p class=\"article__paragraph \">Ce clivage est similaire \u00e0 celui qui a pr\u00e9valu dans les ann\u00e9es d\u2019avant la guerre de 1975. Il a \u00e9t\u00e9 amplifi\u00e9, lors du r\u00e9cent conflit, par la strat\u00e9gie d\u2019Isra\u00ebl\u00a0consistant \u00e0 \u00e9pargner les r\u00e9gions libanaises o\u00f9 il pense pouvoir trouver des alli\u00e9s. Une partie de la population \u00e9tait vis\u00e9e\u00a0; une autre ne se sentait pas concern\u00e9e. Cette strat\u00e9gie a contribu\u00e9 \u00e0 stigmatiser les chiites. Les bombardements isra\u00e9liens n\u2019ont pas vis\u00e9 les infrastructures sur l\u2019ensemble du territoire, comme lors de la guerre de l\u2019\u00e9t\u00e9 2006. Ils sont concentr\u00e9s dans le Sud, la Bekaa et la banlieue sud de Beyrouth, r\u00e9gions \u00e0 majorit\u00e9 chiite et zones d\u2019implantation du Hezbollah. A l\u2019exception des assassinats cibl\u00e9s, qui ont eu lieu partout dans le pays, l\u2019arm\u00e9e isra\u00e9lienne a bombard\u00e9 des lieux o\u00f9 se trouvaient des familles chiites d\u00e9plac\u00e9es, au pr\u00e9texte qu\u2019un membre du Hezbollah s\u2019y trouvait.<\/p>\n<h3 class=\"article__question\">Malgr\u00e9 le cessez-le-feu du 27\u00a0novembre\u00a02024, les frappes isra\u00e9liennes se poursuivent, surtout dans le sud du pays. Le Liban peut-il basculer de nouveau dans une guerre civile\u00a0?<\/h3>\n<p class=\"article__paragraph \">Le 8\u00a0octobre\u00a02024, le premier ministre isra\u00e9lien, Benyamin N\u00e9tanyahou, a tenu des propos, largement interpr\u00e9t\u00e9s comme une incitation \u00e0 la guerre civile, en appelant les Libanais\u00a0\u00e0 \u00ab\u00a0lib\u00e9rer leur pays du Hezbollah\u00a0\u00bb. Il les a menac\u00e9s de \u00ab\u00a0destructions et de souffrances comme celles qu\u2019on voit \u00e0 Gaza\u00a0\u00bb. N\u2019\u00e9tait-ce pas l\u00e0 une mani\u00e8re de dire\u00a0: \u00ab\u00a0On a fait le gros du travail, \u00e0 vous de continuer\u00a0\u00bb\u00a0? Partant de l\u00e0, il y aurait deux options\u00a0: soit l\u2019arm\u00e9e libanaise d\u00e9sarme le Hezbollah <em>[la remise des armes fait partie des engagements des nouvelles autorit\u00e9s libanaises, favorables \u00e0 un dialogue]<\/em>, soit des milices se constituent pour y parvenir. Je doute que les Libanais qui ont v\u00e9cu la guerre de 1975 soient pr\u00eats \u00e0 sacrifier leurs enfants. Moins de 2\u00a0% de la population a combattu durant la guerre civile, l\u2019immense majorit\u00e9 des civils l\u2019ont subie. Cela signifie-t-il qu\u2019Isra\u00ebl lancera un second round pour \u00ab\u00a0finir le boulot\u00a0\u00bb\u00a0?<\/p>\n<div class=\"mceTemp\"><\/div>\n<\/article>\n<\/section>\n<p>&nbsp;<\/p>\n<p><a href=\"https:\/\/www.lemonde.fr\/international\/article\/2025\/05\/17\/dima-de-clerck-historienne-au-liban-il-regne-aujourd-hui-une-guerre-civile-sourde_6606575_3210.html\"><strong>LE MONDE\u00a0<\/strong><\/a><\/p>\n","protected":false},"excerpt":{"rendered":"<p>&nbsp; Le clivage s\u2019accentue entre les tenants d\u2019une normalisation des relations avec Isra\u00ebl et les Libanais qui d\u00e9fendent la poursuite d\u2019une r\u00e9sistance face \u00e0 un voisin dont ils redoutent de potentielles agressions, estime l\u2019historienne franco-libanaise, dans un entretien au \u00ab\u00a0Monde\u00a0\u00bb. &nbsp; &nbsp; Propos recueillis par\u00a0Laure Stephan\u00a0(Beyrouth, correspondance) Docteure en histoire, Dima de Clerck est chercheuse<\/p>\n","protected":false},"author":611,"featured_media":186155,"comment_status":"open","ping_status":"open","sticky":false,"template":"","format":"standard","meta":{"_uf_show_specific_survey":0,"_uf_disable_surveys":false,"footnotes":""},"categories":[37],"tags":[],"class_list":{"0":"post-186152","1":"post","2":"type-post","3":"status-publish","4":"format-standard","5":"has-post-thumbnail","7":"category-alaune-fr"},"aioseo_notices":[],"_links":{"self":[{"href":"https:\/\/middleeasttransparent.com\/fr\/wp-json\/wp\/v2\/posts\/186152","targetHints":{"allow":["GET"]}}],"collection":[{"href":"https:\/\/middleeasttransparent.com\/fr\/wp-json\/wp\/v2\/posts"}],"about":[{"href":"https:\/\/middleeasttransparent.com\/fr\/wp-json\/wp\/v2\/types\/post"}],"author":[{"embeddable":true,"href":"https:\/\/middleeasttransparent.com\/fr\/wp-json\/wp\/v2\/users\/611"}],"replies":[{"embeddable":true,"href":"https:\/\/middleeasttransparent.com\/fr\/wp-json\/wp\/v2\/comments?post=186152"}],"version-history":[{"count":0,"href":"https:\/\/middleeasttransparent.com\/fr\/wp-json\/wp\/v2\/posts\/186152\/revisions"}],"wp:featuredmedia":[{"embeddable":true,"href":"https:\/\/middleeasttransparent.com\/fr\/wp-json\/wp\/v2\/media\/186155"}],"wp:attachment":[{"href":"https:\/\/middleeasttransparent.com\/fr\/wp-json\/wp\/v2\/media?parent=186152"}],"wp:term":[{"taxonomy":"category","embeddable":true,"href":"https:\/\/middleeasttransparent.com\/fr\/wp-json\/wp\/v2\/categories?post=186152"},{"taxonomy":"post_tag","embeddable":true,"href":"https:\/\/middleeasttransparent.com\/fr\/wp-json\/wp\/v2\/tags?post=186152"}],"curies":[{"name":"wp","href":"https:\/\/api.w.org\/{rel}","templated":true}]}}