{"id":185801,"date":"2025-05-08T13:45:03","date_gmt":"2025-05-08T12:45:03","guid":{"rendered":"https:\/\/middleeasttransparent.com\/?p=185801"},"modified":"2025-05-08T13:45:03","modified_gmt":"2025-05-08T12:45:03","slug":"al-charaa-en-visite-a-paris-les-europeens-se-laissent-berner-parce-quils-prennent-leurs-reves-pour-des-realites","status":"publish","type":"post","link":"https:\/\/middleeasttransparent.com\/fr\/al-charaa-en-visite-a-paris-les-europeens-se-laissent-berner-parce-quils-prennent-leurs-reves-pour-des-realites\/","title":{"rendered":"Al-Charaa en visite \u00e0 Paris : \u00ab Les Europ\u00e9ens se laissent berner parce qu\u2019ils prennent leurs r\u00eaves pour des r\u00e9alit\u00e9s \u00bb"},"content":{"rendered":"<h2><\/h2>\n<h2><strong>En recevant mercredi le dirigeant syrien pour sa premi\u00e8re visite en Europe, la France fait preuve de \u00ab na\u00efvet\u00e9 \u00bb, pensant qu\u2019elle va \u00ab tirer les dividendes de la situation \u00bb, analyse Fabrice Balanche.<\/strong><\/h2>\n<p>&nbsp;<\/p>\n<p>&nbsp;<\/p>\n<p>&nbsp;<\/p>\n<p><strong> &#8211; LE FIGARO.- Pour sa premi\u00e8re visite en Europe, Ahmed al-Charaa sera re\u00e7u mercredi \u00e0 Paris par Emmanuel Macron. Quels sont les enjeux de cette rencontre pour lui et le nouveau gouvernement syrien ?<\/strong><\/p>\n<p>&#8211;<strong> FABRICE BALANCHE<\/strong>.- Al-Charaa vient d\u2019abord chercher une l\u00e9gitimit\u00e9 internationale. Pour l\u2019instant, il a \u00e9t\u00e9 re\u00e7u par des dirigeants arabes : le prince h\u00e9ritier d\u2019Arabie saoudite, le pr\u00e9sident turc\u2026 L\u2019\u00e9mir du Qatar est m\u00eame venu \u00e0 Damas. L\u00e0, c\u2019est la premi\u00e8re fois qu\u2019il se rend en Occident. Les \u00c9tats-Unis, c\u2019est plus compliqu\u00e9, parce que sa t\u00eate y \u00e9tait mise \u00e0 prix il n\u2019y a pas si longtemps. Donc, il se rend en Europe, c\u2019est mieux que rien ! Ensuite, il veut une lev\u00e9e des sanctions, ce que les Europ\u00e9ens ont d\u00e9j\u00e0 commenc\u00e9 \u00e0 faire. Et puis il vient chercher de l\u2019argent : lors de la conf\u00e9rence des donateurs le 17 mars dernier \u00e0 Bruxelles, 6 milliards et demi d\u2019euros de promesses de dons ont d\u00e9j\u00e0 \u00e9t\u00e9 accord\u00e9s, dont 2 milliards en provenance d\u2019Europe. &#8211; Mais le gros morceau pour al-Charaa reste les \u00c9tats-Unis. Ce sont eux qui d\u00e9tiennent la cl\u00e9 de la v\u00e9ritable r\u00e9habilitation de la Syrie. Et m\u00eame de son habilitation tout court. Puisque tant que le pays est bloqu\u00e9 au niveau du syst\u00e8me Swift, il demeure coinc\u00e9 pour attirer des investisseurs. M\u00eame les pays arabes comme le Qatar ne prendront pas le risque d\u2019apporter une aide significative \u00e0 ce nouveau r\u00e9gime s\u2019ils n\u2019ont pas le feu vert des Am\u00e9ricains.<\/p>\n<p><strong>LE FIGARO. &#8211; De l\u2019autre c\u00f4t\u00e9, quel est l\u2019int\u00e9r\u00eat pour la France de recevoir officiellement le dirigeant ?<\/strong><\/p>\n<p>&#8211; Il y a une esp\u00e8ce de course en Europe entre la France et l\u2019Allemagne pour savoir quel sera le pays qui renouera le plus vite avec la Syrie. Les Allemands ont d\u00e9j\u00e0 rouvert leur ambassade \u00e0 Damas, donc ils nous ont grill\u00e9 la politesse de ce c\u00f4t\u00e9-l\u00e0. En f\u00e9vrier, Emmanuel Macron avait d\u00e9clar\u00e9 qu\u2019il voulait faire de la France le pays par lequel transiterait l\u2019aide humanitaire et \u00e9conomique \u00e0 la Syrie au niveau europ\u00e9en, se pr\u00e9valant de l\u2019histoire entre la France et la Syrie, du mandat fran\u00e7ais et du r\u00f4le de la France en M\u00e9diterran\u00e9e orientale. La concurrence avec l\u2019Allemagne est puissante au niveau de la politique ext\u00e9rieure europ\u00e9enne. La France veut appara\u00eetre comme le partenaire privil\u00e9gi\u00e9 de la Syrie au niveau europ\u00e9en. Le probl\u00e8me, c\u2019est que sur le plan financier, ce sont plut\u00f4t les Allemands qui tiennent les cordons de la bourse et ils ne sont pas pr\u00eats \u00e0 financer la Syrie aux conditions de la France. \u00c7a risque donc d\u2019\u00eatre un peu compliqu\u00e9 pour Emmanuel Macron.<\/p>\n<p>La France cherche \u00e9galement des parts de march\u00e9 en Syrie, notamment sur le march\u00e9 de la reconstruction. Elle esp\u00e8re que ses soci\u00e9t\u00e9s de b\u00e2timents et de travaux publics puissent en profiter. Par exemple, CMA CGM a sign\u00e9 la semaine derni\u00e8re le renouvellement de leur concession pour le port de Lattaqui\u00e9. Ils promettent d\u2019investir 200 ou 300 millions d\u2019euros pour la modernisation des ports syriens. CMA CGM poss\u00e8de la moiti\u00e9 du port de Lattaqui\u00e9 depuis 2009. Il ne faut pas oublier que la famille Saad\u00e9 est d\u2019origine syrienne, m\u00eame si, dans les ann\u00e9es 1930, ils sont partis au Liban, \u00e0 Beyrouth, et qu\u2019ensuite ils sont venus en France pendant la guerre civile libanaise. Ils conservent des liens tr\u00e8s forts avec la Syrie. Le cousin de Rodolphe Saad\u00e9 a investi dans un vignoble du c\u00f4t\u00e9 de Lattaqui\u00e9, par exemple. La maison familiale des Saad\u00e9 se trouve aussi dans cette ville. \u00c0 l\u2019\u00e9poque de Bachar el Assad, ils ont particip\u00e9 \u00e0 la cr\u00e9ation de holdings en Syrie pour la modernisation de l\u2019\u00e9conomie syrienne et l\u00e0, ils sont de nouveau positionn\u00e9s sur le march\u00e9 syrien.<\/p>\n<p><strong>&#8211; Emmanuel Macron avait invit\u00e9 al-Charaa d\u00e8s le d\u00e9but f\u00e9vrier, \u00e0 condition qu\u2019il forme \u00ab un gouvernement inclusif \u00bb et qu\u2019il donne \u00ab des garanties sur la s\u00e9curit\u00e9 du pays \u00bb. C\u2019est le cas ?<\/strong><\/p>\n<p>&#8211; Non, ce n\u2019est pas le cas. Dans son nouveau gouvernement, al-Charaa a plac\u00e9 un druze, un alaouite, un Kurde, une chr\u00e9tienne. Les Europ\u00e9ens s\u2019en contentent mais ce sont des marionnettes sur des strapontins. Ce n\u2019est pas du tout un gouvernement inclusif. Il faut savoir qu\u2019en Syrie, les ministres, outre ceux de la D\u00e9fense et de l\u2019Int\u00e9rieur, n\u2019ont aucun pouvoir. Ce sont des ex\u00e9cutants. Le pouvoir est entre les mains du palais pr\u00e9sidentiel. \u00c7a a toujours \u00e9t\u00e9 comme \u00e7a, m\u00eame \u00e0 l\u2019\u00e9poque de Bachar el-Assad : les ordres venaient du Palais et des services de renseignements. Les ministres ne servaient \u00e0 rien. L\u00e0, al-Charaa a en plus cr\u00e9\u00e9 un organe suppl\u00e9mentaire, le Conseil religieux, par lequel doivent passer toutes les lois et tous les d\u00e9crets pour \u00eatre valid\u00e9s. &#8211; De plus, le massacre des alaouites d\u00e9but mars prouve que le droit des minorit\u00e9s, leur s\u00e9curit\u00e9, et le droit des femmes ne sont pas tr\u00e8s respect\u00e9s. Tout comme les attaques contre les druzes la semaine derni\u00e8re. Les diplomates europ\u00e9ens nous disent que cela pourrait \u00eatre\u00a0pire. C\u2019est vrai ! \u00c7a peut toujours l\u2019\u00eatre.<\/p>\n<p>Mais en r\u00e9alit\u00e9, les Europ\u00e9ens font semblant. Ils s\u2019accommodent de ces \u00ab progr\u00e8s \u00bb. Ils sont tr\u00e8s na\u00effs vis-\u00e0-vis de ce nouveau r\u00e9gime, pensant qu\u2019il est en train de se d\u00e9radicaliser par le haut. Certains disent qu\u2019il vaut mieux \u00e7a qu\u2019une nouvelle Libye. Certes, mais il y a peut-\u00eatre aussi un sc\u00e9nario alternatif, entre une dictature islamique et un chaos \u00e0 la libyenne. On a l\u2019impression que les Europ\u00e9ens ne voient que la solution al-Charaa et sa r\u00e9publique islamiste centralis\u00e9e pour stabiliser le pays. Or, il existe aussi le sc\u00e9nario d\u2019une Syrie plus d\u00e9centralis\u00e9e, plus f\u00e9d\u00e9rale, qui serait \u00e0 mon avis la seule fa\u00e7on de garantir le droit des minorit\u00e9s et de cr\u00e9er des contre-pouvoirs.<\/p>\n<p><strong>LE FIGARO. &#8211; La France re\u00e7oit justement al-Charaa quelques semaines apr\u00e8s le massacre des alaouites et en pleine p\u00e9riode de frictions avec les druzes. La temporalit\u00e9 est-elle vraiment la bonne ?<\/strong><\/p>\n<p>&#8211; J\u2019imagine que la visite \u00e9tait pr\u00e9vue de longue date, avant les massacres. La France aurait pu l\u2019annuler. Mais il y a cette concurrence europ\u00e9enne \u00e9voqu\u00e9e plus t\u00f4t. Et puis les alli\u00e9s de la France comme le Qatar, l\u2019Arabie saoudite ou la Turquie doivent pousser pour qu\u2019elle le re\u00e7oive. On esp\u00e8re, de cette fa\u00e7on, tirer les dividendes de cette visite, afin que les soci\u00e9t\u00e9s fran\u00e7aises aient une meilleure place en Syrie, en rappelant que la France a soutenu la r\u00e9volte syrienne depuis le d\u00e9but.<\/p>\n<p>Il s\u2019est produit la m\u00eame chose en Irak quand Macron a rencontr\u00e9 le premier ministre, Mohammed Chia al-Soudani, en rappelant que la France n\u2019avait pas vot\u00e9 l\u2019invasion de l\u2019Irak en 2003, esp\u00e9rant avoir des parts de march\u00e9. Il \u00e9tait revenu de la conf\u00e9rence de Bagdad en 2021 avec l\u2019a\u00e9roport de Mossoul dans la valise et un m\u00e9ga projet pour Total. Finalement, ce sont les Turcs qui ont construit l\u2019a\u00e9roport, et la part de Total a \u00e9t\u00e9 extr\u00eamement r\u00e9duite dans le contrat. Macron esp\u00e8re faire des affaires de cette fa\u00e7on, mais \u00e7a ne fonctionne pas.<\/p>\n<p><strong>LE FIGARO. &#8211; \u00c0 vous entendre, la France appara\u00eet presque comme l\u2019idiot utile dans cette affaire\u2026 <\/strong><\/p>\n<p>&#8211; Je dirais plut\u00f4t que la France est le na\u00eff utile, qui pense qu\u2019il va tirer les dividendes de la situation et que le r\u00e9gime va se d\u00e9radicaliser. C\u2019est une analyse superficielle de la complexit\u00e9 de la Syrie et du Moyen-Orient. Mais \u00e7a ne m\u2019\u00e9tonne pas : en 2011-2012, la France pensait qu\u2019Assad allait tomber rapidement\u2026<\/p>\n<p><strong> LE FIGARO. &#8211; Depuis sa prise de pouvoir, al-Charaa tente de faire oublier son pass\u00e9 de djihadiste et de pr\u00e9senter un nouveau visage. Mais au-del\u00e0 des apparences, a-t-il r\u00e9ellement chang\u00e9 ? Ou l\u2019Europe se laisse-t-elle duper ? <\/strong><\/p>\n<p>&#8211; Les Europ\u00e9ens se laissent berner parce qu\u2019ils prennent un peu leurs r\u00eaves pour des r\u00e9alit\u00e9s. Ils voudraient absolument que la Syrie se stabilise pour \u00e9viter de nouvelles vagues de migration et pour \u00e9viter qu\u2019elle devienne un sanctuaire pour terroristes qui lanceraient des attentats en Europe. Alors ils se disent qu\u2019ils vont l\u2019aider \u00e0 se stabiliser pour \u00e9viter ces \u00e9cueils. Mais pour moi, ils se trompent, parce que si al-Charaa montre pour l\u2019instant des signes de d\u00e9radicalisation, c\u2019est parce qu\u2019il est faible et qu\u2019il a besoin d\u2019argent. Le jour o\u00f9 il sera fort, on verra son vrai visage r\u00e9appara\u00eetre, y compris \u00e0 l\u2019\u00e9gard des Occidentaux. Pour l\u2019instant, sur le papier, il coche toutes les cases parce qu\u2019il est tr\u00e8s bien conseill\u00e9, par des communicants occidentaux, par les Turcs, les Qatariens, qui lui expliquent comment il faut faire.<\/p>\n<p>Al-Charaa est un pragmatique. Ce qui ne signifie pas qu\u2019il est mod\u00e9r\u00e9. C\u2019est un radical. Une fois que son pouvoir sera stabilis\u00e9, il construira le califat comme il en a toujours r\u00eav\u00e9. Il a besoin de cinq ans pour stabiliser son pouvoir et obtenir une aide qui lui permette de le faire. Ensuite, il balayera toutes ces promesses. Il a quand m\u00eame promu dans son \u00e9tat-major des djihadistes internationalistes. Il s\u2019appuie sur des groupes qui sont toujours membres d\u2019al Qaida.<\/p>\n<p>&nbsp;<\/p>\n<p><em>Fabrice Balanche est ma\u00eetre de conf\u00e9rences en g\u00e9ographie \u00e0 l\u2019Universit\u00e9 Lyon 2. Sp\u00e9cialiste de la Syrie et du Moyen-Orient, il est notamment l\u2019auteur des Le\u00e7ons de la crise syrienne(Odile Jacob, 2024).<\/em><\/p>\n<h2><\/h2>\n<p><a href=\"https:\/\/www.lefigaro.fr\/international\/al-charaa-en-visite-a-paris-les-europeens-se-laissent-berner-parce-qu-ils-prennent-leurs-reves-pour-des-realites-20250506\">LE FIGARO<\/a><\/p>\n","protected":false},"excerpt":{"rendered":"<p>En recevant mercredi le dirigeant syrien pour sa premi\u00e8re visite en Europe, la France fait preuve de \u00ab na\u00efvet\u00e9 \u00bb, pensant qu\u2019elle va \u00ab tirer les dividendes de la situation \u00bb, analyse Fabrice Balanche. &nbsp; &nbsp; &nbsp; &#8211; LE FIGARO.- Pour sa premi\u00e8re visite en Europe, Ahmed al-Charaa sera re\u00e7u mercredi \u00e0 Paris par Emmanuel<\/p>\n","protected":false},"author":3358,"featured_media":185814,"comment_status":"open","ping_status":"open","sticky":false,"template":"","format":"standard","meta":{"_uf_show_specific_survey":0,"_uf_disable_surveys":false,"footnotes":""},"categories":[37],"tags":[],"class_list":{"0":"post-185801","1":"post","2":"type-post","3":"status-publish","4":"format-standard","5":"has-post-thumbnail","7":"category-alaune-fr"},"aioseo_notices":[],"_links":{"self":[{"href":"https:\/\/middleeasttransparent.com\/fr\/wp-json\/wp\/v2\/posts\/185801","targetHints":{"allow":["GET"]}}],"collection":[{"href":"https:\/\/middleeasttransparent.com\/fr\/wp-json\/wp\/v2\/posts"}],"about":[{"href":"https:\/\/middleeasttransparent.com\/fr\/wp-json\/wp\/v2\/types\/post"}],"author":[{"embeddable":true,"href":"https:\/\/middleeasttransparent.com\/fr\/wp-json\/wp\/v2\/users\/3358"}],"replies":[{"embeddable":true,"href":"https:\/\/middleeasttransparent.com\/fr\/wp-json\/wp\/v2\/comments?post=185801"}],"version-history":[{"count":0,"href":"https:\/\/middleeasttransparent.com\/fr\/wp-json\/wp\/v2\/posts\/185801\/revisions"}],"wp:featuredmedia":[{"embeddable":true,"href":"https:\/\/middleeasttransparent.com\/fr\/wp-json\/wp\/v2\/media\/185814"}],"wp:attachment":[{"href":"https:\/\/middleeasttransparent.com\/fr\/wp-json\/wp\/v2\/media?parent=185801"}],"wp:term":[{"taxonomy":"category","embeddable":true,"href":"https:\/\/middleeasttransparent.com\/fr\/wp-json\/wp\/v2\/categories?post=185801"},{"taxonomy":"post_tag","embeddable":true,"href":"https:\/\/middleeasttransparent.com\/fr\/wp-json\/wp\/v2\/tags?post=185801"}],"curies":[{"name":"wp","href":"https:\/\/api.w.org\/{rel}","templated":true}]}}