{"id":185693,"date":"2025-05-04T22:51:20","date_gmt":"2025-05-04T21:51:20","guid":{"rendered":"https:\/\/middleeasttransparent.com\/?p=185693"},"modified":"2025-05-04T22:52:27","modified_gmt":"2025-05-04T21:52:27","slug":"robert-ageneau-theologien-il-est-urgent-de-reformer-voire-dabolir-la-papaute","status":"publish","type":"post","link":"https:\/\/middleeasttransparent.com\/fr\/robert-ageneau-theologien-il-est-urgent-de-reformer-voire-dabolir-la-papaute\/","title":{"rendered":"Robert Ageneau, th\u00e9ologien : \u00ab Il est urgent de r\u00e9former, voire d\u2019abolir, la papaut\u00e9 \u00bb"},"content":{"rendered":"<p>&nbsp;<\/p>\n<header class=\"article__header \">\n<div class=\"article__header-wrap\">\n<div class=\"article__heading\">\n<h2 class=\"article__desc\"><strong>L\u2019ancien pr\u00eatre revenu \u00e0 l\u2019\u00e9tat la\u00efc consid\u00e8re le Vatican comme une force de blocage pour l\u2019Eglise catholique. Dans un entretien au \u00ab\u00a0Monde\u00a0\u00bb, celui qui appartient \u00e0 l\u2019aile lib\u00e9rale du catholicisme appelle \u00e0 en finir avec l\u2019autoritarisme papal et \u00e0 revoir en profondeur le fonctionnement de l\u2019institution.<\/strong><\/h2>\n<\/div>\n<p>&nbsp;<\/p>\n<p id=\"js-authors-trigger\" class=\"meta meta__publisher meta__publisher--header\"><span id=\"js-authors-list\" class=\"meta__author meta__author--header\"> Propos recueillis par\u00a0<a class=\"article__author-link\" href=\"\/signataires\/virginie-larousse\/\">Virginie Larousse<\/a> <\/span><\/p>\n<\/div>\n<\/header>\n<section class=\"article__wrapper article__wrapper--premium \">\n<article class=\"article__content old__article-content-single\">\n<figure class=\"article__media\"><noscript> <img decoding=\"async\" src=\"https:\/\/img.lemde.fr\/2025\/04\/30\/0\/0\/2916\/3737\/664\/0\/75\/0\/e9aac26_sirius-fs-upload-1-6zqum8hrs6a9-1746020353615-robert-ageneau.jpg\" alt=\"Robert Ageneau\"> <\/noscript><figcaption class=\"article__legend\" aria-hidden=\"true\"><\/figcaption><\/figure>\n<p class=\"article__paragraph \">N\u00e9 en\u00a01938, Robert Ageneau a \u00e9t\u00e9 directeur de la revue catholique missionnaire <em>Spiritus<\/em>, avant de cofonder les \u00e9ditions L\u2019Harmattan, puis les \u00e9ditions Karthala, au sein desquelles il dirige la collection \u00ab\u00a0Sens et conscience\u00a0\u00bb qui encourage \u00e0 repenser le christianisme. Il a particip\u00e9 \u00e0 l\u2019ouvrage collectif <em>R\u00e9former ou abolir la papaut\u00e9. Un enjeu d\u2019avenir pour l\u2019Eglise catholique<\/em> (Karthala, 166 pages, 20\u00a0euros), paru le 27\u00a0f\u00e9vrier.<\/p>\n<\/article>\n<p><a href=\"https:\/\/middleeasttransparent.com\/fr\/robert-ageneau-theologien-il-est-urgent-de-reformer-voire-dabolir-la-papaute\/reformer-ou-abolire\/\" rel=\"attachment wp-att-185697\"><img fetchpriority=\"high\" decoding=\"async\" class=\"aligncenter size-full wp-image-185697\" src=\"https:\/\/middleeasttransparent.com\/wp-content\/uploads\/2025\/05\/reformer-ou-abolire.png\" alt=\"\" width=\"369\" height=\"601\" srcset=\"https:\/\/middleeasttransparent.com\/wp-content\/uploads\/2025\/05\/reformer-ou-abolire.png 369w, https:\/\/middleeasttransparent.com\/wp-content\/uploads\/2025\/05\/reformer-ou-abolire-150x244.png 150w\" sizes=\"(max-width: 369px) 100vw, 369px\" \/><\/a><\/p>\n<article class=\"article__content old__article-content-single\">\n<h3 class=\"article__question\">Le titre de votre dernier ouvrage, publi\u00e9 deux mois avant la mort du pape Fran\u00e7ois, est volontairement provocateur. Alors que le pontife vient de s\u2019\u00e9teindre, le 21\u00a0avril, ce sujet n\u2019est-il pas tabou\u00a0?<\/h3>\n<p class=\"article__paragraph \">A l\u2019heure o\u00f9 les cardinaux s\u2019appr\u00eatent \u00e0 \u00e9lire un nouveau pape, il peut en effet sembler tabou de se demander si la papaut\u00e9, qui dispose d\u2019un pouvoir absolu sur toute l\u2019Eglise catholique, a encore du sens au milieu des d\u00e9mocraties o\u00f9 les r\u00e8gles sont le d\u00e9bat et la pratique de processus \u00e9lectoraux.<\/p>\n<p class=\"article__paragraph \">Ce sujet est sp\u00e9cifique au catholicisme. Rappelons que le christianisme est bien plus vaste que la seule Eglise catholique et comprend de nombreux courants refusant cat\u00e9goriquement une quelconque pr\u00e9\u00e9minence de Rome. D\u2019ailleurs, les grands schismes qui ont divis\u00e9 les mouvances du christianisme ont en partie \u00e9t\u00e9 caus\u00e9s par le fait que le pape est progressivement devenu bien plus que l\u2019\u00e9v\u00eaque de Rome.<\/p>\n<h3 class=\"article__question\">Vous \u00e9crivez que le pouvoir papal est en contradiction avec l\u2019Evangile. Pourquoi\u00a0?<\/h3>\n<p class=\"article__paragraph \">La primaut\u00e9 de l\u2019Eglise de Rome se fonde sur une parole de J\u00e9sus tir\u00e9e de l\u2019Evangile de Matthieu\u00a0:<em> \u00ab\u00a0Tu es Pierre, et sur cette pierre je b\u00e2tirai mon Eglise.\u00a0\u00bb<\/em> Or, selon la tradition catholique, Pierre aurait fond\u00e9 l\u2019Eglise de Rome, o\u00f9 il serait mort en martyr. Pour autant, cette parole de J\u00e9sus ne se retrouve dans aucun des autres Evangiles du Nouveau Testament. Pierre n\u2019y est d\u2019ailleurs pas toujours d\u00e9peint de mani\u00e8re flatteuse, puisqu\u2019il aurait reni\u00e9 J\u00e9sus avant sa crucifixion.<\/p>\n<p class=\"article__paragraph \">Dans les Actes des ap\u00f4tres et les lettres de Paul \u2013 les documents les plus anciens du christianisme \u2013, d\u2019autres membres de la jeune communaut\u00e9 chr\u00e9tienne jouent aussi un r\u00f4le important\u00a0: Paul, Barnab\u00e9 ou Jacques, par exemple. L\u2019\u00e9p\u00eetre aux Galates, qui date du milieu du I<sup>er<\/sup>\u00a0si\u00e8cle, montre ainsi que lors du conflit d\u2019Antioche, qui portait sur la mani\u00e8re d\u2019int\u00e9grer aux premiers chr\u00e9tiens d\u2019origine juive des pa\u00efens non circoncis, les ap\u00f4tres proc\u00e9d\u00e8rent \u00e0 une r\u00e9union d\u00e9lib\u00e9rative (appel\u00e9e \u00ab\u00a0concile de J\u00e9rusalem\u00a0\u00bb) qui supprima l\u2019obligation de la circoncision. En somme, la primaut\u00e9 de la figure de Pierre n\u2019a rien d\u2019une \u00e9vidence et les questions \u00e9taient tranch\u00e9es de mani\u00e8re coll\u00e9giale dans les premiers temps du christianisme.<\/p>\n<h3 class=\"article__question\">Qu\u2019est-ce qui, dans votre r\u00e9flexion, justifierait une profonde r\u00e9forme de la papaut\u00e9\u00a0?<\/h3>\n<p class=\"article__paragraph \">Ce qu\u2019il faudrait r\u00e9former d\u2019urgence, c\u2019est la verticalit\u00e9 de l\u2019Eglise catholique, qui d\u00e9pend de ce super \u00e9v\u00eaque qu\u2019on appelle le pape. Le jour de son \u00e9lection, il est rev\u00eatu d\u2019un caract\u00e8re sacr\u00e9 et fait figure de vicaire du Christ sur Terre. Il devient l\u2019objet d\u2019une \u00ab papol\u00e2trie \u00bb enseign\u00e9e aux catholiques d\u00e8s leur enfance.<\/p>\n<p class=\"article__paragraph \">De fait, le pape se r\u00e9serve le droit d\u2019arbitrer seul les d\u00e9bats, les synodes r\u00e9unissant les \u00e9v\u00eaques n\u2019ayant qu\u2019un r\u00f4le purement consultatif. Ainsi, lors du <a href=\"https:\/\/www.lemonde.fr\/societe\/article\/2019\/10\/28\/quelle-est-la-portee-du-synode-sur-l-amazonie-pour-l-eglise-catholique_6017243_3224.html\">synode sur l\u2019Amazonie, en\u00a02019<\/a>, le pape Fran\u00e7ois s\u2019est oppos\u00e9 \u00e0 la proposition de la majorit\u00e9 des \u00e9v\u00eaques de rendre possible l\u2019ordination d\u2019hommes mari\u00e9s, face \u00e0 la p\u00e9nurie de pr\u00eatres dans cette vaste r\u00e9gion. De m\u00eame, lors du <a href=\"https:\/\/www.lemonde.fr\/le-monde-des-religions\/article\/2023\/10\/01\/reforme-de-l-eglise-qu-est-ce-qu-un-synode-et-pourquoi-celui-qui-s-ouvre-le-4-octobre-est-il-historique_6191842_6038514.html\">synode sur la synodalit\u00e9<em> [c\u2019est-\u00e0-dire sur l\u2019organisation de l\u2019Eglise]<\/em>, en 2023-2024<\/a>, il a ignor\u00e9 les propositions \u00e9manant de l\u2019\u00e9piscopat allemand sur la place des la\u00efcs et des femmes dans l\u2019Eglise. Au final, on peut dire que la papaut\u00e9 repr\u00e9sente une force de blocage pour l\u2019Eglise catholique, c\u2019est pourquoi il est urgent de la r\u00e9former ou de l\u2019abolir.<\/p>\n<h3 class=\"article__question\">Le concile Vatican II (1962-1965) n\u2019avait-il pas pr\u00e9cis\u00e9ment vocation \u00e0 impulser cet aggiornamento\u00a0?<\/h3>\n<p class=\"article__paragraph \">Ce concile a constitu\u00e9 un \u00e9v\u00e9nement majeur et lev\u00e9 une grande esp\u00e9rance apr\u00e8s des d\u00e9cennies de condamnations visant l\u2019aile moderniste du catholicisme. En effet, depuis la fin du XIX<sup>e<\/sup>\u00a0si\u00e8cle, des penseurs chr\u00e9tiens ont appel\u00e9 le catholicisme \u00e0 se mettre en phase avec les \u00e9volutions de la soci\u00e9t\u00e9 et du savoir. Malheureusement, ce courant lib\u00e9ral, qui invitait \u00e0 promouvoir le d\u00e9bat et la libert\u00e9 d\u2019interpr\u00e9tation, a \u00e9t\u00e9 condamn\u00e9 par le pape Pie\u00a0X en\u00a01907 \u2013 m\u00eame si une aile lib\u00e9rale a subsist\u00e9 \u00e0 travers des la\u00efcs ou des th\u00e9ologiens comme Pierre Teilhard de Chardin <em>[1881-1955]<\/em>, Marcel L\u00e9gaut <em>[1900-1990]<\/em> et bien d\u2019autres.<\/p>\n<p class=\"article__paragraph \">Conscient des blocages, le pape Jean XXIII avait d\u00e9cid\u00e9 d\u2019organiser le concile Vatican II pour entamer un vaste mouvement de r\u00e9forme. Malheureusement, le retard \u00e9tait tel qu\u2019il \u00e9tait impossible d\u2019aller tr\u00e8s loin. Surtout, le d\u00e9c\u00e8s de Jean XXIII, en 1963, pendant le concile s\u2019est sold\u00e9 par une reprise en main de son successeur, le pape Paul VI, qui a par exemple retir\u00e9 de l\u2019ordre du jour le sujet du contr\u00f4le des naissances.<\/p>\n<p class=\"article__paragraph \">Lorsque le concile s\u2019est achev\u00e9, la curie romaine a repris le dessus, tandis que les papes Paul VI, Jean Paul II et Beno\u00eet XVI sont revenus \u00e0 une pratique ant\u00e9conciliaire r\u00e9ticente \u00e0 donner la parole \u00e0 l\u2019ensemble des \u00e9v\u00eaques. Les pr\u00e9rogatives du pape ont \u00e9t\u00e9 reconduites sans r\u00e9examen de son r\u00f4le. Les synodes sont con\u00e7us uniquement comme des lieux de conseil du pape, mais n\u2019ont aucun r\u00f4le d\u00e9lib\u00e9ratif.<\/p>\n<h3 class=\"article__question\">Le pontificat de Fran\u00e7ois vous para\u00eet-il avoir accentu\u00e9 ou au contraire infl\u00e9chi cette verticalit\u00e9\u00a0?<\/h3>\n<p class=\"article__paragraph \">Fran\u00e7ois a certes apport\u00e9 un air nouveau, \u00e9tant le premier pape d\u2019Am\u00e9rique latine. Il a impos\u00e9 sa marque avec ses prises de position sur les migrants et les pauvres, <a href=\"https:\/\/www.lemonde.fr\/europe\/article\/2014\/12\/22\/alzheimer-spirituel-narcissisme-le-severe-proces-du-pape-fait-a-la-curie_4545034_3214.html\">sa critique de \u00ab\u00a0l\u2019Alzheimer spirituel\u00a0\u00bb<\/a> des cardinaux de la curie, ses textes stimulants, comme <em>Evangelii gaudium<\/em> (\u00ab\u00a0La joie de l\u2019Evangile\u00a0\u00bb) et <em>Laudato si\u2019 <\/em>(\u00ab Lou\u00e9 sois-tu \u00bb).<\/p>\n<\/article>\n<\/section>\n<section class=\"article__wrapper article__wrapper--premium \">\n<article class=\"article__content old__article-content-single\">\n<p class=\"article__paragraph \">N\u00e9anmoins, il n\u2019a pas du tout infl\u00e9chi l\u2019autoritarisme papal. A partir des ann\u00e9es 2016-2017, il a ressorti des th\u00e8mes comme ceux de la sexualit\u00e9 et de l\u2019avortement, <a href=\"https:\/\/www.lemonde.fr\/international\/article\/2024\/10\/17\/en-belgique-les-propos-du-pape-sur-les-medecins-tueurs-a-gage-pratiquant-l-avortement-provoquent-une-vague-de-debaptisations_6353939_3210.html\">traitant les m\u00e9decins le pratiquant de <em>\u00ab<\/em>\u00a0tueurs \u00e0 gages\u00a0\u00bb<\/a> et Kamala Harris, alors en pleine campagne pour la pr\u00e9sidentielle am\u00e9ricaine, de<a href=\"https:\/\/www.lemonde.fr\/international\/article\/2024\/09\/14\/le-pape-francois-renvoie-dos-a-dos-kamala-harris-et-donald-trump-deux-candidats-contre-la-vie_6317053_3210.html\"> candidate \u00ab\u00a0qui tue les enfants\u00a0\u00bb<\/a>. On a vu comment, en Amazonie, il <a href=\"https:\/\/www.lemonde.fr\/societe\/article\/2020\/02\/12\/le-pape-ne-retient-pas-l-idee-d-ordonner-pretres-des-hommes-maries-en-amazonie_6029326_3224.html\">a ferm\u00e9 la porte \u00e0 l\u2019ordination des hommes mari\u00e9s<\/a>.<\/p>\n<p class=\"article__paragraph \">Les synodes qu\u2019il a conduits n\u2019ont pas \u00e9t\u00e9 marqu\u00e9s par la moindre ouverture dogmatique ou de relativit\u00e9. Il s\u2019est refus\u00e9 \u00e0 changer quoi que ce soit dans l\u2019expression de la foi catholique <em>[le Credo]<\/em> \u00e9labor\u00e9e au IV<sup>e<\/sup> et V<sup>e<\/sup> si\u00e8cles, laquelle ne fait plus vraiment sens pour nombre de chr\u00e9tiens, puisque la divinit\u00e9 de J\u00e9sus et la Trinit\u00e9 y sont d\u00e9finies \u00e0 partir d\u2019une lecture litt\u00e9rale des Evangiles et de repr\u00e9sentations pr\u00e9scientifiques.<\/p>\n<h3 class=\"article__question\">Mais cette centralit\u00e9 de l\u2019Eglise catholique n\u2019est-elle pas, pr\u00e9cis\u00e9ment, ce qui lui a permis de s\u2019imposer de mani\u00e8re universelle \u00e0 travers les si\u00e8cles\u00a0?<\/h3>\n<p class=\"article__paragraph \">Bien s\u00fbr, cette organisation a jou\u00e9 en sa faveur, notamment en terre de mission, car l\u2019Eglise catholique se trouvait en position de force par rapport aux autres courants chr\u00e9tiens moins organis\u00e9s. C\u2019est d\u2019ailleurs ce qui a amen\u00e9 les protestants \u00e0 jeter \u00e0 Edimbourg, en\u00a01910, les bases du Conseil \u0153cum\u00e9nique des Eglises, une organisation non gouvernementale qui rassemble toutes les tendances du christianisme \u2013 \u00e0 l\u2019exception de l\u2019Eglise catholique, qui refuse d\u2019y si\u00e9ger.<\/p>\n<h3 class=\"article__question\">Vous insistez sur la perte massive d\u2019influence du catholicisme dans nos soci\u00e9t\u00e9s. Pourtant, le nombre de catholiques dans le monde continue d\u2019augmenter. D\u00e8s lors, faut-il vraiment s\u2019inqui\u00e9ter de son avenir\u00a0?<\/h3>\n<p class=\"article__paragraph \">Je pense que si le catholicisme ne change pas, il se r\u00e9duira \u00e0 peau de chagrin ou mourra. C\u2019est le cas en France, o\u00f9 la pratique dominicale avoisine aujourd\u2019hui les 2\u00a0% de la population. En Am\u00e9rique latine, les conversions vers des mouvements \u00e9vang\u00e9liques sont nombreuses. En Asie, l\u2019Eglise catholique est minoritaire.<\/p>\n<p class=\"article__paragraph \">Il est vrai que le catholicisme est plus dynamique en Afrique, mais dans des pays souvent marqu\u00e9s par des r\u00e9gimes politiques qui laissent peu de place \u00e0 la contestation de l\u2019autorit\u00e9. On peut cependant penser qu\u2019avec l\u2019\u00e9ducation, l\u2019urbanisation et l\u2019\u00e9volution de sa jeunesse, ce continent <em>s<\/em>era peu \u00e0 peu marqu\u00e9 par une d\u00e9prise de l\u2019influence catholique. Finalement, malgr\u00e9 le faste de l\u2019Eglise et les cam\u00e9ras actuellement focalis\u00e9es sur le Vatican, il est \u00e0 craindre que, si le futur pape se montre incapable de dire quelque chose de neuf, le catholicisme r\u00e9gresse ou devienne plus fondamentaliste.<\/p>\n<h3 class=\"article__question\">Quel type de fonctionnement proposez-vous concr\u00e8tement\u00a0?<\/h3>\n<p class=\"article__paragraph \">Il faut que le pape soit d\u00e9barrass\u00e9 de son caract\u00e8re absolu de repr\u00e9sentant du Christ. Son statut de chef incontest\u00e9 de l\u2019Eglise catholique doit lui \u00eatre retir\u00e9, ou au moins relativis\u00e9. La papaut\u00e9 doit restaurer les synodes et les conciles d\u00e9lib\u00e9ratifs \u2013 quitte \u00e0 ce qu\u2019elle devienne une sorte de secr\u00e9tariat g\u00e9n\u00e9ral, comme c\u2019est le cas pour le Conseil \u0153cum\u00e9nique des Eglises.<\/p>\n<p class=\"article__paragraph \">Il faudrait aussi avoir le courage de repenser certains dogmes ou des points de discipline, tels que le c\u00e9libat des pr\u00eatres, qui va \u00e0 l\u2019encontre des droits humains fondamentaux. La D\u00e9claration universelle des droits de l\u2019homme <em>[1948]<\/em> fait ainsi figurer le mariage parmi ces droits. Au nom de quoi l\u2019institution catholique se r\u00e9serve-t-elle le droit de ne pas respecter ce point ? Elle pourrait inviter les pr\u00eatres au c\u00e9libat sans pour autant l\u2019imposer.<\/p>\n<p class=\"article__paragraph \">Ne parlons pas du statut des femmes, qui, depuis le XX<sup>e<\/sup>\u00a0si\u00e8cle, ont acquis des libert\u00e9s et des droits dans la soci\u00e9t\u00e9 civile et dans la vie politique que la papaut\u00e9 refuse obstin\u00e9ment\u00a0: rappelons que Fran\u00e7ois s\u2019est cat\u00e9goriquement oppos\u00e9 \u00e0 l\u2019ordination de femmes diacres.<\/p>\n<h3 class=\"article__question\">Vous semblez sceptique quant \u00e0 la capacit\u00e9 de l\u2019Eglise catholique de mener \u00e0 bien un tel chantier de r\u00e9formes, puisque vous proposez finalement d\u2019abolir la papaut\u00e9, mesure radicale\u2026<\/h3>\n<p class=\"article__paragraph \">L\u2019id\u00e9e que l\u2019on puisse abolir la papaut\u00e9 est certainement utopique. Pour autant, le christianisme n\u2019a que deux mille ans. Il n\u2019y a aucune raison de penser qu\u2019il doive rester immuable dans ses dogmes et son fonctionnement. L\u2019Eglise ne se situe pas en dehors de l\u2019histoire humaine\u00a0: \u00e0 l\u2019instar de toute institution, elle n\u2019est pas condamn\u00e9e \u00e0 \u00eatre fig\u00e9e.<\/p>\n<h3 class=\"article__question\">A l\u2019aube de l\u2019ouverture du conclave, quel est le rapport de force, selon vous, entre les diff\u00e9rentes tendances du catholicisme\u00a0?<\/h3>\n<p class=\"article__paragraph \">Les cardinaux vont privil\u00e9gier quelqu\u2019un qui se situe dans la lign\u00e9e du style de Fran\u00e7ois, \u00e0 savoir un pape soucieux de s\u2019investir en faveur des pauvres et de pr\u00eacher l\u2019Evangile. Mais sur le dogme, la primaut\u00e9 de Pierre, la synodalit\u00e9, je vois difficilement un papabile qui ait la surface morale et spirituelle pour revoir des r\u00e8gles fondamentales afin de favoriser davantage de libert\u00e9 dans l\u2019Eglise. Il se dit souvent que c\u2019est par peur du schisme\u00a0; pourtant, le schisme est silencieux chez beaucoup de catholiques, surtout en Europe.<\/p>\n<\/article>\n<p>&nbsp;<\/p>\n<article class=\"article__content old__article-content-single\">\n<section class=\"catcher catcher--last js-catcher\">\n<div class=\"catcher__title\">\u00ab\u00a0R\u00e9former ou abolir la papaut\u00e9\u00a0\u00bb\u00a0: un enjeu d\u2019avenir pour l\u2019Eglise catholique<\/div>\n<div class=\"catcher__desc\">\n<p class=\"article__paragraph \">Proposant une remise en question radicale du r\u00f4le du pape dans l\u2019Eglise catholique, l\u2019ouvrage collectif <em>R\u00e9former ou abolir la papaut\u00e9. Un enjeu d\u2019avenir pour l\u2019Eglise catholique<\/em> (Karthala, 166\u00a0pages, 20\u00a0euros) \u00e9mane d\u2019un groupe de chr\u00e9tiens progressistes qui n\u2019ont que tr\u00e8s rarement voix au chapitre au sein de l\u2019institution et des m\u00e9dias catholiques, tant leur parole d\u00e9range. Aux c\u00f4t\u00e9s de l\u2019ancien pr\u00eatre Robert Ageneau, le th\u00e9ologien basque Jos\u00e9 Arregi, l\u2019ancien aum\u00f4nier catholique de prison Paul Fleuret, ainsi que Jacques Musset, longtemps animateur de groupes bibliques dans le dioc\u00e8se de Nantes, et un protestant, le pasteur Gilles Castelnau.<\/p>\n<p class=\"article__paragraph \">Revenant, dans des pages stimulantes, sur les origines de l\u2019institution et son \u00e9volution dans le temps, les auteurs montrent que la papaut\u00e9 s\u2019est toujours situ\u00e9e \u00e0 rebours de la masse des fid\u00e8les catholiques. Un exemple \u00e9loquent parmi d\u2019autres\u00a0: l\u2019encyclique <em>Humanae vitae <\/em>(\u00ab\u00a0De la vie humaine\u00a0\u00bb, 1968) du pape Paul VI qui, en condamnant la contraception, provoqua la stupeur d\u2019une grande partie des catholiques.<\/p>\n<p class=\"article__paragraph \">Pour ces penseurs, il est essentiel que le pape sorte de sa position surplombante et redonne aux catholiques plus de libert\u00e9 et de capacit\u00e9s d\u2019innovation \u2013 en s\u2019inspirant \u00e9ventuellement de l\u2019organisation d\u2019autres confessions chr\u00e9tiennes.<\/p>\n<section class=\"catcher catcher--reference js-catcher \">\n<p class=\"catcher__desc\">\n<\/section>\n<figure class=\"article__media\"><figcaption class=\"article__legend\" aria-hidden=\"true\"><a href=\"https:\/\/www.lemonde.fr\/le-monde-des-religions\/article\/2025\/05\/04\/robert-ageneau-theologien-il-est-urgent-de-reformer-voire-d-abolir-la-papaute_6602793_6038514.html\"><strong>LE MONDE<\/strong><\/a><\/figcaption><\/figure>\n<\/div>\n<\/section>\n<\/article>\n<\/section>\n","protected":false},"excerpt":{"rendered":"<p>&nbsp; L\u2019ancien pr\u00eatre revenu \u00e0 l\u2019\u00e9tat la\u00efc consid\u00e8re le Vatican comme une force de blocage pour l\u2019Eglise catholique. Dans un entretien au \u00ab\u00a0Monde\u00a0\u00bb, celui qui appartient \u00e0 l\u2019aile lib\u00e9rale du catholicisme appelle \u00e0 en finir avec l\u2019autoritarisme papal et \u00e0 revoir en profondeur le fonctionnement de l\u2019institution. &nbsp; Propos recueillis par\u00a0Virginie Larousse N\u00e9 en\u00a01938, Robert<\/p>\n","protected":false},"author":134,"featured_media":185694,"comment_status":"open","ping_status":"open","sticky":false,"template":"","format":"standard","meta":{"_uf_show_specific_survey":0,"_uf_disable_surveys":false,"footnotes":""},"categories":[37],"tags":[],"class_list":{"0":"post-185693","1":"post","2":"type-post","3":"status-publish","4":"format-standard","5":"has-post-thumbnail","7":"category-alaune-fr"},"aioseo_notices":[],"_links":{"self":[{"href":"https:\/\/middleeasttransparent.com\/fr\/wp-json\/wp\/v2\/posts\/185693","targetHints":{"allow":["GET"]}}],"collection":[{"href":"https:\/\/middleeasttransparent.com\/fr\/wp-json\/wp\/v2\/posts"}],"about":[{"href":"https:\/\/middleeasttransparent.com\/fr\/wp-json\/wp\/v2\/types\/post"}],"author":[{"embeddable":true,"href":"https:\/\/middleeasttransparent.com\/fr\/wp-json\/wp\/v2\/users\/134"}],"replies":[{"embeddable":true,"href":"https:\/\/middleeasttransparent.com\/fr\/wp-json\/wp\/v2\/comments?post=185693"}],"version-history":[{"count":0,"href":"https:\/\/middleeasttransparent.com\/fr\/wp-json\/wp\/v2\/posts\/185693\/revisions"}],"wp:featuredmedia":[{"embeddable":true,"href":"https:\/\/middleeasttransparent.com\/fr\/wp-json\/wp\/v2\/media\/185694"}],"wp:attachment":[{"href":"https:\/\/middleeasttransparent.com\/fr\/wp-json\/wp\/v2\/media?parent=185693"}],"wp:term":[{"taxonomy":"category","embeddable":true,"href":"https:\/\/middleeasttransparent.com\/fr\/wp-json\/wp\/v2\/categories?post=185693"},{"taxonomy":"post_tag","embeddable":true,"href":"https:\/\/middleeasttransparent.com\/fr\/wp-json\/wp\/v2\/tags?post=185693"}],"curies":[{"name":"wp","href":"https:\/\/api.w.org\/{rel}","templated":true}]}}