{"id":185614,"date":"2025-05-03T22:03:20","date_gmt":"2025-05-03T21:03:20","guid":{"rendered":"https:\/\/middleeasttransparent.com\/?p=185614"},"modified":"2025-05-03T22:03:20","modified_gmt":"2025-05-03T21:03:20","slug":"trump-veut-un-pape-a-son-image","status":"publish","type":"post","link":"https:\/\/middleeasttransparent.com\/fr\/trump-veut-un-pape-a-son-image\/","title":{"rendered":"Trump veut un pape \u00e0 son image"},"content":{"rendered":"<p>L\u2019HOMME EST UN RUSTRE et son ego est d\u00e9mesur\u00e9, tout le monde le sait. Plut\u00f4t que d\u2019ob\u00e9ir hier au strict protocole du Vatican qui l\u2019avait plac\u00e9 au troisi\u00e8me rang \u00e0 la droite de l\u2019autel, Donald Trump a jug\u00e9 bon de faire un caprice. Lors des fun\u00e9railles de ce pape qu\u2019il conspuait, il voulait \u00eatre aux premi\u00e8res loges pour le voir partir. \u00c0 gauche de l\u2019autel figuraient <strong>dix des cardinaux am\u00e9ricains qui participeront au conclave, dont sept avaient des positions plut\u00f4t proches de celles du pape Fran\u00e7ois. Et deux en particulier, qui s\u2019\u00e9taient exprim\u00e9s publiquement contre les m\u00e9thodes ou la politique de Donald Trump<\/strong>. Le premier cardinal afro-am\u00e9ricain, <strong>Wilton Gregory,<\/strong> exarchev\u00eaque de Washington et d\u2019Atlanta, avait critiqu\u00e9 au cours du premier mandat du milliardaire son discours \u00ab g\u00e9n\u00e9rateur de divisions \u00bb. Plus r\u00e9cemment, en f\u00e9vrier, son successeur dans la capitale am\u00e9ricaine,<strong> le cardinal Robert McElroy<\/strong>, n\u2019avait pas h\u00e9sit\u00e9, en pleine messe \u00e0 San Diego, \u00e0 parler de la \u00ab guerre de la peur et de la terreur \u00bb impos\u00e9e par le gouvernement de Trump contre les migrants. D\u00e9j\u00e0 en 2018, lorsque le pr\u00e9sident am\u00e9ricain s\u2019\u00e9tait d\u00e9plac\u00e9 \u00e0 la fronti\u00e8re pour voir les progr\u00e8s dans la construction du mur entre les \u00c9tats-Unis et le Mexique, le dignitaire catholique avait eu cette phrase : \u00ab C\u2019est un jour triste pour notre pays lorsque nous \u00e9changeons le symbolisme majestueux et plein d\u2019espoir de la statue de la Libert\u00e9 contre un mur inefficace et grotesque. \u00bb<\/p>\n<p>MAIS DONALD TRUMP n\u2019a que faire de ces cardinaux qui lui sont hostiles. <strong>Trois autres sont plus proches de ses th\u00e8ses, dont le fameux Raymond Burke, chef de file du courant ultra-traditionaliste au sein de l\u2019\u00c9glise catholique am\u00e9ricaine<\/strong>. Ce dernier avait os\u00e9 d\u00e9fier le pape d\u00e8s 2016 en critiquant son texte de recommandations postsynodales Amoris laetitia. \u00c0 ses yeux, il \u00e9tait scandaleux que l\u2019\u00c9glise puisse ouvrir les bras aux divorc\u00e9s-remari\u00e9s. En 2023, il se joignait \u00e0 d\u2019autres frondeurs pour \u00ab douter \u00bb de l\u2019utilit\u00e9 de d\u00e9battre de la b\u00e9n\u00e9diction \u00e0 accorder \u00e0 des couples non mari\u00e9s de m\u00eame sexe ou de l\u2019ordination des femmes.<\/p>\n<p>Donald Trump sait que ce conservatisme catholique, qui s\u2019exprime davantage dans les \u00e9glises et les s\u00e9minaires, les associations et les fondations financ\u00e9es par de tr\u00e8s riches m\u00e9c\u00e8nes r\u00e9actionnaires, est bien plus puissant et repr\u00e9sentatif que les hommes \u00e0 la pourpre. <strong>Entre sa premi\u00e8re victoire pr\u00e9sidentielle en 2016 et la seconde en 2024, le vote catholique en sa faveur est pass\u00e9 de 52 % \u00e0 58 %.<\/strong><\/p>\n<p>CERTES, tous les catholiques am\u00e9ricains pratiquants ne sont pas forc\u00e9ment d\u2019extr\u00eame droite. Pr\u00e8s de la moiti\u00e9 d\u2019entre eux sont aussi d\u2019origine hispanique, avec des visions partag\u00e9es sur la politique migratoire ou la politique sociale de l\u2019\u00c9tat f\u00e9d\u00e9ral. Mais dans la lutte pour la conqu\u00eate de cet \u00e9lectorat si particulier, presque aussi important sur le plan strat\u00e9gique que celui de la droite \u00e9vang\u00e9lique, il faut revenir \u00e0 ce que disait l\u2019un des artisans de ce combat, le fameux et si sulfureux conseiller de l\u2019ombre <strong>Steve Bannon.<\/strong> \u00ab La hi\u00e9rarchie catholique am\u00e9ricaine est dans un si sale \u00e9tat qu\u2019elle essaie, le plus cyniquement du monde, de se refaire une sant\u00e9 en remplissant ses \u00e9glises vides d\u2019immigr\u00e9s latinos catholiques, confiait-il en 2019 \u00e0 la revue fran\u00e7aise Politique internationale. Les \u00e9v\u00eaques n\u2019ont rien compris \u00e0 ce ph\u00e9nom\u00e8ne. Le Parti r\u00e9publicain, de son c\u00f4t\u00e9, ne s\u2019y oppose gu\u00e8re : il a toujours \u00e9t\u00e9 favorable \u00e0 un capitalisme embaucheur d\u2019immigr\u00e9s peu qualifi\u00e9s et pay\u00e9s une mis\u00e8re. \u00bb<\/p>\n<p><strong>AUJOURD\u2019HUI, ce m\u00eame \u00e9piscopat am\u00e9ricain est tiraill\u00e9 aux extr\u00eames. La plupart des grandes ONG catholiques, tr\u00e8s actives sur le plan humanitaire aux \u00c9tats-Unis et dans le monde, voient leurs subventions diminu\u00e9es ou \u00e9limin\u00e9es <\/strong>du fait de la politique \u00e0 la tron\u00e7onneuse visant le budget de l\u2019aide f\u00e9d\u00e9rale au d\u00e9veloppement. <strong>Le 8 f\u00e9vrier, la conf\u00e9rence \u00e9piscopale am\u00e9ricaine a m\u00eame licenci\u00e9 un tiers de ses effectifs vou\u00e9s \u00e0 l\u2019accueil des migrants et des r\u00e9fugi\u00e9s.<\/strong> Sur ce th\u00e8me de la migration, ce n\u2019est donc un secret pour personne que Donald Trump et son vice-pr\u00e9sident, J.D. Vance, converti r\u00e9cemment \u00e0 un catholicisme de combat identitaire, veulent voir un nouveau pape bien plus proche de leurs id\u00e9es. <strong>N\u2019importe qui sauf un disciple de Fran\u00e7ois,<\/strong> en somme. \u00ab Le Vatican et les \u00c9tats-Unis ont longtemps \u00e9t\u00e9 des empires parall\u00e8les, avec des relations compliqu\u00e9es et ambivalentes qui \u00e9vitaient le conflit ouvert, \u00e9crivait r\u00e9cemment dans La Croix le professeur de th\u00e9ologie Massimo Faggioli. Aujourd\u2019hui, avec Trump de retour, ils sont bien partis pour entrer en collision. \u00bb<\/p>\n<p>&nbsp;<\/p>\n<p>&nbsp;<\/p>\n<p><a href=\"https:\/\/www.latribune.fr\/la-tribune-dimanche\/dans-le-monde\/la-chronique-de-francois-clemenceau-donald-trump-veut-un-pape-a-son-image-1023683.html\"><strong>La Tribune Dimanche<\/strong><\/a><\/p>\n<p>&nbsp;<\/p>\n","protected":false},"excerpt":{"rendered":"<p>L\u2019HOMME EST UN RUSTRE et son ego est d\u00e9mesur\u00e9, tout le monde le sait. Plut\u00f4t que d\u2019ob\u00e9ir hier au strict protocole du Vatican qui l\u2019avait plac\u00e9 au troisi\u00e8me rang \u00e0 la droite de l\u2019autel, Donald Trump a jug\u00e9 bon de faire un caprice. Lors des fun\u00e9railles de ce pape qu\u2019il conspuait, il voulait \u00eatre aux<\/p>\n","protected":false},"author":636,"featured_media":185620,"comment_status":"open","ping_status":"open","sticky":false,"template":"","format":"standard","meta":{"_uf_show_specific_survey":0,"_uf_disable_surveys":false,"footnotes":""},"categories":[37],"tags":[],"class_list":{"0":"post-185614","1":"post","2":"type-post","3":"status-publish","4":"format-standard","5":"has-post-thumbnail","7":"category-alaune-fr"},"aioseo_notices":[],"_links":{"self":[{"href":"https:\/\/middleeasttransparent.com\/fr\/wp-json\/wp\/v2\/posts\/185614","targetHints":{"allow":["GET"]}}],"collection":[{"href":"https:\/\/middleeasttransparent.com\/fr\/wp-json\/wp\/v2\/posts"}],"about":[{"href":"https:\/\/middleeasttransparent.com\/fr\/wp-json\/wp\/v2\/types\/post"}],"author":[{"embeddable":true,"href":"https:\/\/middleeasttransparent.com\/fr\/wp-json\/wp\/v2\/users\/636"}],"replies":[{"embeddable":true,"href":"https:\/\/middleeasttransparent.com\/fr\/wp-json\/wp\/v2\/comments?post=185614"}],"version-history":[{"count":0,"href":"https:\/\/middleeasttransparent.com\/fr\/wp-json\/wp\/v2\/posts\/185614\/revisions"}],"wp:featuredmedia":[{"embeddable":true,"href":"https:\/\/middleeasttransparent.com\/fr\/wp-json\/wp\/v2\/media\/185620"}],"wp:attachment":[{"href":"https:\/\/middleeasttransparent.com\/fr\/wp-json\/wp\/v2\/media?parent=185614"}],"wp:term":[{"taxonomy":"category","embeddable":true,"href":"https:\/\/middleeasttransparent.com\/fr\/wp-json\/wp\/v2\/categories?post=185614"},{"taxonomy":"post_tag","embeddable":true,"href":"https:\/\/middleeasttransparent.com\/fr\/wp-json\/wp\/v2\/tags?post=185614"}],"curies":[{"name":"wp","href":"https:\/\/api.w.org\/{rel}","templated":true}]}}