{"id":185244,"date":"2025-04-20T14:40:01","date_gmt":"2025-04-20T13:40:01","guid":{"rendered":"https:\/\/middleeasttransparent.com\/?p=185244"},"modified":"2025-04-20T14:41:03","modified_gmt":"2025-04-20T13:41:03","slug":"cette-vague-de-jeunes-fideles-qui-deferle-sur-leglise-catholique","status":"publish","type":"post","link":"https:\/\/middleeasttransparent.com\/fr\/cette-vague-de-jeunes-fideles-qui-deferle-sur-leglise-catholique\/","title":{"rendered":"Cette vague de jeunes fid\u00e8les qui d\u00e9ferle sur l\u2019\u00c9glise catholique"},"content":{"rendered":"<p><strong>Le car\u00eame, qui conduit \u00e0 la f\u00eate de P\u00e2ques, a r\u00e9v\u00e9l\u00e9 partout dans le pays un engouement inattendu pour la foi de la part d\u2019une nouvelle g\u00e9n\u00e9ration pourtant \u00e9loign\u00e9e de la religion.<\/strong><\/p>\n<p>&nbsp;<\/p>\n<p>Eva Becue, 17 ans, est en classe de terminale dans un lyc\u00e9e de Villepreux (78). Elle sera baptis\u00e9e au cours de la nuit pascale, ce samedi saint, dans sa paroisse. Quelques jours avant le grand rendez-vous, la jeune fille \u00e9tait \u00e0 Lourdes, au milieu de 13 500 jeunes des dioc\u00e8ses d\u2019\u00cele-de-France. Ensemble, ils vivaient le \u00ab Frat \u00bb, abr\u00e9viation de \u00ab fraternel \u00bb, une rencontre organis\u00e9e dans la cit\u00e9 mariale tous les deux ans pour les lyc\u00e9ens franciliens. \u00ab Je suis pr\u00eate, confie-t-elle \u00e0 propos de ce bapt\u00eame tout proche. Je n\u2019attends qu\u2019une chose, c\u2019est d\u2019entrer dans l\u2019avion ! \u00bb L\u2019avion ? L\u2019\u00c9glise catholique, pour cette jeune fille pr\u00eate \u00e0 s\u2019\u00e9lever apr\u00e8s avoir mis un genou \u00e0 terre.<\/p>\n<p>\u00ab Il y a deux ans, je n\u2019allais pas bien, ma vie \u00e9tait compliqu\u00e9e. J\u2019ai tout essay\u00e9 dont la psychologie. Rien n\u2019a march\u00e9, je n\u2019allais pas mieux \u00bb, explique la lyc\u00e9enne aux longs cheveux bruns. Un matin, tout a chang\u00e9 : \u00ab Je me suis r\u00e9veill\u00e9e et je me suis dit : \u201cJe veux suivre J\u00e9sus. C\u2019est maintenant !\u201d \u00bb Elle entre alors dans des \u00e9glises, ach\u00e8te une bible en bande dessin\u00e9e, qu\u2019elle d\u00e9vore, se \u00ab renseigne \u00bb sur le christianisme sur internet et finit par se rendre compte qu\u2019elle a pas mal d\u2019amis \u00ab croyants catholiques \u00bb. Ceux-ci l\u2019encouragent \u00e0 venir \u00e0 l\u2019aum\u00f4nerie du lyc\u00e9e. Elle qui n\u2019est pas d\u2019une famille croyante se d\u00e9cide \u00e0 franchir le pas : \u00ab J\u00e9sus m\u2019a sauv\u00e9e. Je voulais apprendre \u00e0 le conna\u00eetre. J\u2019ai alors demand\u00e9 \u00e0 me pr\u00e9parer au bapt\u00eame. \u00bb<\/p>\n<p>Autour d\u2019Eva, dans la salle \u00e0 manger de l\u2019h\u00f4tel La Solitude, qui porte bien mal son nom ce jour-l\u00e0, des centaines de jeunes finissent des spaghettis \u00e0 la bolognaise dans une ambiance de cantine scolaire. \u00c0 la diff\u00e9rence que cet \u00e9tablissement h\u00f4telier est \u00e0 deux pas de la grotte des apparitions et que le Frat, aussi festif soit-il, est une retraite spirituelle. Apr\u00e8s quatre jours \u00e0 Lourdes, Eva, la jeune cat\u00e9chum\u00e8ne (du nom des baptis\u00e9s volontaires, adolescents ou adultes), conclut sans h\u00e9sitation : \u00ab La joie de ce rassemblement m\u2019a confirm\u00e9e dans ma d\u00e9cision de recevoir le bapt\u00eame : c\u2019est bon, je suis pr\u00eate. J\u2019ai connu la d\u00e9pression. Je me suis accroch\u00e9e \u00e0 J\u00e9sus. C\u2019est le seul qui tire vers le haut. Je suis heureuse ! \u00bb<\/p>\n<p>\u00c9branl\u00e9e par les scandales, encore mis en lumi\u00e8re cette semaine par les derni\u00e8res r\u00e9v\u00e9lations sur l\u2019abb\u00e9 Pierre, l\u2019\u00c9glise de France conna\u00eet aussi une actualit\u00e9 heureuse : un ph\u00e9nom\u00e8ne d\u2019adh\u00e9sion massif et volontaire se produit depuis deux ans, au point que l\u2019\u00c9glise a du mal \u00e0 g\u00e9rer l\u2019afflux de demandes de bapt\u00eames d\u2019adolescents et de jeunes adultes.<\/p>\n<p>Quelques chiffres objectifs, tous v\u00e9rifiables, en donnent la mesure. Ce samedi soir, une fois le grand feu pascal allum\u00e9 sur les parvis des \u00e9glises, il y a aura en France 10 384 bapt\u00eames d\u2019adultes. Il y en avait 5 423 en 2023. \u00c0 ce chiffre s\u2019ajoute celui des bapt\u00eames d\u2019adolescents entre 12 et 18 ans, comme celui d\u2019Eva, qui connaissent une progression encore plus spectaculaire : ils \u00e9taient 2 953 en 2023, ils seront 7 404 en 2025. 17 788 adolescents et adultes seront ainsi baptis\u00e9s, \u00e0 leur demande, dans l\u2019\u00c9glise catholique cette ann\u00e9e. Ce ph\u00e9nom\u00e8ne est certes li\u00e9 \u00e0 la chute drastique des bapt\u00eames \u00e0 la naissance &#8211; un enfant sur deux en l\u2019an 2000, un sur trois en 2024 -, mais rien n\u2019oblige aujourd\u2019hui ces ados et ces adultes \u00e0 pousser les portes des \u00e9glises.<\/p>\n<p>Autre indice : les \u00e9v\u00eaques de France, r\u00e9unis \u00e0 Lourdes en assembl\u00e9e de printemps d\u00e9but avril, ont tous, sans exception, not\u00e9 une affluence record pour la messe des Cendres ouvrant le car\u00eame il y a quarante jours. Vicepr\u00e9sident de la conf\u00e9rence \u00e9piscopale, Mgr Vincent Jordy, archev\u00eaque de Tours, racontait avec des \u00e9toiles dans les yeux, comme beaucoup de ses confr\u00e8res : \u00ab J\u2019avais devant moi une cath\u00e9drale pleine \u00e0 craquer avec plus de 1 000 jeunes de moins de 30 ans que nous ne connaissions pas et dont nous ne savions pas comment ils \u00e9taient arriv\u00e9s l\u00e0. \u00bb<\/p>\n<p>Ancien recteur de l\u2019Institut catholique de Lyon, aujourd\u2019hui pr\u00e9sident recteur d\u00e9l\u00e9gu\u00e9 de l\u2019Institut catholique de Lille, docteur en th\u00e9ologie, le p\u00e8re Thierry Magnin relate, pour sa part : \u00ab 1 400 jeunes se sont pr\u00e9sent\u00e9s aux deux c\u00e9l\u00e9brations des Cendres organis\u00e9es par l\u2019universit\u00e9. Un bon nombre est venu \u00e0 la procession de communion les bras crois\u00e9s, signe qu\u2019ils sont n\u00e9ophytes et n\u2019ont pas fait leur premi\u00e8re communion. La fr\u00e9quentation \u00e9tait au moins 30 % sup\u00e9rieure en 2025 par rapport aux ann\u00e9es pr\u00e9c\u00e9dentes. Ce fut une grande joie d\u2019\u00eatre t\u00e9moin de cette qu\u00eate spirituelle forte. \u00bb Le dioc\u00e8se aux arm\u00e9es, sous la conduite de Mgr Antoine de Romanet, qui organise un p\u00e8lerinage \u00e0 Lourdes du 16 au 18 mai prochain, voit lui aussi ses inscriptions \u00ab bondir de 30 % cette ann\u00e9e, avec pr\u00e8s de 7 000 inscrits et 200 bapt\u00eames pr\u00e9vus, alors que la moiti\u00e9 des participants ont entre 18 et 30 ans. \u00bb<\/p>\n<p>Autre exemple, avec 12 000 inscrits en 2022, 16 000 en 2023, 18 000 en 2024, le p\u00e8lerinage de Chartres pr\u00e9vu en juin prochain, de sensibilit\u00e9 traditionaliste, a d\u00fb suspendre les inscriptions pendant une semaine, quelques jours seulement apr\u00e8s leur ouverture pour l\u2019\u00e9dition 2025, le temps d\u2019absorber une affluence record des demandes \u00ab deux \u00e0 trois fois sup\u00e9rieures \u00e0 celles de 2024 \u00bb selon l\u2019organisation. Enfin, autre indice convergent, les inscriptions au Frat de Lourdes ont augment\u00e9 de 55 % en deux ans pour atteindre 13 500 jeunes cette ann\u00e9e. \u00ab C\u2019est la capacit\u00e9 de l\u2019immense \u00e9glise souterraine de Lourdes, la basilique Saint-Pie-X, et la capacit\u00e9 h\u00f4teli\u00e8re de la ville qui nous ont contraints de bloquer les inscriptions. Sans cela, nous aurions pu rassembler 20 000 jeunes \u00bb, garantit le p\u00e8re Gaultier de Chaill\u00e9, responsable du Frat, \u00e9puis\u00e9 mais heureux \u00e0 la fin de ces intenses journ\u00e9es lourdaises.<\/p>\n<p>Comment expliquer ce qui n\u2019est pas un \u00ab r\u00e9veil \u00bb &#8211; cela supposerait que les jeunes chr\u00e9tiens se seraient endormis &#8211; mais un \u00ab \u00e9veil \u00bb spirituel in\u00e9dit dans l\u2019\u00c9glise de France ? Un \u00e9veil accompagn\u00e9 par une qu\u00eate insatiable de spiritualit\u00e9 constate le p\u00e8re Gaultier de Chaill\u00e9, comme beaucoup de pr\u00eatres pr\u00e9sents : \u00ab Cette g\u00e9n\u00e9ration, qui n\u2019est jamais en silence, attend du silence. Le silence de la pri\u00e8re int\u00e9rieure ne lui fait pas peur. \u00bb Il reconna\u00eet que la proposition liturgique du Frat s\u2019est adapt\u00e9e : \u00ab On est pass\u00e9 du crypto-catho, o\u00f9 il ne fallait pas trop parler de Dieu, au catho cash, explicite ! C\u2019est ce que veulent les jeunes. \u00bb<\/p>\n<p>De fait, il fallait \u00ab entendre \u00bb, mardi soir, apr\u00e8s une entr\u00e9e en mati\u00e8re tr\u00e8s rock, le silence qui s\u2019est impos\u00e9 lors de l\u2019entr\u00e9e d\u2019un ostensoir, porteur d\u2019une large hostie consacr\u00e9e, dans la basilique, ouvrant un long temps d\u2019adoration conduit par Mgr Matthieu Roug\u00e9, \u00e9v\u00eaque de Nanterre. \u00ab Ils sont une g\u00e9n\u00e9ration tr\u00e8s identitaire, sans arri\u00e8re-pens\u00e9es, explique le p\u00e8re Gaultier de Chaill\u00e9. Dans les lyc\u00e9es, ils sont face \u00e0 l\u2019affirmation sereine des jeunes musulmans qui n\u2019h\u00e9sitent pas \u00e0 dire : \u201cJe suis musulman\u201d, ce qui les place maintenant face \u00e0 leurs propres racines chr\u00e9tiennes. Et l\u2019indiff\u00e9rentisme religieux de leurs parents leur donne, paradoxalement, la possibilit\u00e9 d\u2019une adh\u00e9sion choisie, m\u00fbrie, tr\u00e8s personnelle. \u00bb<\/p>\n<p>Ambroise Gambotti, 16 ans, \u00e9l\u00e8ve d\u2019un lyc\u00e9e de Saint-Gemain-en-Laye, confirme : \u00ab On vit dans une soci\u00e9t\u00e9 o\u00f9 la religion est de plus en plus pr\u00e9sente. Cela nous permet de poser des choix libres et individuels. \u00bb Son ami Romain d\u2019Ersu, 17 ans, scolaris\u00e9 dans un lyc\u00e9e public, assure : \u00ab J\u2019ai des amis musulmans qui savent que je suis chr\u00e9tien. On parle de nos points communs, mais on s\u2019explique sur nos diff\u00e9rences. La religion est accept\u00e9e, ce n\u2019est plus du tout un sujet tabou. \u00bb<\/p>\n<p>Curieux, tout de m\u00eame, que ces nouveaux jeunes catholiques fleurissent sans qu\u2019aucune promotion particuli\u00e8re n\u2019ait \u00e9t\u00e9 r\u00e9alis\u00e9e par l\u2019\u00c9glise pour les attirer et alors que les scandales d\u2019abus sexuels ont tout d\u2019un repoussoir.<\/p>\n<p>N\u00e9e avec ces affaires, cette g\u00e9n\u00e9ration n\u2019y est pas indiff\u00e9rente, mais elle fait la part des choses entre la foi et l\u2019institution. Issus d\u2019une m\u00eame aum\u00f4nerie pr\u00e8s de Cr\u00e9teil, Tyvan Emono, 16 ans, d\u2019origine africaine, Tanita Aubr\u00e9e, 17 ans, dont les deux parents sont des chr\u00e9tiens \u00e9vang\u00e9liques et qui a demand\u00e9 le bapt\u00eame dans l\u2019\u00c9glise catholique, et L\u00e9a Magnol-Bouzy, 16 ans, bouclent leurs bagages avant de remonter en \u00cele-de-France. \u00ab Ces scandales ne g\u00eanent pas ma foi, confie cette derni\u00e8re. Il y a des gens bons et des gens mauvais dans tous les domaines. \u00bb<\/p>\n<p>Tyvan ajoute : \u00ab Dans ces scandales, ce n\u2019est pas la religion qui est le probl\u00e8me, ce sont les personnes qui abusent en utilisant la religion. Ces affaires ne sont pas \u00e0 cause de la religion, il y a du bien et du mal partout, ce ne sont pas des bons exemples. \u00bb Sophie Lazzarin, leur accompagnatrice, reconna\u00eet : \u00ab Les jeunes n\u2019en parlent jamais. Les g\u00e9n\u00e9rations pr\u00e9c\u00e9dentes sont davantage interpell\u00e9es par ces scandales. \u00bb Que se passe-t-il donc sur la plan\u00e8te catho ? Cl\u00e9ment Bluteau, 28 ans, a anim\u00e9 le Frat avec son groupe Be Witness (\u00ab soyez des t\u00e9moins \u00bb) et leur musique de rock chr\u00e9tien, tonique et limpide en termes de louanges et d\u2019\u00e9vang\u00e9lisation. La bande conna\u00eet un vrai succ\u00e8s, avec un agenda de concerts quasi complet jusqu\u2019en mai 2026. Au contact r\u00e9gulier de cette nouvelle jeunesse catholique qui conna\u00eet ses chansons par c\u0153ur, Cl\u00e9ment Bluteau explique : \u00ab Contrairement \u00e0 la g\u00e9n\u00e9ration pr\u00e9c\u00e9dente, qui a pu \u00eatre d\u00e9go\u00fbt\u00e9e par l\u2019\u00c9glise, ces jeunes n\u2019ont plus aucun a priori, tout simplement parce qu\u2019ils n\u2019ont rien re\u00e7u. Il n\u2019y a m\u00eame plus la grand-m\u00e8re \u00e0 qui on faisait plaisir en baptisant les petits. Ils n\u2019ont eu aucun cat\u00e9chisme. Nous sommes comme les premiers chr\u00e9tiens face \u00e0 des gens qui ne connaissent pas J\u00e9sus. On voit Dieu \u00e0 l\u2019\u0153uvre qui donne le feu \u00e0 des jeunes qui n\u2019ont plus peur de dire qu\u2019ils croient en J\u00e9sus ! \u00bb<\/p>\n<p>S\u0153ur Bernadette, 86 ans, est la franciscaine qui a \u00e9t\u00e9 reconnue 70e miracul\u00e9e de Lourdes en 2018 pour une gu\u00e9rison inexpliqu\u00e9e du syndrome paralysant de la \u00ab queue de cheval \u00bb dix ans plus t\u00f4t. Parmi les invit\u00e9s du Frat, elle a t\u00e9moign\u00e9 devant quatre groupes de plus de 3 000 jeunes. \u00ab J\u2019ai d\u00e9clench\u00e9 un tonnerre d\u2019applaudissements quand j\u2019ai dit pourquoi j\u2019\u00e9tais contre l\u2019euthanasie, s\u2019enthousiasme-t-elle. Car rien n\u2019est jamais perdu, une vie aussi caboss\u00e9e qu\u2019elle soit, Dieu peut toujours la retourner, jusqu\u2019\u00e0 la fin ! \u00bb Cette religieuse passe une bonne partie de sa vie \u00e0 rencontrer des jeunes dans toute la France. Elle est frapp\u00e9e par l\u2019atmosph\u00e8re de violence dans laquelle baigne cette jeune g\u00e9n\u00e9ration : \u00ab On ne r\u00e9alise pas combien ils ont d\u00e9j\u00e0 une vie heurt\u00e9e par la violence, \u00e0 l\u2019\u00e9cole, dans leur famille, vous n\u2019imaginez pas les confidences que je re\u00e7ois\u2026 Face \u00e0 cette violence, les jeunes ont besoin de se raccrocher \u00e0 l\u2019essentiel. Isol\u00e9s, ils cherchent une fraternit\u00e9. Perdus, ils cherchent un sens \u00e0 leur vie. Depuis deux \u00e0 trois ans, je sens des jeunes qui ont soif, soif de pri\u00e8re, soif de Dieu. \u00bb<\/p>\n<p>Jeune pr\u00eatre en baskets et en soutane, aum\u00f4nier de jeunes de la paroisse Saint-Pierre-de-Montrouge dans le 14e arrondissement de Paris, le p\u00e8re Martin de Laubad\u00e8re confirme : \u00ab Il y a une immense qu\u00eate de sens chez les jeunes, qui, pour beaucoup, trouvent Dieu en se cherchant eux-m\u00eames, mais c\u2019est Dieu qui les trouve. Ce r\u00e9veil ou cet \u00e9veil vient de Dieu, et non de ce que l\u2019\u00c9glise a pu faire. La moiti\u00e9 des cinquante jeunes de mon groupe sont arriv\u00e9s dans l\u2019\u00c9glise par leurs amis, qui osent leur parler de la foi. Il y a un d\u00e9calage entre les sommations du monde &#8211; \u201cAchetez, consommez !\u201d &#8211; et ce qui se passe sur les r\u00e9seaux sociaux, o\u00f9 la question religieuse s\u2019est impos\u00e9e, alors qu\u2019elle est r\u00e9cus\u00e9e dans l\u2019espace public. Il appara\u00eet que les jeunes ont besoin de silence, de c\u0153ur \u00e0 c\u0153ur avec Dieu. \u00bb<\/p>\n<p>Il marche vite pour ne pas \u00eatre en retard. \u00c9v\u00eaque auxiliaire de Paris, Mgr Philippe Marsset va animer dans quelques minutes la session finale du Frat devant les 13 500 jeunes. \u00ab J\u2019ai l\u2019habitude de pr\u00eacher, mais reconnaissez que c\u2019est impressionnant \u00bb, glisse-t-il. Surtout, il confirme : \u00ab 8 % \u00e0 10 % des jeunes \u00a0rassembl\u00e9s ici se pr\u00e9parent au bapt\u00eame ou ne sont pas chr\u00e9tiens. C\u2019est consid\u00e9rable. Cela veut dire que nos r\u00e9seaux cathos sont d\u00e9pass\u00e9s par les r\u00e9seaux sociaux. Tout cela est rapide, il y a un effet boule de neige. Mais il y a une raison plus spirituelle, que saint Paul avait d\u00e9velopp\u00e9e : \u201cL\u00e0 o\u00f9 le p\u00e9ch\u00e9 abonde, la gr\u00e2ce surabonde.\u201d Notre \u00c9glise, indigne des scandales que l\u2019on d\u00e9couvre, fait cette exp\u00e9rience que la gr\u00e2ce du Seigneur est plus importante, plus f\u00e9conde que le p\u00e9ch\u00e9. C\u2019est un peu une r\u00e9surrection apr\u00e8s une mort.<\/p>\n<p>&nbsp;<\/p>\n<p><a href=\"https:\/\/www.lefigaro.fr\/actualite-france\/ils-ont-besoin-de-silence-de-coeur-a-coeur-avec-dieu-cette-vague-de-jeunes-fideles-qui-deferle-sur-l-eglise-20250418\"><strong>LE FIGARO<\/strong><\/a><\/p>\n","protected":false},"excerpt":{"rendered":"<p>Le car\u00eame, qui conduit \u00e0 la f\u00eate de P\u00e2ques, a r\u00e9v\u00e9l\u00e9 partout dans le pays un engouement inattendu pour la foi de la part d\u2019une nouvelle g\u00e9n\u00e9ration pourtant \u00e9loign\u00e9e de la religion. &nbsp; Eva Becue, 17 ans, est en classe de terminale dans un lyc\u00e9e de Villepreux (78). Elle sera baptis\u00e9e au cours de la<\/p>\n","protected":false},"author":499,"featured_media":185249,"comment_status":"open","ping_status":"open","sticky":false,"template":"","format":"standard","meta":{"_uf_show_specific_survey":0,"_uf_disable_surveys":false,"footnotes":""},"categories":[37],"tags":[],"class_list":{"0":"post-185244","1":"post","2":"type-post","3":"status-publish","4":"format-standard","5":"has-post-thumbnail","7":"category-alaune-fr"},"aioseo_notices":[],"_links":{"self":[{"href":"https:\/\/middleeasttransparent.com\/fr\/wp-json\/wp\/v2\/posts\/185244","targetHints":{"allow":["GET"]}}],"collection":[{"href":"https:\/\/middleeasttransparent.com\/fr\/wp-json\/wp\/v2\/posts"}],"about":[{"href":"https:\/\/middleeasttransparent.com\/fr\/wp-json\/wp\/v2\/types\/post"}],"author":[{"embeddable":true,"href":"https:\/\/middleeasttransparent.com\/fr\/wp-json\/wp\/v2\/users\/499"}],"replies":[{"embeddable":true,"href":"https:\/\/middleeasttransparent.com\/fr\/wp-json\/wp\/v2\/comments?post=185244"}],"version-history":[{"count":0,"href":"https:\/\/middleeasttransparent.com\/fr\/wp-json\/wp\/v2\/posts\/185244\/revisions"}],"wp:featuredmedia":[{"embeddable":true,"href":"https:\/\/middleeasttransparent.com\/fr\/wp-json\/wp\/v2\/media\/185249"}],"wp:attachment":[{"href":"https:\/\/middleeasttransparent.com\/fr\/wp-json\/wp\/v2\/media?parent=185244"}],"wp:term":[{"taxonomy":"category","embeddable":true,"href":"https:\/\/middleeasttransparent.com\/fr\/wp-json\/wp\/v2\/categories?post=185244"},{"taxonomy":"post_tag","embeddable":true,"href":"https:\/\/middleeasttransparent.com\/fr\/wp-json\/wp\/v2\/tags?post=185244"}],"curies":[{"name":"wp","href":"https:\/\/api.w.org\/{rel}","templated":true}]}}