{"id":185099,"date":"2025-04-14T22:41:32","date_gmt":"2025-04-14T21:41:32","guid":{"rendered":"https:\/\/middleeasttransparent.com\/?p=185099"},"modified":"2025-04-14T22:41:32","modified_gmt":"2025-04-14T21:41:32","slug":"victimes-des-exactions-en-syrie-les-alaouites-continuent-de-fuir-vers-le-liban","status":"publish","type":"post","link":"https:\/\/middleeasttransparent.com\/fr\/victimes-des-exactions-en-syrie-les-alaouites-continuent-de-fuir-vers-le-liban\/","title":{"rendered":"Victimes des exactions en Syrie, les alaouites continuent de fuir vers le Liban"},"content":{"rendered":"<header class=\"article__header \">\n<div class=\"article__header-wrap\">\n<div class=\"article__heading\">\n<p class=\"article__title\"><em>Des r\u00e9fugi\u00e9s alaouites syriens traversent la rivi\u00e8re Nahr Al-Kabir pour entrer dans le village libanais de Hekr El-Dahri, fuyant les violences dans les provinces c\u00f4ti\u00e8res syriennes de Lattaqui\u00e9 et de Tartous, le 11 mars 2025.\u00a0<\/em><\/p>\n<p style=\"text-align: center;\">*<\/p>\n<p>&nbsp;<\/p>\n<h2 class=\"article__desc\"><strong>Depuis les massacres d\u2019alaouites commis, en mars, dans les r\u00e9gions de Lattaqui\u00e9 et de Tartous, pr\u00e8s de 30\u00a0000 Syriens se sont r\u00e9fugi\u00e9s au Liban, selon les Nations unies.<\/strong><\/h2>\n<\/div>\n<\/div>\n<div class=\"article__header-wrap\"><\/div>\n<\/header>\n<section class=\"article__wrapper article__wrapper--premium \">\n<article class=\"article__content old__article-content-single\">\n<figure class=\"article__media\"><noscript> <img decoding=\"async\" src=\"https:\/\/img.lemde.fr\/2025\/04\/12\/0\/0\/5040\/3360\/664\/0\/75\/0\/bdefcbe_sirius-fs-upload-1-dujxdihhierp-1744449878085-ap25070656233861.jpg\" alt=\"Des r\u00e9fugi\u00e9s alaouites syriens traversent la rivi\u00e8re Nahr Al-Kabir pour entrer dans le village libanais de Hekr El-Dahri, fuyant les violences dans les provinces c\u00f4ti\u00e8res syriennes de Lattaqui\u00e9 et de Tartous, le 11\u00a0mars 2025.\"> <\/noscript><\/figure>\n<\/article>\n<\/section>\n<p>&nbsp;<\/p>\n<p class=\"article__paragraph \"><span style=\"color: #666699;\">Dima a le teint blafard, les yeux cern\u00e9s, la voix atone. Elle a v\u00e9cu dans l\u2019effroi\u00a0\u00e0\u00a0Al-Raddar, un quartier de Tartous, sur le littoral, depuis la vague de massacres d\u2019alaouites qui a eu lieu dans des r\u00e9gions de l\u2019ouest de la Syrie, d\u00e9but mars. Un mois plus tard, elle a fui au Liban, avec ses trois enfants \u00e2g\u00e9s de 15 \u00e0 25\u00a0ans. Elle est sous le choc. <em>\u00ab\u00a0La violence n\u2019est pas termin\u00e9e<\/em>, dit cette femme, qui a requis l\u2019anonymat, comme d\u2019autres personnes interview\u00e9es.\u00a0<em>La nuit, on entendait des tirs et des menaces. Je ne me rendais plus au travail.\u00a0Mon plus jeune fils n\u2019allait plus \u00e0 l\u2019\u00e9cole. La plupart du temps, on vivait clo\u00eetr\u00e9s.\u00a0\u00bb<\/em><\/span><\/p>\n<p>&nbsp;<\/p>\n<p>&nbsp;<\/p>\n<p class=\"article__paragraph \">Assise dans un entrep\u00f4t converti en refuge \u00e0 Jabal Mohsen, banlieue alaouite de Tripoli (nord du Liban, ville \u00e0 majorit\u00e9 sunnite), Dima a toujours peur\u00a0: son mari n\u2019a pas encore fait le voyage. Sa m\u00e8re, \u00e2g\u00e9e, restera en Syrie \u2013\u00a0elle en pleure. <em>\u00ab\u00a0On nous a dit que les massacres avaient eu lieu \u00e0 cause des foulouls\u00a0<\/em>[terme d\u00e9signant les partisans de l\u2019ancien r\u00e9gime de Bachar Al-Assad, lui-m\u00eame issu de la communaut\u00e9 alaouite, branche minoritaire de l\u2019islam].\u00a0<em>Ce n\u2019\u00e9tait qu\u2019un pr\u00e9texte. La violence \u00e0 l\u2019\u0153uvre est purement sectaire\u00a0\u00bb<\/em>, accuse-t-elle, devant un plateau de\u00a0mat\u00e9<em>,<\/em> une infusion de plantes. Les tueries de mars, qui ont fait plus de 1 700 morts civils d\u2019apr\u00e8s l\u2019Observatoire syrien des droits de l\u2019homme, ont commenc\u00e9 apr\u00e8s des attaques lanc\u00e9es par des partisans arm\u00e9s de Bachar Al-Assad contre les forces de s\u00e9curit\u00e9 des nouvelles autorit\u00e9s islamistes, dans l\u2019ouest de la Syrie, o\u00f9 se trouve le berceau des alaouites.<\/p>\n<p class=\"article__paragraph \">Des membres de cette minorit\u00e9 continuent de fuir vers le Liban, s\u2019alarmant de la poursuite des exactions. Le flux est plus faible mais quotidien, apr\u00e8s des arriv\u00e9es par milliers courant mars. Pr\u00e8s de 30\u00a0000 alaouites de Syrie sont aujourd\u2019hui recens\u00e9s\u00a0: la plupart ont trouv\u00e9 refuge dans des villages alaouites de l\u2019Akkar, r\u00e9gion frontali\u00e8re de la Syrie, et \u00e0 Jabal Mohsen. Des liens de parent\u00e9 unissent souvent la communaut\u00e9 de part et d\u2019autre de la fronti\u00e8re.<\/p>\n<h2 class=\"article__sub-title\">Pas de statut l\u00e9gal<\/h2>\n<p class=\"article__paragraph \">Beyrouth tol\u00e8re la pr\u00e9sence des nouveaux venus, dont le nombre reste limit\u00e9, mais sans leur octroyer un statut l\u00e9gal. Entre 1,5 et 2 millions de d\u00e9plac\u00e9s syriens, dont les premiers sont parvenus \u00e0 partir d\u00e8s 2011, fuyant la r\u00e9pression du r\u00e9gime d\u2019Al-Assad et la guerre, sont toujours pr\u00e9sents, selon des estimations. Il s\u2019agit en majorit\u00e9 de sunnites.<\/p>\n<p class=\"article__paragraph \">Aujourd\u2019hui, l\u2019embryon d\u2019une nouvelle crise des r\u00e9fugi\u00e9s s\u2019esquisse. <em>\u00ab\u00a0Si les fronti\u00e8res s\u2019ouvrent, il y aura un afflux massif d\u2019alaouites au Liban\u00a0\u00bb<\/em>, assure Dima. De Tartous vers Tripoli, un passeur les a guid\u00e9s, elle et ses enfants, afin de franchir les barrages jusqu\u2019\u00e0 la fronti\u00e8re. La plupart des Syriens traversent ensuite le Nahr Al-Kabir, le fleuve qui sert de d\u00e9marcation.<\/p>\n<p class=\"article__paragraph \">A Jabal Mohsen, la solidarit\u00e9 familiale et communautaire est \u00e0 l\u2019\u0153uvre pour loger ces r\u00e9fugi\u00e9s. L\u2019Association de charit\u00e9 islamique alaouite s\u2019active\u00a0: repas, aide m\u00e9dicale, recherche d\u2019abris collectifs\u2026 Elle est proche du Parti d\u00e9mocratique arabe, la formation locale, qui \u00e9tait un alli\u00e9 z\u00e9l\u00e9 de Bachar Al-Assad. Elle comble un vide. <em>\u00ab\u00a0Le gouvernement dit qu\u2019il n\u2019a pas d\u2019argent et, malheureusement, tr\u00e8s peu d\u2019aides internationales parviennent\u00a0\u00bb<\/em>, explique Noureddine Eid, le directeur de l\u2019association. Mais, pour lui, <em>\u00ab l\u2019aide est politis\u00e9e : les alaouites sont vus comme affili\u00e9s \u00e0 l\u2019ancien r\u00e9gime \u00bb.<\/em><\/p>\n<p class=\"article__paragraph \">Dans un lieu de culte transform\u00e9 en abri collectif, une poign\u00e9e d\u2019hommes, venus des r\u00e9gions de Tartous, Baniyas, Homs ou Hama, prennent la parole. Ils parlent peu de leur nouvelle vie. Leurs pens\u00e9es sont encore en Syrie\u00a0; ils sont intarissables sur les massacres. Ils r\u00e9clament de ne pas \u00eatre associ\u00e9s \u00e0 Bachar Al-Assad, quand bien m\u00eame une grande partie de la communaut\u00e9 lui a \u00e9t\u00e9\u00a0longtemps loyale. Des officiers issus de ses rangs ont sem\u00e9 la terreur du temps de l\u2019ancien r\u00e9gime. <em>\u00ab\u00a0Si Al-Assad a commis des massacres, nous n\u2019en sommes pas responsables\u00a0\u00bb<\/em>, insiste un ancien fonctionnaire originaire de Baniyas.<\/p>\n<p class=\"article__paragraph \">Hassan, un agriculteur de la r\u00e9gion de Tartous, reconna\u00eet avoir eu<em> \u00ab\u00a0peur que quelque chose se passe, d\u00e8s la chute d\u2019Al-Assad <\/em>[le 8\u00a0d\u00e9cembre\u00a02024]<em>\u00a0\u00bb. <\/em>Les <em>\u00ab\u00a0beaux discours\u00a0\u00bb <\/em>du nouvel homme fort de la Syrie, Ahmed Al-Charaa, ne l\u2019ont pas rassur\u00e9, et encore moins les <em>\u00ab\u00a0premi\u00e8res exactions\u00a0\u00bb<\/em>, avant les tueries.\u00a0Assurant <em>\u00ab\u00a0n\u2019avoir jamais servi l\u2019ancien r\u00e9gime\u00a0\u00bb<\/em>, Hassan regrette que les villages alaouites aient <em>\u00ab\u00a0rendu les armes\u00a0\u00bb<\/em>, lorsque l\u2019appareil militaire a \u00e9t\u00e9 d\u00e9sint\u00e9gr\u00e9. <em>\u00ab\u00a0Il n\u2019y avait personne pour nous d\u00e9fendre lorsque les criminels sont venus dans nos maisons.\u00a0\u00bb <\/em>Selon lui, <em>\u00ab\u00a0un ramassis de factions, remplies d\u2019extr\u00e9mistes qui ont la haine des minorit\u00e9s et des sunnites mod\u00e9r\u00e9s\u00a0\u00bb<\/em>, tient aujourd\u2019hui lieu d\u2019arm\u00e9e. La d\u00e9fiance semble insurmontable.<\/p>\n<h2 class=\"article__sub-title\">\u00ab\u00a0Jamais v\u00e9rit\u00e9 ne sera rendue\u00a0\u00bb<\/h2>\n<p class=\"article__paragraph \">Les perspectives sont limit\u00e9es au Liban, tant pour l\u2019emploi que pour le statut l\u00e9gal. Pourtant, Moughira N., qui a fui Baniyas avec son mari, Ahmad, un commer\u00e7ant originaire de Jabal Mohsen, et leurs deux jeunes enfants, n\u2019envisage pas de retour en Syrie, <em>\u00ab\u00a0tant qu\u2019il n\u2019y aura pas de stabilit\u00e9\u00a0\u00bb.<\/em> Cela veut dire, pour elle, <em>\u00ab\u00a0soit une protection internationale dans les r\u00e9gions alaouites\u00a0\u00bb<\/em>, une demande r\u00e9currente des nouveaux r\u00e9fugi\u00e9s, <em>\u00ab\u00a0soit un autre pouvoir\u00a0\u00bb.<\/em><\/p>\n<p class=\"article__paragraph \">Moughira s\u2019aventure rarement en dehors de l\u2019enclave alaouite de Jabal Mohsen, de crainte d\u2019\u00eatre identifi\u00e9e, \u00e0 cause de son accent, <em>\u00ab\u00a0par d\u2019autres Syriens<\/em>\u00a0[sunnites]<em>\u00a0\u00bb<\/em> \u2013 nombreux \u00e0 Tripoli \u2013 qui seraient partisans du nouveau r\u00e9gime. La banlieue voisine de Bab Al-Tabbaneh, sunnite, s\u2019est r\u00e9jouie du changement de pouvoir. Plusieurs s\u00e9ries d\u2019affrontements avaient oppos\u00e9 ces deux quartiers, entre 2011 et 2014, dans une spirale de violence li\u00e9e \u00e0 la guerre en Syrie. L\u2019arm\u00e9e libanaise a renforc\u00e9 sa pr\u00e9sence aux abords de Jabal Mohsen \u00e0 la chute de Bachar Al-Assad, afin d\u2019emp\u00eacher des troubles.<\/p>\n<p class=\"article__paragraph \">Dans l\u2019appartement de proches de son mari, Moughira fait d\u00e9filer, sur son t\u00e9l\u00e9phone, les portraits de connaissances tu\u00e9es\u00a0: un directeur d\u2019\u00e9cole, un m\u00e9decin, des \u00e9l\u00e8ves\u2026 Les responsabilit\u00e9s exactes dans les massacres restent \u00e0 \u00e9tablir, parmi les forces de s\u00e9curit\u00e9, les factions islamistes alli\u00e9es \u2013\u00a0dont des djihadistes \u00e9trangers\u00a0\u2013 et des individus arm\u00e9s. La commission d\u2019enqu\u00eate mise sur pied en mars n\u2019inspire aucune confiance \u00e0 cette Syrienne\u00a0: <em>\u00ab\u00a0Jamais v\u00e9rit\u00e9 ne sera rendue. Comment<\/em>\u00a0[le pr\u00e9sident de transition Ahmed Al-]<em>Charaa mettrait-il en prison ses propres hommes\u00a0? Et s\u2019il est sinc\u00e8re, pourquoi les meurtres et les enl\u00e8vements d\u2019alaouites se poursuivent-ils\u00a0?\u00a0\u00bb<\/em> La commission devait rendre ses conclusions en avril. Son mandat a \u00e9t\u00e9 prolong\u00e9 de trois mois. Moughira a peur pour ses parents rest\u00e9s en Syrie.<\/p>\n<section class=\"author\">\n<p class=\"article__author-container\"><span class=\"author__detail\"><a class=\"article__author-link\" href=\"\/signataires\/laure-stephan\/\"><span class=\"author__name\">Laure Stephan<\/span><span class=\"author__desc\">\u00a0(Tripoli (Liban) envoy\u00e9e sp\u00e9ciale)<\/span><\/a><\/span><\/p>\n<\/section>\n<p>&nbsp;<\/p>\n<p><a href=\"https:\/\/www.lemonde.fr\/international\/article\/2025\/04\/14\/victimes-des-exactions-en-syrie-les-alaouites-continuent-de-fuir-vers-le-liban_6595889_3210.html\"><strong>LE MONDE<\/strong><\/a><\/p>\n","protected":false},"excerpt":{"rendered":"<p>Des r\u00e9fugi\u00e9s alaouites syriens traversent la rivi\u00e8re Nahr Al-Kabir pour entrer dans le village libanais de Hekr El-Dahri, fuyant les violences dans les provinces c\u00f4ti\u00e8res syriennes de Lattaqui\u00e9 et de Tartous, le 11 mars 2025.\u00a0 * &nbsp; Depuis les massacres d\u2019alaouites commis, en mars, dans les r\u00e9gions de Lattaqui\u00e9 et de Tartous, pr\u00e8s de 30\u00a0000<\/p>\n","protected":false},"author":611,"featured_media":185101,"comment_status":"open","ping_status":"open","sticky":false,"template":"","format":"standard","meta":{"_uf_show_specific_survey":0,"_uf_disable_surveys":false,"footnotes":""},"categories":[37],"tags":[],"class_list":{"0":"post-185099","1":"post","2":"type-post","3":"status-publish","4":"format-standard","5":"has-post-thumbnail","7":"category-alaune-fr"},"aioseo_notices":[],"_links":{"self":[{"href":"https:\/\/middleeasttransparent.com\/fr\/wp-json\/wp\/v2\/posts\/185099","targetHints":{"allow":["GET"]}}],"collection":[{"href":"https:\/\/middleeasttransparent.com\/fr\/wp-json\/wp\/v2\/posts"}],"about":[{"href":"https:\/\/middleeasttransparent.com\/fr\/wp-json\/wp\/v2\/types\/post"}],"author":[{"embeddable":true,"href":"https:\/\/middleeasttransparent.com\/fr\/wp-json\/wp\/v2\/users\/611"}],"replies":[{"embeddable":true,"href":"https:\/\/middleeasttransparent.com\/fr\/wp-json\/wp\/v2\/comments?post=185099"}],"version-history":[{"count":0,"href":"https:\/\/middleeasttransparent.com\/fr\/wp-json\/wp\/v2\/posts\/185099\/revisions"}],"wp:featuredmedia":[{"embeddable":true,"href":"https:\/\/middleeasttransparent.com\/fr\/wp-json\/wp\/v2\/media\/185101"}],"wp:attachment":[{"href":"https:\/\/middleeasttransparent.com\/fr\/wp-json\/wp\/v2\/media?parent=185099"}],"wp:term":[{"taxonomy":"category","embeddable":true,"href":"https:\/\/middleeasttransparent.com\/fr\/wp-json\/wp\/v2\/categories?post=185099"},{"taxonomy":"post_tag","embeddable":true,"href":"https:\/\/middleeasttransparent.com\/fr\/wp-json\/wp\/v2\/tags?post=185099"}],"curies":[{"name":"wp","href":"https:\/\/api.w.org\/{rel}","templated":true}]}}