{"id":184806,"date":"2025-04-05T10:53:16","date_gmt":"2025-04-05T09:53:16","guid":{"rendered":"https:\/\/middleeasttransparent.com\/?p=184806"},"modified":"2025-04-05T10:59:45","modified_gmt":"2025-04-05T09:59:45","slug":"le-gouverneur-de-la-banque-du-liban-fait-du-demantelement-de-leconomie-illegale-sa-priorite","status":"publish","type":"post","link":"https:\/\/middleeasttransparent.com\/fr\/le-gouverneur-de-la-banque-du-liban-fait-du-demantelement-de-leconomie-illegale-sa-priorite\/","title":{"rendered":"Le gouverneur de la Banque du Liban fait du d\u00e9mant\u00e8lement de \u00abl&rsquo;\u00e9conomie ill\u00e9gale\u00bb sa priorit\u00e9"},"content":{"rendered":"<h1 class=\"t-content__title a-page-title\"><\/h1>\n<h3 class=\"t-content__chapo\">Le nouveau gouverneur de la Banque du Liban a d\u00e9voil\u00e9, vendredi 4 avril, ses intentions en mati\u00e8re financi\u00e8re apr\u00e8s sa prestation de serment devant le pr\u00e9sident Joseph Aoun. Il a fait de la lutte contre le \u00ab<em>\u00a0blanchiment\u00a0<\/em>\u00bb et le \u00ab\u00a0<em>financement du terrorisme<\/em>\u00a0\u00bb ses priorit\u00e9s.<\/h3>\n<p>&nbsp;<\/p>\n<div class=\"t-content__dates t-content__dates--reading-time\"><\/div>\n<div class=\"t-content__main-media\"><\/div>\n<div class=\"t-content__body u-clearfix\" data-empty-p=\"false\">\n<div class=\"m-interstitial\">\n<div class=\"m-interstitial__ad\" data-readmore-target=\"\">\n<div class=\"m-block-ad__label m-block-ad__label--report-enabled\"><\/div>\n<\/div>\n<\/div>\n<p><em>Avec notre correspondant \u00e0 Beyrouth,<\/em>\u00a0<strong>Paul Khalifeh<\/strong><\/p>\n<p>Le principal souci de\u00a0<a href=\"https:\/\/www.rfi.fr\/fr\/moyen-orient\/20250327-karim-souhaid-nomm%C3%A9-gouverneur-de-la-banque-du-liban-par-le-gouvernement\" target=\"_self\"><strong>Karim Souhaid<\/strong><\/a>\u00a0est de retirer le Liban de la liste grise du Groupe d\u2019action financi\u00e8re (Gafi), l\u2019institution charg\u00e9e de fixer les standards internationaux en mati\u00e8re de lutte contre le blanchiment d\u2019argent et le financement du terrorisme.<\/p>\n<p>Pour atteindre cet objectif, le nouveau gouverneur de la Banque centrale s\u2019est engag\u00e9 \u00e0 d\u00e9manteler \u00ab\u00a0<em>l&rsquo;\u00e9conomie ill\u00e9gale<\/em>\u00a0\u00bb. M\u00eame s\u2019il ne l\u2019a pas dit explicitement, c\u2019est le\u00a0<a href=\"https:\/\/www.rfi.fr\/fr\/tag\/hezbollah\/\" target=\"_self\"><strong>Hezbollah<\/strong><\/a>\u00a0qui est principalement dans sa ligne de mire. Le parti chiite dispose de son propre r\u00e9seau bancaire, appel\u00e9 al-Qard al-Hassan, que les \u00c9tats-Unis et Isra\u00ebl souhaitent voir dispara\u00eetre.<\/p>\n<div class=\"tms-ad m-inread-ad\" data-tms-ad-type=\"inread\" data-tms-ad-provider=\"gam\" data-tms-ad-owner=\"fmm\" data-tms-ad-pos=\"1\" data-tms-ad-status=\"resized\" data-tms-ad-inread-provider=\"teads\">\n<div id=\"tms-block-6522710027279792\" class=\"m-inread-ad__content\" data-google-query-id=\"CPSsndHMwIwDFYcjBgAdzEYANQ\">\n<div id=\"google_ads_iframe_\/33480810\/web\/rfi\/fr\/article\/inread_0__container__\"><\/div>\n<\/div>\n<\/div>\n<h2>Les \u00ab\u00a0petits\u00a0\u00bb \u00e9pargnants<\/h2>\n<p>Autre priorit\u00e9 de Karim Souhaid, la restitution \u00ab\u00a0<em>int\u00e9grale et progressive des d\u00e9p\u00f4ts<\/em>\u00a0\u00bb<em>,\u00a0<\/em>en commen\u00e7ant par les<em>\u00a0\u00ab<\/em>\u00a0petits\u00a0\u00bb \u00e9pargnants, et en mettant \u00e0 contribution \u00ab\u00a0<em>les banques, la Banque du Liban et l\u2019\u00c9tat<\/em>\u00a0\u00bb. Il n\u2019a pas cependant pr\u00e9cis\u00e9 qui supportera la plus grande part des pertes provoqu\u00e9es par l\u2019effondrement \u00e9conomique et social, estim\u00e9es \u00e0 76 milliards de dollars.<\/p>\n<p>Dans le pass\u00e9, Karim Souhaid avait fait assumer \u00e0 l\u2019\u00c9tat la plus grande part de responsabilit\u00e9 dans la crise et a propos\u00e9 de financer les pertes en privatisant le secteur public. Il serait aussi partisan de la vente des r\u00e9serves d\u2019or du\u00a0<strong><a href=\"https:\/\/www.rfi.fr\/fr\/tag\/liban\/\" target=\"_self\">Liban<\/a><\/strong>, dont la valeur est estim\u00e9e, aujourd\u2019hui, \u00e0 25 milliards de dollars.<\/p>\n<\/div>\n<p><a href=\"https:\/\/www.rfi.fr\/fr\/moyen-orient\/20250405-le-gouverneur-de-la-banque-du-liban-fait-du-d%C3%A9mant%C3%A8lement-de-l-%C3%A9conomie-ill%C3%A9gale-sa-priorit%C3%A9\"><strong>RFI<\/strong><\/a><\/p>\n","protected":false},"excerpt":{"rendered":"<p>Le nouveau gouverneur de la Banque du Liban a d\u00e9voil\u00e9, vendredi 4 avril, ses intentions en mati\u00e8re financi\u00e8re apr\u00e8s sa prestation de serment devant le pr\u00e9sident Joseph Aoun. Il a fait de la lutte contre le \u00ab\u00a0blanchiment\u00a0\u00bb et le \u00ab\u00a0financement du terrorisme\u00a0\u00bb ses priorit\u00e9s. &nbsp; Avec notre correspondant \u00e0 Beyrouth,\u00a0Paul Khalifeh Le principal souci de\u00a0Karim<\/p>\n","protected":false},"author":3349,"featured_media":184817,"comment_status":"open","ping_status":"open","sticky":false,"template":"","format":"standard","meta":{"_uf_show_specific_survey":0,"_uf_disable_surveys":false,"footnotes":""},"categories":[37],"tags":[],"class_list":{"0":"post-184806","1":"post","2":"type-post","3":"status-publish","4":"format-standard","5":"has-post-thumbnail","7":"category-alaune-fr"},"aioseo_notices":[],"_links":{"self":[{"href":"https:\/\/middleeasttransparent.com\/fr\/wp-json\/wp\/v2\/posts\/184806","targetHints":{"allow":["GET"]}}],"collection":[{"href":"https:\/\/middleeasttransparent.com\/fr\/wp-json\/wp\/v2\/posts"}],"about":[{"href":"https:\/\/middleeasttransparent.com\/fr\/wp-json\/wp\/v2\/types\/post"}],"author":[{"embeddable":true,"href":"https:\/\/middleeasttransparent.com\/fr\/wp-json\/wp\/v2\/users\/3349"}],"replies":[{"embeddable":true,"href":"https:\/\/middleeasttransparent.com\/fr\/wp-json\/wp\/v2\/comments?post=184806"}],"version-history":[{"count":0,"href":"https:\/\/middleeasttransparent.com\/fr\/wp-json\/wp\/v2\/posts\/184806\/revisions"}],"wp:featuredmedia":[{"embeddable":true,"href":"https:\/\/middleeasttransparent.com\/fr\/wp-json\/wp\/v2\/media\/184817"}],"wp:attachment":[{"href":"https:\/\/middleeasttransparent.com\/fr\/wp-json\/wp\/v2\/media?parent=184806"}],"wp:term":[{"taxonomy":"category","embeddable":true,"href":"https:\/\/middleeasttransparent.com\/fr\/wp-json\/wp\/v2\/categories?post=184806"},{"taxonomy":"post_tag","embeddable":true,"href":"https:\/\/middleeasttransparent.com\/fr\/wp-json\/wp\/v2\/tags?post=184806"}],"curies":[{"name":"wp","href":"https:\/\/api.w.org\/{rel}","templated":true}]}}