{"id":184650,"date":"2025-04-02T19:22:39","date_gmt":"2025-04-02T18:22:39","guid":{"rendered":"https:\/\/middleeasttransparent.com\/?p=184650"},"modified":"2025-04-02T19:22:39","modified_gmt":"2025-04-02T18:22:39","slug":"syrie-un-nouveau-gouvernement-domine-par-les-islamistes","status":"publish","type":"post","link":"https:\/\/middleeasttransparent.com\/fr\/syrie-un-nouveau-gouvernement-domine-par-les-islamistes\/","title":{"rendered":"Syrie : un nouveau gouvernement domin\u00e9 par les islamistes"},"content":{"rendered":"<p><strong>Les fid\u00e8les du pr\u00e9sident Ahmed al-Charaa conservent les postes cl\u00e9s du cabinet qui s\u2019ouvre toutefois aux technocrates.<\/strong><\/p>\n<p>&nbsp;<\/p>\n<p>Au lendemain de l\u2019annonce de son nouveau gouvernement, Ahmed alCharaa, le pr\u00e9sident par int\u00e9rim syrien, qui s\u2019est attribu\u00e9 le poste de premier ministre, a pr\u00e9venu qu\u2019il \u00ab ne pourra pas satisfaire tout le monde \u00bb, reconnaissant que \u00ab chaque mesure que nous prenons ne fera pas consensus \u00bb.<\/p>\n<p>Ce nouveau cabinet \u00e9tait le test attendu par de nombreux Syriens et les pays occidentaux, qui faisaient de l\u2019inclusivit\u00e9 l\u2019une des conditions pour lever les sanctions qui frappent encore s\u00e9v\u00e8rement la Syrie postAssad. De Washington \u00e0 Paris en passant par certaines fractions de la mosa\u00efque syrienne, le scepticisme domine, ce qui ne laisse pas augurer d\u2019une lev\u00e9e prochaine des sanctions.<\/p>\n<p>Soucieux de conserver les minist\u00e8res r\u00e9galiens pour contr\u00f4ler une transition politique qui va s\u2019\u00e9taler sur cinq ans, al-Charaa, un exdjihadiste qui a renvers\u00e9 Bachar el-Assad, \u00e0 la t\u00eate d\u2019une coalition de groupes arm\u00e9s islamistes, a maintenu ses proches \u00e0 la D\u00e9fense (Mourhaf Abou Qasra), aux Affaires \u00e9trang\u00e8res<span style=\"font-size: 14px; color: var(--c-contrast-800);\"> Chibani), promu \u00e0 l\u2019Int\u00e9rieur le chef des Renseignements g\u00e9n\u00e9raux, Anas Khattab, et remplac\u00e9 le tr\u00e8s contest\u00e9 ministre de la Justice Chadi al-Waissi &#8211; ex djihadiste lui aussi qui avait supervis\u00e9 l\u2019ex\u00e9cution de deux femmes \u00e0 Idlib &#8211; par un juriste islamique, Mazhar al-Wais.<\/span><\/p>\n<p><span style=\"font-size: 14px; color: var(--c-contrast-800);\"> Alors que le pr\u00e9c\u00e9dent premier ministre, Mohammed al-Bachir, a gliss\u00e9 au minist\u00e8re strat\u00e9gique de l\u2019\u00c9nergie, aucun dirigeant de l\u2019opposition en exil sous el-Assad &#8211; soutenue par des pays europ\u00e9ens &#8211; n\u2019a \u00e9t\u00e9 nomm\u00e9. Al-Charaa a choisi des ministres \u00e0 titre individuel et non pas en tant que repr\u00e9sentant d\u2019autres forces politiques, dont il ne veut pas. <\/span><\/p>\n<p><span style=\"font-size: 14px; color: var(--c-contrast-800);\">\u00ab L\u2019inclusivit\u00e9 est minimale, constate un diplomate europ\u00e9en, les personnalit\u00e9s issues des minorit\u00e9s ne repr\u00e9sentent qu\u2019eux-m\u00eames. \u00bb Parmi les 23 ministres, on compte une femme, Hind Kabawat (Affaires sociales), qui est aussi chr\u00e9tienne &#8211; la seule &#8211; ; un alaouite, Yarob Badr (Transports) &#8211; que beaucoup au sein de sa communaut\u00e9 critique, un mois apr\u00e8s les massacres commis contre les alaouites par les forces de s\u00e9curit\u00e9 &#8211; ; un druze, Amgad Badr (Agriculture), et un Kurde, Abdelrhamane Terko (\u00c9ducation), sans lien avec les Forces d\u00e9mocratiques syriennes (FDS) \u00e0 dominante kurde, qui administrent le Nord-Est syrien. <\/span><\/p>\n<p><span style=\"font-size: 14px; color: var(--c-contrast-800);\">Grands perdants, les FDS ont imm\u00e9diatement contest\u00e9 la l\u00e9gitimit\u00e9 de ce gouvernement \u00ab qui ne refl\u00e8te pas la pluralit\u00e9 du pays \u00bb. L\u2019administration autonome kurde affirme qu\u2019elle ne se sent \u00ab pas concern\u00e9e par l\u2019application ou l\u2019ex\u00e9cution des d\u00e9cisions (en) \u00e9manant \u00bb. Une prise de distance f\u00e2cheuse alors qu\u2019alCharaa et les Kurdes se sont donn\u00e9s six mois pour r\u00e9gler leurs profonds diff\u00e9rends. <\/span><\/p>\n<p><span style=\"font-size: 14px; color: var(--c-contrast-800);\">Le nouvel homme fort de la Syrie a r\u00e9compens\u00e9 en revanche la soci\u00e9t\u00e9 civile en nommant au minist\u00e8re charg\u00e9 des Situations d\u2019urgence Raed al-Saleh, l\u2019ancien chef des Casques blancs pendant la \u00ab r\u00e9volution \u00bb, tout en faisant appel \u00e0 des technocrates comp\u00e9tents pour relever les d\u00e9fis \u00e9conomiques : Yarob Badr, ing\u00e9nieur form\u00e9 en France, ancien ministre des Transports entre 2006 et 2011 sous el-Assad, et Yisr Barnieh, un expert aux Finances, dont Charaa esp\u00e8re qu\u2019il lui ouvrira les portes des institutions financi\u00e8res internationales. <\/span><\/p>\n<p><span style=\"font-size: 14px; color: var(--c-contrast-800);\">\u00ab Al-Charaa partage le pouvoir avec des ONG et des technocrates sans relais politiques \u00bb, regrette un expert syrien. \u00ab Au regard de nos crit\u00e8res, rench\u00e9rit un autre diplomate europ\u00e9en, le compte n\u2019y est pas tout \u00e0 fait. Mais au regard des standards r\u00e9gionaux peuton en attendre plus ? \u00bb, ajoute-t-il. <\/span><\/p>\n<p><span style=\"font-size: 14px; color: var(--c-contrast-800);\">\u00ab Les Europ\u00e9ens sont plut\u00f4t d\u00e9\u00e7us dans la mesure o\u00f9 c\u2019\u00e9tait la derni\u00e8re occasion pour avoir plus d\u2019inclusivit\u00e9 dans un processus de transition d\u00e9sormais en place pour cinq ans \u00bb, estime un autre expert \u00e0 Bruxelles. Quant \u00e0 Washington, qui a r\u00e9cemment remis \u00e0 al Charaa une liste d\u2019exigences avant de lever\u00a0 les sanctions, une telle perspective n\u2019est pas pour demain. Ce qui risque d\u2019aggraver une situation \u00e9conomique, d\u00e9j\u00e0 pr\u00e9caire. <\/span><\/p>\n<p><span style=\"font-size: 14px; color: var(--c-contrast-800);\">Faute d\u2019un feu vert am\u00e9ricain, le Qatar, alli\u00e9 de la nouvelle Syrie, ne peut toujours pas verser chaque mois les 120 millions de dollars promis pour payer les fonctionnaires. Sans ressources, le pr\u00e9sident par int\u00e9rim doit compter sur la Turquie pour r\u00e9gler les salaires de l\u2019Arm\u00e9e nationale syrienne qui se bat au nord contre les Kurdes. Enfin, avec environ cinq milliards de r\u00e9serves, issus des trafics, les r\u00e9seaux du crime organis\u00e9 en Syrie sont plus riches que l\u2019\u00c9tat. <\/span><\/p>\n<p><span style=\"font-size: 14px; color: var(--c-contrast-800);\">\u00ab Parier sur un \u00e9chec n\u2019est cependant pas une option souhaitable \u00bb, estime-t-on \u00e0 Paris, alors qu\u2019Emmanuel Macron a invit\u00e9 le nouvel homme fort de Damas. En fin de semaine, le comit\u00e9 charg\u00e9 de faire la lumi\u00e8re sur les massacres perp\u00e9tr\u00e9s d\u00e9but mars contre les alaouites rendra ses conclusions. \u00c0 Paris comme ailleurs, on attend que les coupables soient arr\u00eat\u00e9s. Damas a une ultime occasion de tenir ses promesses.\u00a0<\/span><\/p>\n<p>&nbsp;<\/p>\n<p><a href=\"https:\/\/www.lefigaro.fr\/international\/en-syrie-le-nouveau-gouvernement-d-ahmed-al-charaa-domine-par-les-islamistes-20250401\">LE FIGARO<\/a><\/p>\n","protected":false},"excerpt":{"rendered":"<p>Les fid\u00e8les du pr\u00e9sident Ahmed al-Charaa conservent les postes cl\u00e9s du cabinet qui s\u2019ouvre toutefois aux technocrates. &nbsp; Au lendemain de l\u2019annonce de son nouveau gouvernement, Ahmed alCharaa, le pr\u00e9sident par int\u00e9rim syrien, qui s\u2019est attribu\u00e9 le poste de premier ministre, a pr\u00e9venu qu\u2019il \u00ab ne pourra pas satisfaire tout le monde \u00bb, reconnaissant que<\/p>\n","protected":false},"author":34,"featured_media":184655,"comment_status":"open","ping_status":"open","sticky":false,"template":"","format":"standard","meta":{"_uf_show_specific_survey":0,"_uf_disable_surveys":false,"footnotes":""},"categories":[37],"tags":[],"class_list":{"0":"post-184650","1":"post","2":"type-post","3":"status-publish","4":"format-standard","5":"has-post-thumbnail","7":"category-alaune-fr"},"aioseo_notices":[],"_links":{"self":[{"href":"https:\/\/middleeasttransparent.com\/fr\/wp-json\/wp\/v2\/posts\/184650","targetHints":{"allow":["GET"]}}],"collection":[{"href":"https:\/\/middleeasttransparent.com\/fr\/wp-json\/wp\/v2\/posts"}],"about":[{"href":"https:\/\/middleeasttransparent.com\/fr\/wp-json\/wp\/v2\/types\/post"}],"author":[{"embeddable":true,"href":"https:\/\/middleeasttransparent.com\/fr\/wp-json\/wp\/v2\/users\/34"}],"replies":[{"embeddable":true,"href":"https:\/\/middleeasttransparent.com\/fr\/wp-json\/wp\/v2\/comments?post=184650"}],"version-history":[{"count":0,"href":"https:\/\/middleeasttransparent.com\/fr\/wp-json\/wp\/v2\/posts\/184650\/revisions"}],"wp:featuredmedia":[{"embeddable":true,"href":"https:\/\/middleeasttransparent.com\/fr\/wp-json\/wp\/v2\/media\/184655"}],"wp:attachment":[{"href":"https:\/\/middleeasttransparent.com\/fr\/wp-json\/wp\/v2\/media?parent=184650"}],"wp:term":[{"taxonomy":"category","embeddable":true,"href":"https:\/\/middleeasttransparent.com\/fr\/wp-json\/wp\/v2\/categories?post=184650"},{"taxonomy":"post_tag","embeddable":true,"href":"https:\/\/middleeasttransparent.com\/fr\/wp-json\/wp\/v2\/tags?post=184650"}],"curies":[{"name":"wp","href":"https:\/\/api.w.org\/{rel}","templated":true}]}}