{"id":184123,"date":"2025-03-22T21:28:57","date_gmt":"2025-03-22T20:28:57","guid":{"rendered":"https:\/\/middleeasttransparent.com\/?p=184123"},"modified":"2025-03-22T21:29:57","modified_gmt":"2025-03-22T20:29:57","slug":"chez-les-dreyfus-le-combat-contre-lantisemitisme-en-heritage","status":"publish","type":"post","link":"https:\/\/middleeasttransparent.com\/fr\/chez-les-dreyfus-le-combat-contre-lantisemitisme-en-heritage\/","title":{"rendered":"Chez les Dreyfus, le combat contre l\u2019antis\u00e9mitisme en h\u00e9ritage"},"content":{"rendered":"<p>&nbsp;<\/p>\n<header class=\"article__header \">\n<div class=\"article__header-wrap\">\n<div class=\"article__heading\">\n<h1 class=\"article__title\"><\/h1>\n<p class=\"article__desc\"><strong>A 97\u00a0ans, le petit-fils d\u2019Alfred Dreyfus, Charles, d\u00e9fend sans rel\u00e2che l\u2019honneur de son a\u00efeul, aux c\u00f4t\u00e9s de son fils, Michel, alors que s\u2019ouvre l\u2019exposition \u00ab\u00a0Alfred Dreyfus. V\u00e9rit\u00e9 et justice\u00a0\u00bb consacr\u00e9e \u00e0 l\u2019affaire au Mus\u00e9e d\u2019art et d\u2019histoire du juda\u00efsme, \u00e0 Paris.<\/strong><\/p>\n<p>&nbsp;<\/p>\n<\/div>\n<p>&nbsp;<\/p>\n<h3 id=\"js-authors-trigger\" class=\"meta meta__publisher meta__publisher--header\"><span id=\"js-authors-list\" class=\"meta__author meta__author--header\"> Par\u00a0<a class=\"article__author-link\" href=\"\/signataires\/ondine-debre\/\">Ondine Debr\u00e9<\/a><\/span><\/h3>\n<\/div>\n<\/header>\n<section class=\"article__wrapper article__wrapper--premium \">\n<article class=\"article__content old__article-content-single\">\n<h3 class=\"article__paragraph \"><span style=\"color: #666699;\">Dans son appartement de Boulogne-Billancourt, pr\u00e8s de Paris, Charles Dreyfus conserve de nombreux souvenirs. Sa biblioth\u00e8que bilingue raconte la premi\u00e8re partie de sa vie aux Etats-Unis, avec son p\u00e8re, Pierre Dreyfus, et sa m\u00e8re, Marie Baur, tous deux juifs ayant fui la guerre pour New York en\u00a01942. Au mur, une magnifique photo de la ville-monde attire le regard et l\u2019homme de 97\u00a0ans, toujours droit dans son costume brun, sourit en la regardant.<\/span><\/h3>\n<\/article>\n<p>&nbsp;<\/p>\n<article class=\"article__content old__article-content-single\">\n<p class=\"article__paragraph \"><em>\u00ab\u00a0J\u2019ai beaucoup aim\u00e9 New<\/em> <em>York, o\u00f9 je suis arriv\u00e9 pendant la guerre et o\u00f9 j\u2019ai fait en partie mes \u00e9tudes d\u2019ing\u00e9nieur, et, si ma femme pianiste n\u2019avait pas voulu venir en France dans les ann\u00e9es<\/em> <em>1960, j\u2019y serais encore\u00a0\u00bb, <\/em>raconte Charles Dreyfus, qui d\u00e9fend sans rel\u00e2che l\u2019honneur de son grand-p\u00e8re Alfred Dreyfus, auquel le Mus\u00e9e d\u2019art et d\u2019histoire du juda\u00efsme (MAHJ), \u00e0 Paris, consacre une grande exposition du 13 mars jusqu\u2019au 31 ao\u00fbt.<\/p>\n<p class=\"article__paragraph \">Il sait que son nom de famille r\u00e9sonne comme un coup de clairon tant l\u2019Affaire est un moment-cl\u00e9 de l\u2019histoire de France. Victime d\u2019une machination et injustement condamn\u00e9 pour haute trahison au profit de l\u2019Allemagne en\u00a01894, le capitaine Alfred Dreyfus a \u00e9t\u00e9 d\u00e9grad\u00e9 et d\u00e9port\u00e9 au bagne en Guyane sur l\u2019\u00eele du Diable, pendant cinq ans. L\u2019Affaire divisa la soci\u00e9t\u00e9 fran\u00e7aise en deux camps suscitant de violentes pol\u00e9miques nationalistes et antis\u00e9mites. Il sera finalement r\u00e9habilit\u00e9 en\u00a01906.<\/p>\n<h2 class=\"article__sub-title\">\u00ab\u00a0Cette nouvelle injustice est une meurtrissure\u00a0\u00bb<\/h2>\n<p class=\"article__paragraph \"><em>\u00ab\u00a0Il est mort <\/em>[en\u00a01935] <em>quand j\u2019avais 8<\/em>\u00a0<em>ans, je me souviens d\u2019un homme doux et chaleureux, <\/em>\u00e9voque Charles Dreyfus, qui allait souvent rendre visite \u00e0 ses grands-parents, pr\u00e8s de la place des Ternes, \u00e0 Paris.<em> On le d\u00e9crit comme ab\u00eem\u00e9 physiquement par l\u2019\u00eele du Diable, mais il avait une sant\u00e9 robuste pour y avoir surv\u00e9cu. Ce n\u2019\u00e9tait pas quelqu\u2019un d\u2019ordinaire et son incroyable capacit\u00e9 d\u2019abstraction l\u2019a sauv\u00e9 de la folie. Il \u00e9tait capable de se r\u00e9citer du Montaigne ou d\u2019\u00e9tudier le fonctionnement de l\u2019estomac quand il \u00e9tait enferm\u00e9.\u00a0\u00bb<\/em> Il a mieux connu sa grand-m\u00e8re Lucie, morte en\u00a01945.<em> \u00ab\u00a0Elle s\u2019est cach\u00e9e pendant la guerre dans un couvent du sud de la France et est morte juste apr\u00e8s.\u00a0\u00bb<\/em><\/p>\n<p class=\"article__paragraph \">Aujourd\u2019hui, son fils, Michel Dreyfus, l\u2019accompagne sur les chemins de la m\u00e9moire familiale. <em>\u00ab\u00a0L\u2019Affaire est l\u2019affaire de tous dans la famille et chacun \u00e0 un moment donn\u00e9 y est confront\u00e9, <\/em>explique Michel Dreyfus, psychiatre<em>. Parler de blessure serait peut-\u00eatre un peu fort, mais justice n\u2019a pas \u00e9t\u00e9 pleinement rendue \u00e0 Alfred puisque la r\u00e9habilitation civile de 1906 n\u2019a pas \u00e9t\u00e9 suivie d\u2019une compl\u00e8te r\u00e9habilitation militaire telle qu\u2019il la m\u00e9ritait, raison pour laquelle il se met en retraite de l\u2019arm\u00e9e en 1907. Cette nouvelle injustice est une meurtrissure qui continue de marquer notre famille. \u00bb<\/em><\/p>\n<p class=\"article__paragraph \">Michel Dreyfus accompagne son p\u00e8re dans les nombreux \u00e9v\u00e9nements auxquels il est invit\u00e9. Car l\u2019Affaire continue d\u2019int\u00e9resser, voire de passionner. L\u2019historien et commissaire de l\u2019exposition au MAHJ Philippe Oriol, qui a cr\u00e9\u00e9 et dirige <a title=\"Nouvelle fen\u00eatre\" href=\"https:\/\/www.maisonzola-museedreyfus.com\/\" target=\"_blank\" rel=\"noopener\">le Mus\u00e9e Dreyfus, install\u00e9 \u00e0 c\u00f4t\u00e9 de la maison d\u2019Emile Zola<\/a>, \u00e0 M\u00e9dan, dans les Yvelines, en t\u00e9moigne. <em>\u00ab\u00a0Je suis n\u00e9 dans une famille de dreyfusards et, si l\u2019Affaire a marqu\u00e9 la famille de Dreyfus, elle a impr\u00e9gn\u00e9 aussi celles des d\u00e9fenseurs du capitaine, <\/em>raconte ce grand sp\u00e9cialiste de l\u2019Affaire.<em> J\u2019ai consacr\u00e9 quarante ans de ma vie \u00e0 cette histoire folle et Charles incarne pour moi une continuit\u00e9 avec le capitaine, dont il partage l\u2019humilit\u00e9, l\u2019intelligence, une forme de r\u00e9volte contre l\u2019injustice et quelque chose dans le regard qui fait que les deux personnages se confondent un peu pour moi.\u00a0\u00bb<\/em><\/p>\n<h2 class=\"article__sub-title\">\u00ab\u00a0Un beau film, mais Alfred est mal incarn\u00e9\u00a0\u00bb<\/h2>\n<p class=\"article__paragraph \">Pas un film ou un livre qui ne sorte sur le capitaine sans que son petit-fils n\u2019y jette un \u0153il. <em>\u00ab\u00a0Roman Polanski a re\u00e7u plusieurs lettres de mon p\u00e8re et ils se sont rencontr\u00e9s\u00a0\u00bb, <\/em>s\u2019amuse Michel. De ce <a href=\"https:\/\/www.lemonde.fr\/culture\/article\/2019\/08\/31\/a-venise-roman-polanski-impose-avec-puissance-son-recit-de-l-affaire-dreyfus_5504767_3246.html\"><em>J\u2019accuse <\/em>sorti en\u00a02019<\/a>, les Dreyfus ne pensent pas grand bien.<em> \u00ab\u00a0C\u2019est un beau film, mais, une fois encore, Alfred est mal incarn\u00e9 et le r\u00e9cit de l\u2019Affaire comporte des inexactitudes\u00a0\u00bb, <\/em>regrette Charles Dreyfus.<\/p>\n<p class=\"article__paragraph \">Le directeur du Mus\u00e9e d\u2019art et d\u2019histoire du juda\u00efsme, Paul Salmona, qui a imagin\u00e9 cette grande exposition, veut corriger une bonne fois pour toutes l\u2019image erron\u00e9e d\u2019Alfred Dreyfus\u00a0: <em>\u00ab\u00a0L\u2019homme est consid\u00e9r\u00e9 par beaucoup comme un grand bourgeois distant et falot, n\u2019ayant rien compris \u00e0 l\u2019Affaire. C\u2019est cela que nous voulons corriger avec le travail de l\u2019historien Vincent Duclert, auteur notamment, en\u00a02006, de Alfred Dreyfus. L\u2019honneur d\u2019un patriote<\/em>,<em> chez Fayard, et du directeur scientifique de la Maison Zola-Mus\u00e9e Dreyfus, Philippe Oriol.<\/em> <em>Rappeler que l\u2019Affaire illustre le combat contre l\u2019antis\u00e9mitisme pour faire triompher la v\u00e9rit\u00e9 et, \u00e0 travers elle, la R\u00e9publique.\u00a0\u00bb <\/em>Ce combat lui semble aujourd\u2019hui plus que jamais contemporain.<\/p>\n<\/article>\n<p><a href=\"https:\/\/www.lemonde.fr\/m-le-mag\/article\/2025\/03\/12\/le-combat-des-dreyfus-de-pere-en-fils-rappeler-que-l-affaire-illustre-le-combat-contre-l-antisemitisme-pour-faire-triompher-la-verite-et-a-travers-elle-la-republique_6579696_4500055.html?lmd_medium=sponso&amp;lmd_campaign=cnv_filrouge_lmfr&amp;lmd_creation=prp_cbo&amp;lmd_variant=fb&amp;lmd_format=Facebook_Desktop_Feed&amp;lmd_source=meta&amp;audience_asc=nouveaux_abonnes&amp;utm_medium=paid&amp;utm_source=fb&amp;utm_id=120209257086630783&amp;utm_content=120217765210720783&amp;utm_term=120209257088880783&amp;utm_campaign=120209257086630783&amp;fbclid=IwY2xjawJL-KFleHRuA2FlbQEwAGFkaWQBqxlrr48rjwEdMNGIGdMA3LHwFW9T6-jSUDGmRF2vhfsFBSL5FPUpUJXiXD5ILMnp-PLu_aem_1DpSQ-HYGR1vHLL3lIRJAw\">LE MONDE<\/a><\/p>\n<\/section>\n","protected":false},"excerpt":{"rendered":"<p>&nbsp; A 97\u00a0ans, le petit-fils d\u2019Alfred Dreyfus, Charles, d\u00e9fend sans rel\u00e2che l\u2019honneur de son a\u00efeul, aux c\u00f4t\u00e9s de son fils, Michel, alors que s\u2019ouvre l\u2019exposition \u00ab\u00a0Alfred Dreyfus. V\u00e9rit\u00e9 et justice\u00a0\u00bb consacr\u00e9e \u00e0 l\u2019affaire au Mus\u00e9e d\u2019art et d\u2019histoire du juda\u00efsme, \u00e0 Paris. &nbsp; &nbsp; Par\u00a0Ondine Debr\u00e9 Dans son appartement de Boulogne-Billancourt, pr\u00e8s de Paris, Charles<\/p>\n","protected":false},"author":134,"featured_media":184136,"comment_status":"open","ping_status":"open","sticky":false,"template":"","format":"standard","meta":{"_uf_show_specific_survey":0,"_uf_disable_surveys":false,"footnotes":""},"categories":[37],"tags":[],"class_list":{"0":"post-184123","1":"post","2":"type-post","3":"status-publish","4":"format-standard","5":"has-post-thumbnail","7":"category-alaune-fr"},"aioseo_notices":[],"_links":{"self":[{"href":"https:\/\/middleeasttransparent.com\/fr\/wp-json\/wp\/v2\/posts\/184123","targetHints":{"allow":["GET"]}}],"collection":[{"href":"https:\/\/middleeasttransparent.com\/fr\/wp-json\/wp\/v2\/posts"}],"about":[{"href":"https:\/\/middleeasttransparent.com\/fr\/wp-json\/wp\/v2\/types\/post"}],"author":[{"embeddable":true,"href":"https:\/\/middleeasttransparent.com\/fr\/wp-json\/wp\/v2\/users\/134"}],"replies":[{"embeddable":true,"href":"https:\/\/middleeasttransparent.com\/fr\/wp-json\/wp\/v2\/comments?post=184123"}],"version-history":[{"count":0,"href":"https:\/\/middleeasttransparent.com\/fr\/wp-json\/wp\/v2\/posts\/184123\/revisions"}],"wp:featuredmedia":[{"embeddable":true,"href":"https:\/\/middleeasttransparent.com\/fr\/wp-json\/wp\/v2\/media\/184136"}],"wp:attachment":[{"href":"https:\/\/middleeasttransparent.com\/fr\/wp-json\/wp\/v2\/media?parent=184123"}],"wp:term":[{"taxonomy":"category","embeddable":true,"href":"https:\/\/middleeasttransparent.com\/fr\/wp-json\/wp\/v2\/categories?post=184123"},{"taxonomy":"post_tag","embeddable":true,"href":"https:\/\/middleeasttransparent.com\/fr\/wp-json\/wp\/v2\/tags?post=184123"}],"curies":[{"name":"wp","href":"https:\/\/api.w.org\/{rel}","templated":true}]}}