{"id":183492,"date":"2025-03-05T22:25:11","date_gmt":"2025-03-05T21:25:11","guid":{"rendered":"https:\/\/middleeasttransparent.com\/?p=183492"},"modified":"2025-03-05T22:25:11","modified_gmt":"2025-03-05T21:25:11","slug":"gaza-les-arabes-ebauchent-un-avenir-sans-le-hamas-ni-abbas","status":"publish","type":"post","link":"https:\/\/middleeasttransparent.com\/fr\/gaza-les-arabes-ebauchent-un-avenir-sans-le-hamas-ni-abbas\/","title":{"rendered":"Gaza\u00a0: les Arabes \u00e9bauchent un avenir sans le Hamas ni Abbas"},"content":{"rendered":"<p><strong>\u00a0Lors d\u2019un sommet extraordinaire au Caire, le pr\u00e9sident \u00e9gyptien, Abdel Fattah al-Sissi, a pr\u00e9sent\u00e9 son plan de 50 milliards de dollars.<\/strong><\/p>\n<p>&nbsp;<\/p>\n<p>Le sommet arabe extraordinaire du Caire a adopt\u00e9 mardi soir le plan initi\u00e9 par l\u2019\u00c9gypte sur l\u2019avenir de la bande de Gaza visant \u00e0 contrer celui de Donald Trump qui veut placer l\u2019enclave palestinienne sous administration am\u00e9ricaine en d\u00e9pla\u00e7ant ses deux millions d\u2019habitants. Mais signe des difficult\u00e9s pour parvenir \u00e0 une position commune et rallier \u00e0 eux les \u00c9tats-Unis, ni les 150 pages du plan de reconstruction de Gaza, ni le communiqu\u00e9 final du sommet n\u2019abordent pr\u00e9cis\u00e9ment la question cl\u00e9 et sans r\u00e9ponse pour l\u2019instant : qui gouvernera le territoire palestinien, ravag\u00e9 par dix-sept mois de guerre, alors que le Hamas y est encore assez solidement implant\u00e9 ?<\/p>\n<p>Ce plan de reconstruction co\u00fbtera 53 milliards de dollars et sera divis\u00e9 en deux phases, \u00e9tal\u00e9es au total sur cinq ans. Au pr\u00e9alable, une premi\u00e8re \u00e9tape de six mois sera consacr\u00e9e au d\u00e9blaiement des d\u00e9combres, \u00e0 l\u2019enl\u00e8vement des mines et des mat\u00e9riaux non explos\u00e9s et \u00e0 l\u2019installation de logements pr\u00e9fabriqu\u00e9s sur sept sites pouvant abriter plus de 1,5 million de personnes.<\/p>\n<p>D\u2019un montant de 20 milliards de dollars et pr\u00e9vu pour durer jusqu\u2019en 2027, la premi\u00e8re phase se concentrera sur la reconstruction des infrastructures essentielles (routes, services publics) ainsi que sur la construction de 200 000 unit\u00e9s de logements permanents pour 1,6 million de personnes et l\u2019am\u00e9nagement de 810 000 hectares de terres cultivables.<\/p>\n<p>La deuxi\u00e8me, jusqu\u2019en 2030 et d\u2019un co\u00fbt de 30 milliards de dollars, verra la construction de projets d\u2019infrastructures et de zones industrielles, d\u2019un port de p\u00eache et commercial, et d\u2019un a\u00e9roport. En pr\u00e9sentant son plan \u00e0 ses pairs, le pr\u00e9sident \u00e9gyptien, Abdel Fattah al-Sissi, a annonc\u00e9 la tenue au Caire le mois prochain d\u2019une conf\u00e9rence internationale afin de mobiliser les bailleurs de fonds internationaux.<\/p>\n<p>Si le nouveau pr\u00e9sident syrien par int\u00e9rim, Ahmed alCharaa, \u00e9tait pr\u00e9sent &#8211; apr\u00e8s avoir obtenu une d\u00e9rogation des Nations unies, \u00e9tant toujours inscrit sur une liste de terroristes &#8211; le prince h\u00e9ritier saoudien, Mohammed Ben Salman (MBS), \u00e9tait repr\u00e9sent\u00e9 par son chef de la diplomatie, le prince Faysal Ben Farhan Ben Abdullah al-Saoud. La participation de l\u2019Arabie saoudite sera pourtant cruciale pour le financement de ce plan. Mais MBS ne veut pas que le Hamas garde un r\u00f4le dans l\u2019apr\u00e8s-guerre. Riyad, soutenu par les \u00c9mirats arabes unis et la Jordanie, exige un d\u00e9sarmement du mouvement islamiste, responsable de l\u2019attaque terroriste en Isra\u00ebl le 7 octobre 2023. Or ce dernier, fort de sa r\u00e9silience face \u00e0 Tsahal, refuse cat\u00e9goriquement. \u00ab Les armes de la r\u00e9sistance sont une ligne rouge non n\u00e9gociable \u00bb, a affirm\u00e9 mardi un de ses cadres, Sami Abou Zouhri. \u00ab Nous n\u2019accepterons pas de les \u00e9changer contre une reconstruction (de Gaza) ni contre l\u2019entr\u00e9e de l\u2019aide humanitaire. \u00bb Celui-ci r\u00e9pondait non seulement aux pays arabes, mais \u00e0 Isra\u00ebl qui a d\u00e9cid\u00e9 lundi de bloquer l\u2019acheminement de l\u2019aide humanitaire dans la bande de Gaza, remettant en question le cessez-lefeu, conclu il y a un mois et demi avec le Hamas, qui pr\u00e9voyait une entr\u00e9e dans sa seconde phase le 1er mars.<\/p>\n<p>&nbsp;<\/p>\n<p><strong>Appel \u00e0 la tenue d\u2019\u00e9lections<\/strong><\/p>\n<p>Le ra\u00efs \u00e9gyptien a indiqu\u00e9 travailler avec les diff\u00e9rentes factions palestiniennes pour cr\u00e9er un \u00ab comit\u00e9\u00a0 ind\u00e9pendant \u00bb compos\u00e9 de technocrates, pour g\u00e9rer Gaza. Ce comit\u00e9 pr\u00e9parera le retour de l\u2019Autorit\u00e9 palestinienne (AP), dont le pr\u00e9sident, Mahmoud Abbas, \u00e9tait pr\u00e9sent au Caire. L\u2019\u00c9gypte et la Jordanie entra\u00eeneraient des policiers palestiniens en vue de leur d\u00e9ploiement \u00e0 Gaza. Mais certains pays arabes, notamment les \u00c9mirats arabes unis, ne sont pas pr\u00eats \u00e0 financer une reconstruction si l\u2019Autorit\u00e9 palestinienne ne s\u2019est pas au pr\u00e9alable r\u00e9form\u00e9e et engag\u00e9e \u00e0 lutter contre la corruption.<\/p>\n<p>Ils veulent \u00e9galement que Mahmoud Abbas, 90 ans, passe la main. C\u2019est pourquoi le communiqu\u00e9 final appelle \u00e0 la tenue d\u2019\u00e9lections dans tous les territoires palestiniens &#8211; gel\u00e9es par Abbas depuis plus de quinze ans &#8211; \u00ab si les conditions le permettent \u00bb. Tout en annon\u00e7ant la cr\u00e9ation d\u2019un poste de vice-pr\u00e9sident, l\u2019int\u00e9ress\u00e9 a d\u00e9clar\u00e9 accepter une telle consultation, qui pourrait voir, enfin, \u00e9merger une nouvelle direction palestinienne \u00e0 m\u00eame de se r\u00e9implanter \u00e0 Gaza. Sans lui ni le Hamas.<\/p>\n<p>&nbsp;<\/p>\n<p><a href=\"https:\/\/www.lefigaro.fr\/international\/gaza-les-arabes-ebauchent-un-avenir-sans-le-hamas-ni-mahmoud-abbas-20250304\"><strong>LE FIGARO<\/strong><\/a><\/p>\n","protected":false},"excerpt":{"rendered":"<p>\u00a0Lors d\u2019un sommet extraordinaire au Caire, le pr\u00e9sident \u00e9gyptien, Abdel Fattah al-Sissi, a pr\u00e9sent\u00e9 son plan de 50 milliards de dollars. &nbsp; Le sommet arabe extraordinaire du Caire a adopt\u00e9 mardi soir le plan initi\u00e9 par l\u2019\u00c9gypte sur l\u2019avenir de la bande de Gaza visant \u00e0 contrer celui de Donald Trump qui veut placer l\u2019enclave<\/p>\n","protected":false},"author":34,"featured_media":183497,"comment_status":"open","ping_status":"open","sticky":false,"template":"","format":"standard","meta":{"_uf_show_specific_survey":0,"_uf_disable_surveys":false,"footnotes":""},"categories":[37],"tags":[],"class_list":{"0":"post-183492","1":"post","2":"type-post","3":"status-publish","4":"format-standard","5":"has-post-thumbnail","7":"category-alaune-fr"},"aioseo_notices":[],"_links":{"self":[{"href":"https:\/\/middleeasttransparent.com\/fr\/wp-json\/wp\/v2\/posts\/183492","targetHints":{"allow":["GET"]}}],"collection":[{"href":"https:\/\/middleeasttransparent.com\/fr\/wp-json\/wp\/v2\/posts"}],"about":[{"href":"https:\/\/middleeasttransparent.com\/fr\/wp-json\/wp\/v2\/types\/post"}],"author":[{"embeddable":true,"href":"https:\/\/middleeasttransparent.com\/fr\/wp-json\/wp\/v2\/users\/34"}],"replies":[{"embeddable":true,"href":"https:\/\/middleeasttransparent.com\/fr\/wp-json\/wp\/v2\/comments?post=183492"}],"version-history":[{"count":0,"href":"https:\/\/middleeasttransparent.com\/fr\/wp-json\/wp\/v2\/posts\/183492\/revisions"}],"wp:featuredmedia":[{"embeddable":true,"href":"https:\/\/middleeasttransparent.com\/fr\/wp-json\/wp\/v2\/media\/183497"}],"wp:attachment":[{"href":"https:\/\/middleeasttransparent.com\/fr\/wp-json\/wp\/v2\/media?parent=183492"}],"wp:term":[{"taxonomy":"category","embeddable":true,"href":"https:\/\/middleeasttransparent.com\/fr\/wp-json\/wp\/v2\/categories?post=183492"},{"taxonomy":"post_tag","embeddable":true,"href":"https:\/\/middleeasttransparent.com\/fr\/wp-json\/wp\/v2\/tags?post=183492"}],"curies":[{"name":"wp","href":"https:\/\/api.w.org\/{rel}","templated":true}]}}