{"id":182394,"date":"2025-02-10T21:55:00","date_gmt":"2025-02-10T20:55:00","guid":{"rendered":"https:\/\/middleeasttransparent.com\/?p=182394"},"modified":"2025-02-10T21:55:00","modified_gmt":"2025-02-10T20:55:00","slug":"a-la-frontiere-libano-syrienne-les-combats-font-rage-entre-la-nouvelle-armee-syrienne-et-les-miliciens-libanais","status":"publish","type":"post","link":"https:\/\/middleeasttransparent.com\/fr\/a-la-frontiere-libano-syrienne-les-combats-font-rage-entre-la-nouvelle-armee-syrienne-et-les-miliciens-libanais\/","title":{"rendered":"A la fronti\u00e8re libano-syrienne, les combats font rage entre la nouvelle arm\u00e9e syrienne et les miliciens libanais"},"content":{"rendered":"<article id=\"Longform\" class=\"article article--longform article--content \">\n<section class=\"article__heading\">\n<div class=\"article__header-wrap\">\n<h1 class=\"article__title\"><\/h1>\n<p><span class=\"meta__authors meta__authors--longform\" style=\"color: #0000ff;\"><span class=\"author__desc author__desc--header\">(Qoussair (Syrie) &#8211; envoy\u00e9 sp\u00e9cial)<\/span> <\/span><\/p>\n<section class=\"article__info\">\n<section class=\"article__meta\">\n<div class=\"share-btns meta meta__social meta__social--gift\"><\/div>\n<\/section>\n<section class=\"article__stand-first\">\n<p class=\"article__desc\">Sur ce territoire encore acquis au Hezbollah il y a peu et en proie aux trafics d\u2019armes et de drogue, les hommes issus de HTC, la formation islamiste au pouvoir en Syrie, tentent de retrouver une souverainet\u00e9.<\/p>\n<p>&nbsp;<\/p>\n<\/section>\n<\/section>\n<\/div>\n<\/section>\n<section class=\"article__content \">\n<p class=\"article__paragraph article__paragraph--lf\">Entour\u00e9 d\u2019un groupe d\u2019hommes en armes et de villageois, Ahmad, un combattant du hameau de Blousa, \u00e0 1\u00a0kilom\u00e8tre de la fronti\u00e8re libanaise, savoure le moment\u00a0:<em> \u00ab\u00a0Il y a encore deux jours, le territoire du Hezbollah et des trafiquants de drogue commen\u00e7ait l\u00e0 et s\u2019\u00e9tendait au Liban \u00e0 travers les montagnes. Nous les avons d\u00e9log\u00e9s.\u00a0\u00bb<\/em><\/p>\n<figure class=\"article__media article__media--default \"><img fetchpriority=\"high\" class=\"loaded aligncenter\" srcset=\" https:\/\/img.lemde.fr\/2025\/02\/10\/0\/0\/4724\/3149\/630\/0\/75\/0\/68554e1_sirius-fs-upload-1-rpbs1v7gbu0i-1739175846875-vdsl4987.jpg 1x, https:\/\/img.lemde.fr\/2025\/02\/10\/0\/0\/4724\/3149\/1260\/0\/45\/0\/68554e1_sirius-fs-upload-1-rpbs1v7gbu0i-1739175846875-vdsl4987.jpg 2x\" alt=\"Ahmad et Mohamad, combattants de HTC \u00e0 Blousa (Syrie), le 9\u00a0f\u00e9vrier 2025.\" width=\"664\" height=\"443\" data-srcset=\" https:\/\/img.lemde.fr\/2025\/02\/10\/0\/0\/4724\/3149\/630\/0\/75\/0\/68554e1_sirius-fs-upload-1-rpbs1v7gbu0i-1739175846875-vdsl4987.jpg 1x, https:\/\/img.lemde.fr\/2025\/02\/10\/0\/0\/4724\/3149\/1260\/0\/45\/0\/68554e1_sirius-fs-upload-1-rpbs1v7gbu0i-1739175846875-vdsl4987.jpg 2x\" data-was-processed=\"true\" \/><noscript><img decoding=\"async\" src=\"https:\/\/img.lemde.fr\/2025\/02\/10\/0\/0\/4724\/3149\/630\/0\/75\/0\/68554e1_sirius-fs-upload-1-rpbs1v7gbu0i-1739175846875-vdsl4987.jpg\" alt=\"Ahmad et Mohamad, combattants de HTC \u00e0 Blousa (Syrie), le 9\u00a0f\u00e9vrier 2025.\"><\/noscript><figcaption class=\"article__legend\" aria-hidden=\"true\">Ahmad et Mohamad, combattants de HTC \u00e0 Blousa (Syrie), le 9\u00a0f\u00e9vrier 2025. <span class=\"article__credit\" aria-hidden=\"true\"><span class=\"article__credit\" aria-hidden=\"true\">LAURENT VAN DER STOCKT POUR \u00ab\u00a0LE MONDE\u00a0\u00bb<\/span><\/span>&nbsp;<\/p>\n<\/figcaption><\/figure>\n<p class=\"article__paragraph article__paragraph--lf\">Depuis la chute du r\u00e9gime de Bachar Al-Assad en Syrie, le 8 d\u00e9cembre 2024, jamais la situation n\u2019avait \u00e9t\u00e9 aussi explosive \u00e0 la fronti\u00e8re. La nouvelle arm\u00e9e syrienne, compos\u00e9e d\u2019hommes issus de Hayat Tahrir Al-Cham (HTC), le groupe islamiste au pouvoir \u00e0 Damas, affronte des miliciens libanais. Ceux-ci sont li\u00e9s au trafic de drogue et d\u2019armes, avec le Hezbollah libanais. Les affrontements se concentrent autour d\u2019un chapelet de trois villages \u00e0 cheval entre les deux pays, pr\u00e8s de la ville de Qoussair, \u00e0 une trentaine de kilom\u00e8tres au sud de Homs, la capitale du centre de la Syrie.<\/p>\n<p class=\"article__paragraph article__paragraph--lf\">Si la participation directe du Hezbollah dans les combats \u2013<em> \u00ab\u00a0av\u00e9r\u00e9e\u00a0\u00bb<\/em>, selon les Syriens \u2212 n\u2019a pu \u00eatre v\u00e9rifi\u00e9e de source ind\u00e9pendante, l\u2019ombre de la milice chiite libanaise continue de planer sur la r\u00e9gion. Pour Damas, reprendre ce territoire, o\u00f9 s\u2019est d\u00e9plac\u00e9 le nouveau ministre de la d\u00e9fense, Mourhaf Abou Qasra, est le symbole d\u2019une souverainet\u00e9 recouvr\u00e9e.<\/p>\n<h2 class=\"article__sub-title\">Op\u00e9ration visant des partisans d\u2019Al-Assad<\/h2>\n<p class=\"article__paragraph article__paragraph--lf\">Dimanche 9\u00a0f\u00e9vrier, les combats ont \u00e0 nouveau fait trois morts c\u00f4t\u00e9 libanais, portant le bilan provisoire au Liban \u00e0 une dizaine de tu\u00e9s depuis le d\u00e9but des affrontements, commenc\u00e9s quatre jours avant, lors d\u2019une op\u00e9ration ciblant des armes et des hommes recherch\u00e9s en raison leur appartenance pr\u00e9sum\u00e9e \u00e0 l\u2019ancien r\u00e9gime. Egalement cibl\u00e9s, les sites de stockage de captagon, une drogue dont la consommation et la production ont largement contribu\u00e9 \u00e0 enrichir le r\u00e9gime Al-Assad. Mais l\u2019op\u00e9ration de police a tourn\u00e9 \u00e0 la bataille rang\u00e9e et \u00e0 un d\u00e9but de crise entre les deux pays.<\/p>\n<section class=\"catcher catcher--favoris\">\n<div class=\"catcher__favorite\"><\/div>\n<\/section>\n<p class=\"article__paragraph article__paragraph--lf\">Pour Ahmad, le combat a une dimension personnelle. En\u00a02013, fuyant la guerre, ce modeste agriculteur avait \u00e9t\u00e9 kidnapp\u00e9 par des <em>\u00ab\u00a0Libanais en armes\u00a0\u00bb<\/em> alors qu\u2019il tentait de rejoindre le pays du C\u00e8dre dans l\u2019espoir d\u2019immigrer en Europe. <em>\u00ab\u00a0Ils m\u2019ont litt\u00e9ralement vendu aux miliciens du r\u00e9gime syrien contre une liasse de dollars.\u00a0\u00bb <\/em><strong>Ahmad est exp\u00e9di\u00e9 \u00e0 Saydnaya, la sinistre prison de la banlieue de Damas o\u00f9 des dizaines de milliers de d\u00e9tenus ont disparu. Il y passera deux ans. <\/strong><em><strong>\u00ab\u00a0J\u2019y ai \u00e9t\u00e9 enferm\u00e9 parce que je suis sunnite. Les familles de notre village ont fui car elles \u00e9taient cibl\u00e9es sur une base confessionnelle. Des gens du Hezbollah ou des trafiquants les ont remplac\u00e9s<\/strong>\u00a0\u00bb<\/em>, explique-t-il. Ahmad est de retour sur ces terres, une Kalachnikov en bandouli\u00e8re. D\u00e9ploy\u00e9e sur la fa\u00e7ade de l\u2019\u00e9cole de Blousa, une banderole affiche les visages de cinq habitants du bourg exp\u00e9di\u00e9s comme lui \u00e0 Saydnaya. Eux n\u2019en sont jamais revenus.<\/p>\n<figure class=\"article__media article__media--default \"><img class=\"loaded aligncenter\" srcset=\" https:\/\/img.lemde.fr\/2025\/02\/10\/0\/0\/4724\/3149\/630\/0\/75\/0\/68f7405_sirius-fs-upload-1-eyzvigtzscas-1739175846893-vdsl4779.jpg 1x, https:\/\/img.lemde.fr\/2025\/02\/10\/0\/0\/4724\/3149\/1260\/0\/45\/0\/68f7405_sirius-fs-upload-1-eyzvigtzscas-1739175846893-vdsl4779.jpg 2x\" alt=\"Un lance-roquettes de HTC \u00e0 Hawiq, village syrien proche de la fronti\u00e8re libanaise. Le 9\u00a0f\u00e9vrier 2025\" width=\"664\" height=\"443\" data-srcset=\" https:\/\/img.lemde.fr\/2025\/02\/10\/0\/0\/4724\/3149\/630\/0\/75\/0\/68f7405_sirius-fs-upload-1-eyzvigtzscas-1739175846893-vdsl4779.jpg 1x, https:\/\/img.lemde.fr\/2025\/02\/10\/0\/0\/4724\/3149\/1260\/0\/45\/0\/68f7405_sirius-fs-upload-1-eyzvigtzscas-1739175846893-vdsl4779.jpg 2x\" data-was-processed=\"true\" \/><noscript><img decoding=\"async\" src=\"https:\/\/img.lemde.fr\/2025\/02\/10\/0\/0\/4724\/3149\/630\/0\/75\/0\/68f7405_sirius-fs-upload-1-eyzvigtzscas-1739175846893-vdsl4779.jpg\" alt=\"Un lance-roquettes de HTC \u00e0 Hawiq, village syrien proche de la fronti\u00e8re libanaise. Le 9\u00a0f\u00e9vrier 2025\"><\/noscript><figcaption class=\"article__legend\" aria-hidden=\"true\">Un lance-roquettes de HTC \u00e0 Hawiq, village syrien proche de la fronti\u00e8re libanaise. Le 9\u00a0f\u00e9vrier 2025 <span class=\"article__credit\" aria-hidden=\"true\"><span class=\"article__credit\" aria-hidden=\"true\">LAURENT VAN DER STOCKT POUR \u00ab\u00a0LE MONDE\u00a0\u00bb<\/span><\/span>&nbsp;<\/p>\n<\/figcaption><\/figure>\n<figure class=\"article__media article__media--wide\"><img class=\"loaded aligncenter\" srcset=\" https:\/\/img.lemde.fr\/2025\/02\/10\/0\/0\/4724\/3149\/1920\/0\/75\/0\/65ff79a_sirius-fs-upload-1-uzscck8jn673-1739175846862-vdsl4636.jpg 1x, https:\/\/img.lemde.fr\/2025\/02\/10\/0\/0\/4724\/3149\/3840\/0\/45\/0\/65ff79a_sirius-fs-upload-1-uzscck8jn673-1739175846862-vdsl4636.jpg 2x, https:\/\/img.lemde.fr\/2025\/02\/10\/0\/0\/4724\/3149\/5760\/0\/45\/0\/65ff79a_sirius-fs-upload-1-uzscck8jn673-1739175846862-vdsl4636.jpg 3x, https:\/\/img.lemde.fr\/2025\/02\/10\/0\/0\/4724\/3149\/7680\/0\/45\/0\/65ff79a_sirius-fs-upload-1-uzscck8jn673-1739175846862-vdsl4636.jpg 4x\" alt=\"A Hawiq, un membre de HTC r\u00e9conforte les villageois qui doivent subir les combats. Le 9\u00a0f\u00e9vrier 2025\" width=\"664\" height=\"443\" data-srcset=\" https:\/\/img.lemde.fr\/2025\/02\/10\/0\/0\/4724\/3149\/1920\/0\/75\/0\/65ff79a_sirius-fs-upload-1-uzscck8jn673-1739175846862-vdsl4636.jpg 1x, https:\/\/img.lemde.fr\/2025\/02\/10\/0\/0\/4724\/3149\/3840\/0\/45\/0\/65ff79a_sirius-fs-upload-1-uzscck8jn673-1739175846862-vdsl4636.jpg 2x, https:\/\/img.lemde.fr\/2025\/02\/10\/0\/0\/4724\/3149\/5760\/0\/45\/0\/65ff79a_sirius-fs-upload-1-uzscck8jn673-1739175846862-vdsl4636.jpg 3x, https:\/\/img.lemde.fr\/2025\/02\/10\/0\/0\/4724\/3149\/7680\/0\/45\/0\/65ff79a_sirius-fs-upload-1-uzscck8jn673-1739175846862-vdsl4636.jpg 4x\" data-was-processed=\"true\" \/><noscript><img decoding=\"async\" src=\"https:\/\/img.lemde.fr\/2025\/02\/10\/0\/0\/4724\/3149\/1920\/0\/75\/0\/65ff79a_sirius-fs-upload-1-uzscck8jn673-1739175846862-vdsl4636.jpg\" alt=\"A Hawiq, un membre de HTC r\u00e9conforte les villageois qui doivent subir les combats. Le 9\u00a0f\u00e9vrier 2025\"><\/noscript><figcaption class=\"article__legend\" aria-hidden=\"true\">A Hawiq, un membre de HTC r\u00e9conforte les villageois qui doivent subir les combats. Le 9\u00a0f\u00e9vrier 2025 <span class=\"article__credit\" aria-hidden=\"true\"><span class=\"article__credit\" aria-hidden=\"true\">LAURENT VAN DER STOCKT POUR \u00ab\u00a0LE MONDE\u00a0\u00bb<\/span><\/span>&nbsp;<\/p>\n<\/figcaption><\/figure>\n<p class=\"article__paragraph article__paragraph--lf\">La r\u00e9gion a \u00e9t\u00e9, dix ans durant, un bastion du Hezbollah, la milice chiite libanaise alli\u00e9e \u00e0 l\u2019ancien r\u00e9gime syrien. <strong>Elle y avait \u00e9tabli ses bases apr\u00e8s y avoir d\u00e9log\u00e9, en\u00a02013, les groupes rebelles syriens lors d\u2019un si\u00e8ge implacable qui a provoqu\u00e9 l\u2019exode de plus de 50\u00a0000\u00a0habitants. Depuis, le groupe libanais contr\u00f4lait la cit\u00e9 et ses environs\u00a0: une position strat\u00e9gique qui facilitait les transferts d\u2019armes vers le Liban depuis le centre de la Syrie.<\/strong><\/p>\n<h2 class=\"article__sub-title\">Zone \u00ab\u00a0truff\u00e9e de caches d\u2019armes et de captagon\u00a0\u00bb<\/h2>\n<p class=\"article__paragraph article__paragraph--lf\">L\u2019offensive de la coalition men\u00e9e par HTC qui a balay\u00e9 l\u2019ancien r\u00e9gime en d\u00e9cembre 2024 a mis fin \u00e0 sa pr\u00e9sence. Le temps du Hezbollah \u00e0 Qoussair \u00e9tait r\u00e9volu, mais pas dans la campagne alentour, \u00e0 en croire Abou Bakr, l\u2019officier issu de HTC charg\u00e9 de la s\u00e9curit\u00e9, install\u00e9 \u00e0 Hawiq, l\u2019un des trois hameaux repris par l\u2019arm\u00e9e syrienne. Pour acc\u00e9der au village, d\u00e9cr\u00e9t\u00e9 zone de guerre, les rares habitants comme les combattants doivent fournir un mot de passe aux checkpoints qui en barrent l\u2019acc\u00e8s. Issus majoritairement de HTC, les soldats bivouaquent dans les maisons abandonn\u00e9es ou se r\u00e9chauffent autour d\u2019un feu en bord de chemin.<\/p>\n<section class=\"catcher catcher--favoris\">\n<div><\/div>\n<div class=\"catcher__favorite\"><strong><em>\u00ab\u00a0Cette zone \u00e9tait toujours sous le contr\u00f4le du Hezbollah et des clans libanais. L\u2019ancien r\u00e9gime leur avait litt\u00e9ralement livr\u00e9 la r\u00e9gion. Ils l\u2019ont truff\u00e9e de caches d\u2019armes et de captagon. Ces trois villages qui s\u2019\u00e9tendent sur une bande de sept kilom\u00e8tres \u00e9taient habit\u00e9s majoritairement par des personnes de nationalit\u00e9 libanaise, mais aussi de Syriens qui collaboraient avec eux<\/em>, assure Abou Bakr. <em>Nous avons laiss\u00e9 le choix aux Syriens de d\u00e9poser les armes et de r\u00e9gulariser leur situation, et exig\u00e9 des Libanais qu\u2019ils quittent le territoire syrien. Mais ils ont fait le choix de nous affronter.\u00a0\u00bb<\/em><\/strong><\/div>\n<\/section>\n<figure class=\"article__media article__media--default \"><img loading=\"lazy\" class=\"loaded aligncenter\" srcset=\" https:\/\/img.lemde.fr\/2025\/02\/10\/0\/0\/4724\/3149\/630\/0\/75\/0\/b3e8b0e_sirius-fs-upload-1-owtr5oayz1mh-1739175846879-vdsl4867.jpg 1x, https:\/\/img.lemde.fr\/2025\/02\/10\/0\/0\/4724\/3149\/1260\/0\/45\/0\/b3e8b0e_sirius-fs-upload-1-owtr5oayz1mh-1739175846879-vdsl4867.jpg 2x\" alt=\"Une famille kurde r\u00e9fugi\u00e9e \u00e0 Hawiq, un village syrien qui \u00e9tait contr\u00f4l\u00e9 par le Hezbollah depuis 2013. Le 9\u00a0f\u00e9vrier 2025.\" width=\"664\" height=\"443\" data-srcset=\" https:\/\/img.lemde.fr\/2025\/02\/10\/0\/0\/4724\/3149\/630\/0\/75\/0\/b3e8b0e_sirius-fs-upload-1-owtr5oayz1mh-1739175846879-vdsl4867.jpg 1x, https:\/\/img.lemde.fr\/2025\/02\/10\/0\/0\/4724\/3149\/1260\/0\/45\/0\/b3e8b0e_sirius-fs-upload-1-owtr5oayz1mh-1739175846879-vdsl4867.jpg 2x\" data-was-processed=\"true\" \/><noscript><img decoding=\"async\" src=\"https:\/\/img.lemde.fr\/2025\/02\/10\/0\/0\/4724\/3149\/630\/0\/75\/0\/b3e8b0e_sirius-fs-upload-1-owtr5oayz1mh-1739175846879-vdsl4867.jpg\" alt=\"Une famille kurde r\u00e9fugi\u00e9e \u00e0 Hawiq, un village syrien qui \u00e9tait contr\u00f4l\u00e9 par le Hezbollah depuis 2013. Le 9\u00a0f\u00e9vrier 2025.\"><\/noscript><figcaption class=\"article__legend\" aria-hidden=\"true\">Une famille kurde r\u00e9fugi\u00e9e \u00e0 Hawiq, un village syrien qui \u00e9tait contr\u00f4l\u00e9 par le Hezbollah depuis 2013. Le 9\u00a0f\u00e9vrier 2025. <span class=\"article__credit\" aria-hidden=\"true\">LAURENT VAN DER STOCKT POUR \u00ab\u00a0LE MONDE\u00a0\u00bb<\/span><\/figcaption><\/figure>\n<figure class=\"article__media article__media--default \"><img loading=\"lazy\" class=\"loaded aligncenter\" srcset=\" https:\/\/img.lemde.fr\/2025\/02\/10\/0\/0\/4724\/3149\/630\/0\/75\/0\/b79dbe6_sirius-fs-upload-1-exq1z4gpnh2q-1739181148995-vdsl4460.jpg 1x, https:\/\/img.lemde.fr\/2025\/02\/10\/0\/0\/4724\/3149\/1260\/0\/45\/0\/b79dbe6_sirius-fs-upload-1-exq1z4gpnh2q-1739181148995-vdsl4460.jpg 2x\" alt=\"Un char d\u2019assaut de HTC \u00e0 Hawiq, un village syrien proche de la fronti\u00e8re libanaise, en Syrie le 9\u00a0f\u00e9vrier 2025.\" width=\"664\" height=\"443\" data-srcset=\" https:\/\/img.lemde.fr\/2025\/02\/10\/0\/0\/4724\/3149\/630\/0\/75\/0\/b79dbe6_sirius-fs-upload-1-exq1z4gpnh2q-1739181148995-vdsl4460.jpg 1x, https:\/\/img.lemde.fr\/2025\/02\/10\/0\/0\/4724\/3149\/1260\/0\/45\/0\/b79dbe6_sirius-fs-upload-1-exq1z4gpnh2q-1739181148995-vdsl4460.jpg 2x\" data-was-processed=\"true\" \/><noscript><img decoding=\"async\" src=\"https:\/\/img.lemde.fr\/2025\/02\/10\/0\/0\/4724\/3149\/630\/0\/75\/0\/b79dbe6_sirius-fs-upload-1-exq1z4gpnh2q-1739181148995-vdsl4460.jpg\" alt=\"Un char d\u2019assaut de HTC \u00e0 Hawiq, un village syrien proche de la fronti\u00e8re libanaise, en Syrie le 9\u00a0f\u00e9vrier 2025.\"><\/noscript><figcaption class=\"article__legend\" aria-hidden=\"true\">Un char d\u2019assaut de HTC \u00e0 Hawiq, un village syrien proche de la fronti\u00e8re libanaise, en Syrie le 9\u00a0f\u00e9vrier 2025. <span class=\"article__credit\" aria-hidden=\"true\"><span class=\"article__credit\" aria-hidden=\"true\">LAURENT VAN DER STOCKT POUR \u00ab\u00a0LE MONDE\u00a0\u00bb<\/span><\/span>&nbsp;<\/p>\n<\/figcaption><\/figure>\n<p class=\"article__paragraph article__paragraph--lf\">Les \u00ab\u00a0clans\u00a0\u00bb libanais impliqu\u00e9s dans les combats sont issus de familles install\u00e9es de longue date le long de la bande frontali\u00e8re o\u00f9 la d\u00e9marcation entre les deux pays est floue\u00a0: une zone enclav\u00e9e, ouverte \u00e0 la contrebande et \u00e0 tous les trafics. Dans le viseur des combattants syriens\u00a0: <em>\u00ab\u00a0les hommes de Nouh Zaiter, notamment\u00a0\u00bb<\/em>, explique Abou Bakr. <strong>Nouh Zaiter<\/strong>, l\u2019un des plus puissants trafiquants de drogue et d\u2019armes du Liban, recherch\u00e9 par Interpol, et qui n\u2019a jamais cach\u00e9 sa proximit\u00e9 avec le Hezbollah.<\/p>\n<p class=\"article__paragraph article__paragraph--lf\"><strong>Affaiblie par sa guerre contre Isra\u00ebl dans le sud du pays, la milice chiite est, elle, soup\u00e7onn\u00e9e de se servir de la cha\u00eene de montagnes s\u00e9parant la Syrie du Liban comme base arri\u00e8re logistique.<\/strong> Dans la nuit du 9\u00a0au 10\u00a0f\u00e9vrier, c\u2019est cette fois l\u2019arm\u00e9e isra\u00e9lienne qui a annonc\u00e9 avoir bombard\u00e9 <em>\u00ab\u00a0un tunnel s\u2019\u00e9tendant du territoire syrien au territoire libanais\u00a0\u00bb<\/em>, utilis\u00e9, selon elle, <em>\u00ab\u00a0par le Hezbollah pour faire passer des armes\u00a0\u00bb. <\/em>A quelques encablures des combats en cours entre Syriens et Libanais.<\/p>\n<h2 class=\"article__sub-title\">\u00ab\u00a0Il va falloir aller les d\u00e9busquer \u00e0 pied\u00a0\u00bb<\/h2>\n<p class=\"article__paragraph article__paragraph--lf\">Ironie du moment, \u00e0 Hawiq, o\u00f9 les forces syriennes ont d\u00e9ploy\u00e9 des chars, les roquettes qui s\u2019\u00e9lancent dans un miaulement assourdissant en direction des positions libanaises sont tir\u00e9es depuis une jeep Safir de fabrication iranienne, sans doute prise \u00e0 une milice syrienne pro-iranienne, si ce n\u2019est au Hezbollah lui-m\u00eame. <em>\u00ab\u00a0Sadiq\u00a0\u00bb<\/em> (\u00ab\u00a0tir ami\u00a0\u00bb), commentait un peu plus t\u00f4t \u00e0 Qoussair un responsable\u00a0politique de la r\u00e9gion issu de HTC, tandis que les d\u00e9tonations sourdes d\u2019une pi\u00e8ce d\u2019artillerie faisaient vibrer l\u2019air \u00e0 chaque obus tir\u00e9 en direction des montagnes. Install\u00e9 dans les locaux de l\u2019ancien parti Baas, l\u2019homme re\u00e7oit les soldats de passage dans une grande pi\u00e8ce froide que peine \u00e0 r\u00e9chauffer un vieux po\u00eale sur lequel est pos\u00e9e une cafeti\u00e8re. Jibril, un officier, \u00e9value \u00e0<em> \u00ab\u00a0de grosses dizaines, voire quelques centaines\u00a0\u00bb<\/em>, le nombre de combattants libanais encore retranch\u00e9s sur les hauteurs surplombant les trois villages syriens.<em> \u00ab\u00a0Ils sont mobiles et profitent du terrain et de la v\u00e9g\u00e9tation. Il va falloir aller les d\u00e9busquer \u00e0 pied\u2026\u00a0\u00bb<\/em><\/p>\n<section class=\"catcher catcher--favoris\">\n<div class=\"catcher__favorite\"><\/div>\n<\/section>\n<p class=\"article__paragraph article__paragraph--lf\"><strong>Les autorit\u00e9s du pays du C\u00e8dre accusent, elles, les forces syriennes de tirer sur des localit\u00e9s situ\u00e9es sur leur territoire et d\u2019avoir bless\u00e9 plus d\u2019une dizaine de civils<\/strong>. Deux drones arm\u00e9s lanc\u00e9s depuis la Syrie ont \u00e9t\u00e9 abattus au-dessus du territoire libanais le 9\u00a0f\u00e9vrier, assure l\u2019Agence nationale de presse. Le 8\u00a0f\u00e9vrier, l\u2019arm\u00e9e libanaise, en cours de d\u00e9ploiement de l\u2019autre c\u00f4t\u00e9 de la fronti\u00e8re, a annonc\u00e9 avoir ripost\u00e9 \u00e0 des tirs provenant de Syrie. La veille, le pr\u00e9sident libanais, Joseph Aoun, avait appel\u00e9 <a href=\"https:\/\/www.lemonde.fr\/international\/article\/2025\/01\/30\/syrie-ahmed-al-charaa-nomme-president-par-interim_6522832_3210.html\">son homologue syrien par int\u00e9rim, Ahmed Al-Charaa<\/a>, et discut\u00e9 de <em>\u00ab\u00a0la ma\u00eetrise de la situation \u00e0 la fronti\u00e8re libano-syrienne et de la pr\u00e9vention des attaques contre les civils\u00a0\u00bb<\/em>, selon un communiqu\u00e9 de la pr\u00e9sidence \u00e0 Beyrouth.<\/p>\n<p class=\"article__paragraph article__paragraph--lf\"><strong>C\u00f4t\u00e9 syrien, dans et autour de la ville de Qoussair en grande partie d\u00e9truite, un timide retour des habitants s\u2019amorce<\/strong>. Errant au milieu des ruines de Hay Al-Chamal, Abdelhalim Ayoun est rentr\u00e9 chez lui depuis une semaine. <strong>Apr\u00e8s douze ans d\u2019absence.<\/strong> Il avait fui le si\u00e8ge et l\u2019assaut du Hezbollah <strong>en\u00a02013,<\/strong> avant d\u2019\u00e9chouer dans la r\u00e9gion libanaise <strong>d\u2019Ersa<\/strong>l, de l\u2019autre c\u00f4t\u00e9 de la fronti\u00e8re, dans un camp d\u2019habitations de fortune o\u00f9 s\u2019entassaient comme lui des centaines de Syriens survivant de menus travaux agricoles. <em>\u00ab\u00a0L\u00e0-bas on est maltrait\u00e9\u00a0: nous avons v\u00e9cu des ann\u00e9es de privations. J\u2019ai d\u00e9cid\u00e9 de rentrer, m\u00eame s\u2019il ne me reste plus grand-chose\u00a0\u00bb,<\/em> explique-t-il en d\u00e9signant sa maison dont ne subsistent que les murs ext\u00e9rieurs.<\/p>\n<figure class=\"article__media article__media--default \"><img loading=\"lazy\" class=\"loaded aligncenter\" srcset=\" https:\/\/img.lemde.fr\/2025\/02\/10\/0\/0\/4724\/3149\/630\/0\/75\/0\/0968519_sirius-fs-upload-1-2kcyahyzc0ch-1739175857186-vdsl5237.jpg 1x, https:\/\/img.lemde.fr\/2025\/02\/10\/0\/0\/4724\/3149\/1260\/0\/45\/0\/0968519_sirius-fs-upload-1-2kcyahyzc0ch-1739175857186-vdsl5237.jpg 2x\" alt=\"Abdelhahim Ayoun, revenu \u00e0 Qoussair, en Syrie, le 9\u00a0f\u00e9vrier 2025.\" width=\"664\" height=\"443\" data-srcset=\" https:\/\/img.lemde.fr\/2025\/02\/10\/0\/0\/4724\/3149\/630\/0\/75\/0\/0968519_sirius-fs-upload-1-2kcyahyzc0ch-1739175857186-vdsl5237.jpg 1x, https:\/\/img.lemde.fr\/2025\/02\/10\/0\/0\/4724\/3149\/1260\/0\/45\/0\/0968519_sirius-fs-upload-1-2kcyahyzc0ch-1739175857186-vdsl5237.jpg 2x\" data-was-processed=\"true\" \/><noscript><img decoding=\"async\" src=\"https:\/\/img.lemde.fr\/2025\/02\/10\/0\/0\/4724\/3149\/630\/0\/75\/0\/0968519_sirius-fs-upload-1-2kcyahyzc0ch-1739175857186-vdsl5237.jpg\" alt=\"Abdelhahim Ayoun, revenu \u00e0 Qoussair, en Syrie, le 9\u00a0f\u00e9vrier 2025.\"><\/noscript><figcaption class=\"article__legend\" aria-hidden=\"true\">Abdelhahim Ayoun, revenu \u00e0 Qoussair, en Syrie, le 9\u00a0f\u00e9vrier 2025. <span class=\"article__credit\" aria-hidden=\"true\">LAURENT VAN DER STOCKT POUR \u00ab\u00a0LE MONDE\u00a0\u00bb<\/span><\/figcaption><\/figure>\n<figure class=\"article__media article__media--wide\"><img loading=\"lazy\" class=\"initial loaded\" srcset=\" https:\/\/img.lemde.fr\/2025\/02\/10\/0\/0\/4724\/3149\/1920\/0\/75\/0\/c913813_sirius-fs-upload-1-mvwmm22yt298-1739175855276-vdsl5065.jpg 1x, https:\/\/img.lemde.fr\/2025\/02\/10\/0\/0\/4724\/3149\/3840\/0\/45\/0\/c913813_sirius-fs-upload-1-mvwmm22yt298-1739175855276-vdsl5065.jpg 2x, https:\/\/img.lemde.fr\/2025\/02\/10\/0\/0\/4724\/3149\/5760\/0\/45\/0\/c913813_sirius-fs-upload-1-mvwmm22yt298-1739175855276-vdsl5065.jpg 3x, https:\/\/img.lemde.fr\/2025\/02\/10\/0\/0\/4724\/3149\/7680\/0\/45\/0\/c913813_sirius-fs-upload-1-mvwmm22yt298-1739175855276-vdsl5065.jpg 4x\" alt=\"A la sortie des villages, repris aux membres du Hezbollah, des dizaines de v\u00e9hicules charg\u00e9s de mobilier pris dans les maisons abandonn\u00e9es roulent vers Qoussair, en Syrie. Le 9\u00a0f\u00e9vrier 2025.\" width=\"664\" height=\"443\" data-srcset=\" https:\/\/img.lemde.fr\/2025\/02\/10\/0\/0\/4724\/3149\/1920\/0\/75\/0\/c913813_sirius-fs-upload-1-mvwmm22yt298-1739175855276-vdsl5065.jpg 1x, https:\/\/img.lemde.fr\/2025\/02\/10\/0\/0\/4724\/3149\/3840\/0\/45\/0\/c913813_sirius-fs-upload-1-mvwmm22yt298-1739175855276-vdsl5065.jpg 2x, https:\/\/img.lemde.fr\/2025\/02\/10\/0\/0\/4724\/3149\/5760\/0\/45\/0\/c913813_sirius-fs-upload-1-mvwmm22yt298-1739175855276-vdsl5065.jpg 3x, https:\/\/img.lemde.fr\/2025\/02\/10\/0\/0\/4724\/3149\/7680\/0\/45\/0\/c913813_sirius-fs-upload-1-mvwmm22yt298-1739175855276-vdsl5065.jpg 4x\" data-was-processed=\"true\" \/><noscript><img decoding=\"async\" src=\"https:\/\/img.lemde.fr\/2025\/02\/10\/0\/0\/4724\/3149\/1920\/0\/75\/0\/c913813_sirius-fs-upload-1-mvwmm22yt298-1739175855276-vdsl5065.jpg\" alt=\"A la sortie des villages, repris aux membres du Hezbollah, des dizaines de v\u00e9hicules charg\u00e9s de mobilier pris dans les maisons abandonn\u00e9es roulent vers Qoussair, en Syrie. Le 9\u00a0f\u00e9vrier 2025.\"><\/noscript><figcaption class=\"article__legend\" aria-hidden=\"true\">A la sortie des villages, repris aux membres du Hezbollah, des dizaines de v\u00e9hicules charg\u00e9s de mobilier pris dans les maisons abandonn\u00e9es roulent vers Qoussair, en Syrie. Le 9\u00a0f\u00e9vrier 2025. <span class=\"article__credit\" aria-hidden=\"true\"><span class=\"article__credit\" aria-hidden=\"true\">LAURENT VAN DER STOCKT POUR \u00ab\u00a0LE MONDE\u00a0\u00bb<\/span><\/span>&nbsp;<\/p>\n<\/figcaption><\/figure>\n<p class=\"article__paragraph article__paragraph--lf\">Vaincus d\u2019hier ou opportunistes viennent pr\u00e9lever leur \u00e9cot sur ce qu\u2019ont laiss\u00e9 les vaincus d\u2019aujourd\u2019hui.<strong> Les maisons abandonn\u00e9es par les familles libanaises sont m\u00e9ticuleusement pill\u00e9es<\/strong>\u00a0: dimanche, la route qui relie les villages repris par la nouvelle arm\u00e9e syrienne \u00e0 Qoussair \u00e9tait emprunt\u00e9e par une file de camionnettes ou de tracteurs charg\u00e9s de meubles, portes, fen\u00eatres, canap\u00e9s ou miroirs.<\/p>\n<\/section>\n<\/article>\n<p>&nbsp;<\/p>\n<p><a href=\"https:\/\/www.lemonde.fr\/international\/article\/2025\/02\/10\/a-la-frontiere-libano-syrienne-les-combats-font-rage-entre-la-nouvelle-armee-syrienne-et-les-miliciens-libanais_6540237_3210.html\"><strong>LE MONDE<\/strong><\/a><\/p>\n","protected":false},"excerpt":{"rendered":"<p>(Qoussair (Syrie) &#8211; envoy\u00e9 sp\u00e9cial) Sur ce territoire encore acquis au Hezbollah il y a peu et en proie aux trafics d\u2019armes et de drogue, les hommes issus de HTC, la formation islamiste au pouvoir en Syrie, tentent de retrouver une souverainet\u00e9. &nbsp; Entour\u00e9 d\u2019un groupe d\u2019hommes en armes et de villageois, Ahmad, un combattant<\/p>\n","protected":false},"author":378,"featured_media":182401,"comment_status":"open","ping_status":"open","sticky":false,"template":"","format":"standard","meta":{"_uf_show_specific_survey":0,"_uf_disable_surveys":false,"footnotes":""},"categories":[37],"tags":[],"class_list":{"0":"post-182394","1":"post","2":"type-post","3":"status-publish","4":"format-standard","5":"has-post-thumbnail","7":"category-alaune-fr"},"aioseo_notices":[],"_links":{"self":[{"href":"https:\/\/middleeasttransparent.com\/fr\/wp-json\/wp\/v2\/posts\/182394","targetHints":{"allow":["GET"]}}],"collection":[{"href":"https:\/\/middleeasttransparent.com\/fr\/wp-json\/wp\/v2\/posts"}],"about":[{"href":"https:\/\/middleeasttransparent.com\/fr\/wp-json\/wp\/v2\/types\/post"}],"author":[{"embeddable":true,"href":"https:\/\/middleeasttransparent.com\/fr\/wp-json\/wp\/v2\/users\/378"}],"replies":[{"embeddable":true,"href":"https:\/\/middleeasttransparent.com\/fr\/wp-json\/wp\/v2\/comments?post=182394"}],"version-history":[{"count":0,"href":"https:\/\/middleeasttransparent.com\/fr\/wp-json\/wp\/v2\/posts\/182394\/revisions"}],"wp:featuredmedia":[{"embeddable":true,"href":"https:\/\/middleeasttransparent.com\/fr\/wp-json\/wp\/v2\/media\/182401"}],"wp:attachment":[{"href":"https:\/\/middleeasttransparent.com\/fr\/wp-json\/wp\/v2\/media?parent=182394"}],"wp:term":[{"taxonomy":"category","embeddable":true,"href":"https:\/\/middleeasttransparent.com\/fr\/wp-json\/wp\/v2\/categories?post=182394"},{"taxonomy":"post_tag","embeddable":true,"href":"https:\/\/middleeasttransparent.com\/fr\/wp-json\/wp\/v2\/tags?post=182394"}],"curies":[{"name":"wp","href":"https:\/\/api.w.org\/{rel}","templated":true}]}}