{"id":182319,"date":"2025-02-09T16:22:27","date_gmt":"2025-02-09T15:22:27","guid":{"rendered":"https:\/\/middleeasttransparent.com\/?p=182319"},"modified":"2025-02-09T19:20:05","modified_gmt":"2025-02-09T18:20:05","slug":"gouvernement-libanais-quand-le-pouvoir-executoire-rentre-chez-lui","status":"publish","type":"post","link":"https:\/\/middleeasttransparent.com\/fr\/gouvernement-libanais-quand-le-pouvoir-executoire-rentre-chez-lui\/","title":{"rendered":"Gouvernement Libanais:  quand le pouvoir ex\u00e9cutoire rentre chez lui"},"content":{"rendered":"<p class=\"s7\"><span class=\"s8\">L\u2019adage traditionnel affirme que la politique est l\u2019art du possible. Le nouveau gouvernement libanais, n\u00e9 en ce 8 f\u00e9vrier 2025 en est une parfaite illustration. L\u2019\u00e9quipe qui compose le cabinet<\/span><span class=\"s8\">,<\/span> <span class=\"s8\">laisse penser que ce dernier est, <\/span><span class=\"s8\">dans le contexte actuel<\/span><span class=\"s8\">, le meilleur politiquement<\/span><span class=\"s8\"> possible, tant en mati\u00e8re de politique int\u00e9rieure que de consid\u00e9rations g\u00e9opolitiques externes.<\/span><\/p>\n<p class=\"s7\"><span class=\"s9\">D\u2019abord le constat.<\/span><span class=\"s8\"> Le cabinet de Nawwaf Salam n\u2019est pas tout \u00e0 fait indemne de la pr\u00e9sence de membres de partis politiques qui tiennent depuis si longtemps le sort du pays en otage<\/span><span class=\"s8\"> sous la coupe du Hezbollah<\/span><span class=\"s8\">. Tout le monde redoutait<\/span><span class=\"s8\">l\u2019entr\u00e9e au gouvernement de pions <\/span><span class=\"s8\">du duo sectaire Amal-Hezbollah<\/span><span class=\"s8\">, notamment de leur <\/span><span class=\"s8\">exigence de disposer du <\/span><span class=\"s8\">portefeuille des finances. Le nouveau ministre <\/span><span class=\"s8\">en charge <\/span><span class=\"s8\">de<\/span><span class=\"s8\"> ce portefeuille<\/span><span class=\"s8\">, Yassine Jaber, est effectivement issu du milieu du parti Amal de Nabih Berri, <\/span><span class=\"s8\">m\u00eame s\u2019il se d\u00e9clare non-affili\u00e9 organiquement au mouvement Amal. <\/span><\/p>\n<p class=\"s7\"><span class=\"s8\">Cependant, <\/span><span class=\"s8\">une dissection attentive du cabinet permet de <\/span><span class=\"s8\">discerner<\/span><span class=\"s8\"> plusieurs cons\u00e9quences<\/span><span class=\"s8\"> qui viennent nuancer toute d\u00e9ception dans le camp dit souverainiste ainsi que toute d\u00e9sillusion politiquement pessimiste.<\/span><\/p>\n<p class=\"s7\"><a href=\"https:\/\/middleeasttransparent.com\/fr\/gouvernement-libanais-quand-le-pouvoir-executoire-rentre-chez-lui\/govt-image\/\" rel=\"attachment wp-att-182323\"><img fetchpriority=\"high\" decoding=\"async\" class=\"aligncenter size-full wp-image-182323\" src=\"https:\/\/middleeasttransparent.com\/wp-content\/uploads\/2025\/02\/govt-image-1.png\" alt=\"\" width=\"463\" height=\"283\" srcset=\"https:\/\/middleeasttransparent.com\/wp-content\/uploads\/2025\/02\/govt-image-1.png 463w, https:\/\/middleeasttransparent.com\/wp-content\/uploads\/2025\/02\/govt-image-1-150x92.png 150w, https:\/\/middleeasttransparent.com\/wp-content\/uploads\/2025\/02\/govt-image-1-450x275.png 450w\" sizes=\"(max-width: 463px) 100vw, 463px\" \/><\/a><\/p>\n<p class=\"s7\"><strong><span class=\"s9\">Primo<\/span><\/strong><span class=\"s8\">. L<\/span><span class=\"s8\">e groupe chiite<\/span><span class=\"s8\">, au sein <\/span><span class=\"s8\">du <\/span><span class=\"s8\">cabinet<\/span><span class=\"s8\">,<\/span><span class=\"s8\"> ne forme <\/span><span class=\"s8\">plus<\/span><span class=\"s8\"> un bloc homog\u00e8ne en mesure <\/span><span class=\"s8\">d\u2019imposer <\/span><span class=\"s8\">des diktats <\/span><span class=\"s8\">comminatoires, <\/span><span class=\"s8\">en ex\u00e9cution de \u00ab\u00a0bulles canoniques\u00a0\u00bb \u00e9mises par <\/span><span class=\"s8\">les <\/span><span class=\"s8\">Mollahs<\/span><span class=\"s8\"> de <\/span><span class=\"s8\">T\u00e9h\u00e9ran<\/span><span class=\"s8\">. Le cinqui\u00e8me ministre chiite<\/span><span class=\"s8\">Fadi <\/span><span class=\"s8\">Makki, sorti<\/span> <span class=\"s8\">in extremis et exclusivement<\/span><span class=\"s8\">,<\/span> <span class=\"s8\">du chapeau de Nawwaf Salam<\/span><span class=\"s8\">, constitue un barrage de protection <\/span><span class=\"s8\">contre le<\/span><span class=\"s8\"> veto <\/span><span class=\"s8\">paralysant <\/span><span class=\"s8\">de la <\/span><span class=\"s6\">mithaqiyya<\/span><span class=\"s8\">(consensus sectaire) exerc\u00e9 par le duo chiite depuis 2006<\/span><span class=\"s8\">, ce qui <\/span><span class=\"s8\">a inaugur\u00e9 le <\/span><span class=\"s8\">long <\/span><span class=\"s8\">calvaire <\/span><span class=\"s8\">du<\/span><span class=\"s8\"> blocage des institutions <\/span><span class=\"s8\">r\u00e9publicaines <\/span><span class=\"s8\">que <\/span><span class=\"s8\">le<\/span><span class=\"s8\"> tandem <\/span><span class=\"s8\">Amal-Hezbollah <\/span><span class=\"s8\">a impun\u00e9ment exerc\u00e9 <\/span><span class=\"s8\">gr\u00e2ce \u00e0 son masque<\/span><span class=\"s8\"> chr\u00e9tien (CPL-<\/span><span class=\"s8\">Marada) surtout, ainsi que<\/span><span class=\"s8\"> ses alli\u00e9s d\u2019autres confessions.<\/span><\/p>\n<p class=\"s7\"><strong><span class=\"s9\">Deuxio<\/span><\/strong><span class=\"s8\">. <\/span><span class=\"s8\">L<\/span><span class=\"s8\">a sarabande des man\u0153uvres dilatoires sectaires <\/span><span class=\"s8\">du duo et de ses alli\u00e9s, est-elle encore envisageable quant \u00e0 sa d\u00e9sastreuse efficacit\u00e9 de d\u00e9mant\u00e8lement de l\u2019Etat<\/span><span class=\"s8\">\u00a0? Pas vraiment mais tout laisse penser que la capacit\u00e9 de malfaisance d\u2019un tel sabbat de sorci\u00e8res <\/span><span class=\"s8\">est suffisamment contenue par ce cabinet nouveau-n\u00e9.<\/span><a name=\"_GoBack\"><\/a><\/p>\n<p class=\"s7\"><strong><span class=\"s9\">Terzio<\/span><\/strong><span class=\"s8\">. <\/span><span class=\"s8\">La <\/span><span class=\"s8\">d\u00e9faite militaire cuisante<\/span><span class=\"s8\"> subie par le Hezbollah a consid\u00e9rablement affaibli la capacit\u00e9 de nuisance du duo en question<\/span><span class=\"s8\"> en d\u00e9pit des gesticulations bruyantes auxquelles il se livre<\/span><span class=\"s8\">. <\/span><\/p>\n<p class=\"s7\"><strong><span class=\"s9\">Quarto<\/span><\/strong><span class=\"s8\">. <\/span><span class=\"s8\">L<\/span><span class=\"s8\">\u2019oukase <\/span><span class=\"s8\">anti-Hezbollah <\/span><span class=\"s8\">proclam\u00e9 par la <\/span><span class=\"s8\">belle sir\u00e8ne<\/span><span class=\"s8\"> am\u00e9ricaine <\/span><span class=\"s8\">Morgan <\/span><span class=\"s8\">Ortagus<\/span><span class=\"s8\">, <\/span><span class=\"s8\">qui a succ\u00e9d\u00e9 au m\u00e9diateur Amos <\/span><span class=\"s8\">Hochstein<\/span><span class=\"s8\">, est suffisamment dissuasif pour faire comprendre que Washington veille au grain et ne souhaite pas voir la milice iranienne poursuivre son r\u00f4le d\u00e9stabilisateur.<\/span><\/p>\n<p class=\"s7\"><span class=\"s8\"><br \/>\n<\/span><strong><span class=\"s9\">Quinto<\/span><\/strong><span class=\"s8\">. <\/span><span class=\"s8\">Tout ce qui pr\u00e9c\u00e8de constitue un faisceau d\u2019indices convergents qui permet de dire que le fameux tiers de blocage, \u00e9quivalent d\u2019un poison venimeux, est apparemment d\u00e9samorc\u00e9 au sein du gouvernement. Le duo ne dispose plus de ses armes politiques m\u00eame s\u2019il rechigne actuellement \u00e0 livrer son arsenal militaire \u00e0 l\u2019Etat libanais, conform\u00e9ment \u00e0 la R\u00e9solution 1<\/span><span class=\"s8\">7<\/span><span class=\"s8\">01 du Conseil de S\u00e9curit\u00e9<\/span><span class=\"s8\"> dont l\u2019application est formellement exig\u00e9e par l\u2019accord de suspension des hostilit\u00e9s<\/span><span class=\"s8\">,<\/span><span class=\"s8\"> n\u00e9goci\u00e9 par Nabih Berri et Amos <\/span><span class=\"s8\">Hochstein<\/span><span class=\"s8\">. Cette fameuse r\u00e9solution est inclusive de ses semblables, dont la 1559 et la 1680 sur l\u2019ensemble du territoire de la R\u00e9publique libanaise. <\/span><\/p>\n<p class=\"s7\"><strong><span class=\"s9\">Sexto<\/span><\/strong><span class=\"s8\">. On pourrait tirer plusieurs conclusions de ce qui pr\u00e9c\u00e8de<\/span><\/p>\n<div class=\"s11\"><span class=\"s10\">\u2022 <\/span><span class=\"s8\">L\u2019accord de Doha est d\u00e9finitivement caduc Il devient impossible d\u2019imaginer, dans la d\u00e9claration gouvernementale \u00e0 venir, une quelconque r\u00e9f\u00e9rence au triple pilier \u00ab\u00a0Arm\u00e9e-Peuple-R\u00e9sistance\u00a0\u00bb affirm\u00e9 comme principe de l\u00e9gitimit\u00e9, <\/span><span class=\"s8\">fut-elle<\/span><span class=\"s8\"> une h\u00e9r\u00e9sie constitutionnelle, de la d\u00e9finition de l\u2019Etat libanais par les Mollahs de T\u00e9h\u00e9ran et leurs <\/span><span class=\"s8\">\u00ab\u00a0<\/span><span class=\"s6\">proxy<\/span><span class=\"s6\">\u00a0\u00bb<\/span><span class=\"s8\">libanais. <\/span><\/div>\n<div class=\"s11\"><span class=\"s10\">\u2022 <\/span><span class=\"s8\">L<\/span><span class=\"s8\">e cabinet de Nawwaf Salam comporte indiscutablement des figures qui posent probl\u00e8me par leurs sympathies partisanes. Mais cette emb\u00fbche est relativement neutralis\u00e9e par la volatilisation du \u00ab\u00a0tiers de blocage\u00a0\u00bb de Doha, devenu improbable. La disparition du masque chr\u00e9tien du Hezbollah, la non-homog\u00e9n\u00e9it\u00e9 du groupe chiite au sein du cabinet, ainsi que le regard s\u00e9v\u00e8re du surveillant externe, rendent la chose peu plausible. <\/span><\/div>\n<div class=\"s11\"><span class=\"s10\">\u2022 <\/span><span class=\"s8\">Ainsi, il est permis de dire que malgr\u00e9 toutes les fourberies et les <\/span><span class=\"s8\">embuches<\/span><span class=\"s8\">qui se dresseront sur le chemin du cabinet, le pouvoir ex\u00e9cutoire est <\/span><span class=\"s8\">heureusement <\/span><span class=\"s8\">contr\u00f4l\u00e9 <\/span><span class=\"s8\">au sein du <\/span><span class=\"s8\">Conseil des ministres. L\u2019<\/span><span class=\"s8\">optimisme<\/span><span class=\"s8\"> est donc permis, sauf impond\u00e9rable.<\/span><\/div>\n<p class=\"s7\"><span class=\"s8\">On souhaite bonne chance au premier gouvernement du mandat pr\u00e9sidentiel Joseph Aoun tout en priant le Premier ministre Nawaf Salam de finaliser la D\u00e9claration gouvernementale <\/span><span class=\"s8\">sans n\u00e9cessairement<\/span><span class=\"s8\"> rechercher l\u2019imprimatur d\u2019un quelconque parti politique, notamment <\/span><span class=\"s8\">le duo<\/span><span class=\"s8\"> Amal-Hezbollah dont l\u2019histoire sera intarissable sur ses m\u00e9faits depuis plusieurs d\u00e9cennies.<\/span><\/p>\n<p>&nbsp;<\/p>\n<p><em>*Antoine Courban est M\u00e9decin et Chirurgien de formation, il occupe les fonctions de professeur \u00e0 l&rsquo;Universit\u00e9 Saint Joseph de Beyrouth\u00a0et \u00e0 la Saint George University of Beirut o\u00f9 il occupe les fonctions de Coordinateur du Council of Humanities and Ethics<\/em><\/p>\n","protected":false},"excerpt":{"rendered":"<p>L\u2019adage traditionnel affirme que la politique est l\u2019art du possible. Le nouveau gouvernement libanais, n\u00e9 en ce 8 f\u00e9vrier 2025 en est une parfaite illustration. L\u2019\u00e9quipe qui compose le cabinet, laisse penser que ce dernier est, dans le contexte actuel, le meilleur politiquement possible, tant en mati\u00e8re de politique int\u00e9rieure que de consid\u00e9rations g\u00e9opolitiques externes.<\/p>\n","protected":false},"author":33,"featured_media":182320,"comment_status":"open","ping_status":"open","sticky":false,"template":"","format":"standard","meta":{"_uf_show_specific_survey":0,"_uf_disable_surveys":false,"footnotes":""},"categories":[37],"tags":[],"class_list":{"0":"post-182319","1":"post","2":"type-post","3":"status-publish","4":"format-standard","5":"has-post-thumbnail","7":"category-alaune-fr"},"aioseo_notices":[],"_links":{"self":[{"href":"https:\/\/middleeasttransparent.com\/fr\/wp-json\/wp\/v2\/posts\/182319","targetHints":{"allow":["GET"]}}],"collection":[{"href":"https:\/\/middleeasttransparent.com\/fr\/wp-json\/wp\/v2\/posts"}],"about":[{"href":"https:\/\/middleeasttransparent.com\/fr\/wp-json\/wp\/v2\/types\/post"}],"author":[{"embeddable":true,"href":"https:\/\/middleeasttransparent.com\/fr\/wp-json\/wp\/v2\/users\/33"}],"replies":[{"embeddable":true,"href":"https:\/\/middleeasttransparent.com\/fr\/wp-json\/wp\/v2\/comments?post=182319"}],"version-history":[{"count":0,"href":"https:\/\/middleeasttransparent.com\/fr\/wp-json\/wp\/v2\/posts\/182319\/revisions"}],"wp:featuredmedia":[{"embeddable":true,"href":"https:\/\/middleeasttransparent.com\/fr\/wp-json\/wp\/v2\/media\/182320"}],"wp:attachment":[{"href":"https:\/\/middleeasttransparent.com\/fr\/wp-json\/wp\/v2\/media?parent=182319"}],"wp:term":[{"taxonomy":"category","embeddable":true,"href":"https:\/\/middleeasttransparent.com\/fr\/wp-json\/wp\/v2\/categories?post=182319"},{"taxonomy":"post_tag","embeddable":true,"href":"https:\/\/middleeasttransparent.com\/fr\/wp-json\/wp\/v2\/tags?post=182319"}],"curies":[{"name":"wp","href":"https:\/\/api.w.org\/{rel}","templated":true}]}}