{"id":181922,"date":"2025-02-02T17:05:23","date_gmt":"2025-02-02T16:05:23","guid":{"rendered":"https:\/\/middleeasttransparent.com\/?p=181922"},"modified":"2025-02-02T17:07:32","modified_gmt":"2025-02-02T16:07:32","slug":"aupres-des-nouvelles-autorites-syriennes-la-turquie-joue-le-role-de-cabinet-de-conseil","status":"publish","type":"post","link":"https:\/\/middleeasttransparent.com\/fr\/aupres-des-nouvelles-autorites-syriennes-la-turquie-joue-le-role-de-cabinet-de-conseil\/","title":{"rendered":"\u00ab\u00a0Aupr\u00e8s des nouvelles autorit\u00e9s syriennes, la Turquie joue le r\u00f4le de cabinet de conseil\u00a0\u00bb"},"content":{"rendered":"<header class=\"article__header \">\n<div class=\"article__header-wrap\">\n<div class=\"article__heading\">\n<h2 class=\"article__title\"><\/h2>\n<h2 class=\"article__desc\"><strong>L\u2019arriv\u00e9e au pouvoir d\u2019Ahmed Al-Charaa \u00e0 Damas fournit au pr\u00e9sident turc l\u2019occasion de mettre en avant une formation islamiste autre que la sienne, estime la politologue Ezgi Basaran, dans un entretien au \u00ab\u00a0Monde\u00a0\u00bb. Avec l\u2019objectif de renforcer un r\u00e9cit identitaire et triomphaliste visant \u00e0 consolider sa base nationale.<\/strong><\/h2>\n<\/div>\n<\/div>\n<p>&nbsp;<\/p>\n<div class=\"article__header-wrap\">\n<p id=\"js-authors-trigger\" class=\"meta meta__publisher meta__publisher--header\"><span id=\"js-authors-list\" class=\"meta__author meta__author--header\"> Propos recueillis par\u00a0<a class=\"article__author-link\" href=\"\/signataires\/nicolas-bourcier\/\">Nicolas Bourcier<\/a><span class=\"author__desc author__desc--header\">(Istanbul, correspondant)<\/span><\/span><\/p>\n<\/div>\n<\/header>\n<section class=\"article__wrapper article__wrapper--premium \">\n<article class=\"article__content old__article-content-single\">\n<figure class=\"article__media\"><noscript> <img decoding=\"async\" src=\"https:\/\/img.lemde.fr\/2025\/01\/31\/0\/0\/4044\/5522\/664\/0\/75\/0\/a9f2f98_sirius-fs-upload-1-p8ca3zv382bj-1738331792959-tanerceylan.jpg\" alt=\"Khalil Pasha (2021), huile sur toile, 67 x 49 cm. \"> <\/noscript><figcaption class=\"article__legend\" aria-hidden=\"true\"><\/figcaption><\/figure>\n<p class=\"article__paragraph \">Ancienne journaliste, Ezgi Basaran est une politologue turque sp\u00e9cialiste du Moyen-Orient \u00e0 l\u2019universit\u00e9 d\u2019Oxford, au Royaume-Uni. Elle est l\u2019autrice de <em>The New Spirit of Islamism. Interactions Between the AKP, Ennahda and the Muslim Brotherhood<\/em> (\u00ab\u00a0le nouvel esprit de l\u2019islamisme. Interactions entre l\u2019AKP, Ennahda et les Fr\u00e8res musulmans\u00a0\u00bb, I. B.\u00a0Tauris, 2024, non traduit), qui explore les interactions entre les acteurs politiques islamistes turcs, tunisiens et \u00e9gyptiens apr\u00e8s les soul\u00e8vements arabes de 2011\u00a0et met en lumi\u00e8re l\u2019influence du Parti de la justice et du d\u00e9veloppement (AKP) du pr\u00e9sident turc, Recep Tayyip Erdogan.<\/p>\n<p>&nbsp;<\/p>\n<h3 class=\"article__question\">Quels sont les plans turcs vis-\u00e0-vis de la Syrie, o\u00f9 le nouvel homme fort est, depuis le\u00a08\u00a0d\u00e9cembre\u00a02024, Ahmed Al-Charaa, un ancien djihadiste\u00a0?<\/h3>\n<p class=\"article__paragraph \">Erdogan a attendu ce moment avec impatience. Les conditions de la chute du r\u00e9gime de Bachar Al-Assad lui sont bien plus b\u00e9n\u00e9fiques que ce \u00e0 quoi il aurait pu r\u00eaver\u00a0: c\u2019est un dirigeant islamiste sunnite, que la Turquie a soutenu et qui est \u00e9troitement influenc\u00e9 par l\u2019AKP, qui a pris le pouvoir \u00e0 Damas. Erdogan et son parti jouent un r\u00f4le de mod\u00e8le et de conseiller sur le terrain, o\u00f9 ils tentent de cr\u00e9er une <em>success story<\/em>\u00a0avec une formation islamiste autre que la leur.<\/p>\n<div id=\"inread_top\" class=\"dfp-slot dfp__slot dfp__inread adm-ad-empty\" data-format=\"inread_top\" aria-hidden=\"true\" data-google-query-id=\"CNHHwqukpYsDFTYJBgAd_9YJGw\">\n<div id=\"google_ads_iframe_\/128139881\/lm_lemonde_abo\/international\/international\/article\/inread_top_0__container__\"><\/div>\n<\/div>\n<p class=\"article__paragraph \">Leur ambition est de montrer au monde qu\u2019un mouvement social islamiste peut se transformer en un parti politique, se pr\u00e9senter \u00e0 des \u00e9lections comp\u00e9titives et gouverner. C\u2019est une mani\u00e8re de placer l\u2019AKP au centre de l\u2019\u00e9chiquier r\u00e9gional. Les dirigeants turcs avaient d\u00e9j\u00e0 agi de la m\u00eame fa\u00e7on avec <em>[le parti islamiste tunisien]<\/em> Ennahda et les Fr\u00e8res musulmans <em>[en Egypte],<\/em> qui avaient acc\u00e9d\u00e9 au pouvoir dans la foul\u00e9e des \u00ab\u00a0printemps arabes\u00a0\u00bb <em>[jusqu\u2019en 2014 puis associ\u00e9s minoritaires au sein d\u2019une coalition de 2015 \u00e0 2019 pour les premiers, et de 2012\u00a0\u00e0 2013\u00a0pour les seconds].\u00a0 \u00a0 \u00a0 \u00a0<\/em><\/p>\n<h3 class=\"article__paragraph \">En quoi cela consiste-t-il\u00a0?<\/h3>\n<p class=\"article__paragraph \">Il s\u2019agit de transmettre ce que j\u2019appelle une \u00ab\u00a0bo\u00eete \u00e0 outils tactique\u00a0\u00bb pour que la nouvelle direction syrienne se pr\u00e9sente comme un acteur l\u00e9gitime, capable d\u2019administrer le pays et de conserver le pouvoir. Concr\u00e8tement, Ankara procure des modes d\u2019emploi sur la mani\u00e8re de se comporter et de se positionner sur la sc\u00e8ne politique int\u00e9rieure et internationale\u00a0: une sorte de cabinet de conseil pour partis islamistes.<\/p>\n<p class=\"article__paragraph \">Cela fait neuf ans qu\u2019Ahmed Al-Charaa est en contact permanent avec l\u2019AKP par l\u2019interm\u00e9diaire de <a href=\"https:\/\/www.lemonde.fr\/international\/article\/2023\/07\/03\/en-turquie-hakan-fidan-le-nouveau-chef-de-la-diplomatie-prince-des-tenebres-de-la-politique_6180288_3210.html\">Hakan Fidan, l\u2019ancien chef du renseignement turc, aujourd\u2019hui ministre des affaires \u00e9trang\u00e8res<\/a>. Ce dernier a \u00e9t\u00e9 le premier haut dirigeant \u00e0 se rendre \u00e0 Damas <em>[le 22\u00a0d\u00e9cembre\u00a02024]<\/em>, apr\u00e8s la fuite de Bachar Al-Assad. Quelques jours plus tard, Ibrahim Kalin, l\u2019actuel chef du renseignement turc, a \u00e9t\u00e9 emmen\u00e9 \u00e0 la grande mosqu\u00e9e des Omeyyades, en voiture, par Al-Charaa en personne. Dans la s\u00e9quence qui a suivi la chute du r\u00e9gime, on a vu cet ancien djihadiste r\u00e9pondre aux interviews avec une barbe fra\u00eechement coup\u00e9e, portant une chemise et une cravate \u00e0 l\u2019occidentale. L\u2019image a marqu\u00e9. Le costume provenait directement d\u2019un magasin chic et c\u00e9l\u00e8bre d\u2019Istanbul.<\/p>\n<section class=\"inread js-services-inread\">\n<div class=\"inread__cta\"><\/div>\n<\/section>\n<p class=\"article__paragraph \">En politique int\u00e9rieure, la tactique que pr\u00e9conise Ankara consiste \u00e0 trouver des alliances au sein m\u00eame du pays. De fait, les dirigeants de Hayat Tahrir Al-Cham <em>[HTC] <\/em>sont en n\u00e9gociations permanentes avec les minorit\u00e9s chr\u00e9tiennes, ils ont aussi rencontr\u00e9 les autorit\u00e9s druzes. Ce n\u2019est pas rien pour une formation issue du djihadisme.<\/p>\n<p class=\"article__paragraph \">Les dirigeants turcs savent \u00e0 quel point cette <a href=\"https:\/\/www.lemonde.fr\/international\/article\/2025\/01\/09\/en-syrie-un-cabinet-de-fideles-d-ahmed-al-charaa-en-attente-d-une-transition_6489400_3210.html\">p\u00e9riode de transition<\/a> est difficile. Certains d\u2019entre eux ont encore en m\u00e9moire l\u2019incomp\u00e9tence, au\u00a0Caire, des Fr\u00e8res musulmans, qui ne parvenaient m\u00eame pas \u00e0 collecter les poubelles. En Syrie, les relais d\u2019Ankara sont nombreux\u00a0: <strong>Assad Hassan Al-Chiban<\/strong>i, le nouveau ministre des affaires \u00e9trang\u00e8res syrien, est un turcophile, qui a obtenu un doctorat en philosophie \u00e0 l\u2019universit\u00e9 priv\u00e9e Sabahattin Zaim d\u2019Istanbul\u00a0; le gouverneur d\u2019Alep<em> [nomm\u00e9 le 21\u00a0d\u00e9cembre\u00a02024]<\/em>, <strong>Azzam Al-Gharib<\/strong>, a lui aussi \u00e9tudi\u00e9 en Turquie\u00a0; la responsable du bureau des affaires f\u00e9minines, <strong>A\u00efcha Al-Dibs<\/strong>, d\u00e9tient la nationalit\u00e9 turque, tout comme O<strong>mar Mohammad Jaftachi<\/strong>, ancien membre d\u2019Al-Qaida, d\u00e9sormais haut responsable militaire dans la nouvelle direction syrienne.<\/p>\n<h3 class=\"article__question\">Et sur la sc\u00e8ne internationale\u00a0?<\/h3>\n<p class=\"article__paragraph \">Ankara sait d\u2019exp\u00e9rience \u00e0 quel point les pouvoirs saoudien et \u00e9mirati ont \u0153uvr\u00e9 contre les soul\u00e8vements arabes de 2011, en finan\u00e7ant la contre-r\u00e9volution. De ce point de vue, la r\u00e9cente s\u00e9quence saoudienne est r\u00e9v\u00e9latrice\u00a0: <strong>c\u2019est sous l\u2019influence turque que le chef de la diplomatie syrienne, Al-Chibani, a effectu\u00e9, le 2\u00a0janvier, sa premi\u00e8re visite officielle en Arabie saoudite. Le m\u00eame conseil avait \u00e9t\u00e9 donn\u00e9 par Ankara aux Fr\u00e8res musulmans, en\u00a02012, peu apr\u00e8s leur prise du pouvoir en Egypte.<\/strong><\/p>\n<p class=\"article__paragraph \">La Turquie, dont le renseignement est tr\u00e8s pointu dans la zone, a conscience que pour qu\u2019un gouvernement islamiste puisse survivre dans le monde arabe, celui-ci doit prendre tr\u00e8s au s\u00e9rieux Riyad et tenter d\u2019en rallier les dirigeants \u00e0 sa cause. Non sans succ\u00e8s pour l\u2019instant\u00a0: l\u2019Arabie saoudite a appel\u00e9 <em>[le 12\u00a0janvier]<\/em>\u00e0 lever les sanctions internationales contre la Syrie. <strong>C\u2019est aussi une visite de Hakan Fidan \u00e0 Abou Dhabi, le 6\u00a0janvier, qui a pr\u00e9par\u00e9 la visite d\u2019Al-Chibani aux Emirats arabes unis<\/strong>. <strong>Erdogan, lui, a t\u00e9l\u00e9phon\u00e9 au pr\u00e9sident, Mohammed Ben Zayed Al Nahyane, lui enjoignant de \u00ab\u00a0donner sa chance \u00e0 HTC\u00a0\u00bb.<\/strong><\/p>\n<section class=\"catcher catcher--favoris\"><\/section>\n<h3><\/h3>\n<h3 class=\"article__question\">HTC vous para\u00eet-il mieux \u00e9quip\u00e9 que ne l\u2019\u00e9taient Ennahda et les Fr\u00e8res musulmans, tous deux parrain\u00e9s par la Turquie et ayant \u00e9chou\u00e9\u00a0?<\/h3>\n<p class=\"article__paragraph \">Le fief de HTC est Idlib <em>[nord-ouest]<\/em>, et diriger cette r\u00e9gion n\u2019a certainement rien \u00e0 voir avec gouverner un pays comme la Syrie. Il n\u2019emp\u00eache\u00a0: les hommes d\u2019Ahmed Al-Charaa savent comment proc\u00e9der pour fournir des services tels que la distribution en eau, l\u2019\u00e9lectricit\u00e9 ou la collecte des ordures. Ils ont une exp\u00e9rience que ni Ennahda ni les Fr\u00e8res musulmans n\u2019avaient. C\u2019est la premi\u00e8re \u00e9tape essentielle de cette qu\u00eate \u00e0 la l\u00e9gitimation, si ch\u00e8re \u00e0 l\u2019AKP, pour qui servir la population est la plus importante des devises\u00a0: \u00ab\u00a0Commencez \u00e0 fournir un bon service aux gens, faites entrer et tourner l\u2019argent, et tout se mettra en place.\u00a0\u00bb A charge pour les hommes de l\u2019AKP d\u2019aider, en coulisse, aux tractations diplomatiques.<\/p>\n<p class=\"article__paragraph \">Autre diff\u00e9rence, \u00e0 l\u2019avantage de HTC\u00a0: l\u2019absence, en Syrie, de\u00a0la choura, ce conseil des anciens qui existait en Tunisie et en Egypte. Les nouveaux hommes forts y sont en ce sens un peu plus \u00ab\u00a0libres\u00a0\u00bb de leurs mouvements. En revanche, <strong>HTC doit r\u00e9gler son probl\u00e8me de fractionnement interne entre djihadistes et non-djihadistes au sein de ses milices<\/strong>. C\u2019est l\u2019autre \u00e9tape essentielle\u00a0pour asseoir sa l\u00e9gitimit\u00e9\u00a0: supprimer son \u00e9tiquette de terroriste djihadiste.<\/p>\n<section class=\"catcher catcher--favoris\">\n<div class=\"catcher__favorite\"><\/div>\n<\/section>\n<h3 class=\"article__question\">Vous \u00e9crivez que cette <a href=\"https:\/\/www.lemonde.fr\/international\/article\/2025\/01\/08\/syrie-on-est-face-a-un-mouvement-qui-s-est-deradicalise-par-le-haut_6488489_3210.html\">\u00ab\u00a0d\u00e9radicalisation par le haut\u00a0\u00bb<\/a>, comme la nomme le chercheur Patrick Haenni, a commenc\u00e9 d\u00e8s 2015. Comment\u00a0?<\/h3>\n<p class=\"article__paragraph \">Au d\u00e9but de 2015, Ahmed Al-Charaa \u2013 alors connu sous son nom de guerre, Abou Mohammed Al-Joulani \u2013 re\u00e7oit une lettre d\u2019Ayman Al-Zawahiri <em>[1951-2022]<\/em>, chef de <em>[la n\u00e9buleuse djihadiste]<\/em> Al-Qaida auquel son groupe arm\u00e9 \u2013 le Front Al-Nosra \u2013 avait pr\u00eat\u00e9 all\u00e9geance. Cette lettre contient plusieurs directives, dont celle de cesser d\u2019utiliser la Syrie comme base pour des attaques contre l\u2019Occident. Pour le Front Al-Nosra, ancr\u00e9 dans la perspective intrins\u00e8quement transnationale du djihadisme, cette directive marque un changement majeur, entra\u00eenant d\u00e9fections et dissensions internes. Au fil des ans, Al-Joulani a combattu ces groupes dissidents, rompu ses liens avec Al-Qaida <em>[fin juillet\u00a02016]<\/em> pour se rebaptiser \u00ab\u00a0Hayat Tahrir Al-Cham\u00a0\u00bb. Ce qui est frappant, c\u2019est que ce changement pragmatique a d\u2019abord \u00e9t\u00e9 propos\u00e9 par l\u2019organisation Al-Qaida elle-m\u00eame.<\/p>\n<p class=\"article__paragraph \">HTC, qui a tr\u00e8s t\u00f4t tiss\u00e9 des liens \u00e9troits avec Ankara, a aussi montr\u00e9 son habilet\u00e9 \u00e0 apprendre et \u00e0 s\u2019adapter au contact de mod\u00e8les ext\u00e9rieurs. <a title=\"Nouvelle fen\u00eatre\" href=\"https:\/\/www.washingtonpost.com\/opinions\/2024\/12\/10\/ukraine-syria-russia-war\/\" target=\"_blank\" rel=\"noopener\">Une enqu\u00eate du <em>Washington Post<\/em><\/a>, publi\u00e9e en d\u00e9cembre\u00a02024, montre que le groupe a \u00e9tudi\u00e9 de pr\u00e8s la guerre <strong>en Ukraine, recevant m\u00eame une formation tactique de la part d\u2019une unit\u00e9 de combattants ukrainiens<\/strong>. Plus r\u00e9cemment, <strong>un expert de la guerre syrienne affili\u00e9 \u00e0 HTC, Yasser Al-Jundi, a r\u00e9v\u00e9l\u00e9 que la guerre en Ukraine, mais \u00e9galement le conflit entre l\u2019Azerba\u00efdjan et l\u2019Arm\u00e9nie<\/strong>, \u00e9taient enseign\u00e9s dans leur acad\u00e9mie militaire \u00e0 Idlib.<\/p>\n<section class=\"catcher catcher--favoris\">\n<div class=\"catcher__favorite\"><\/div>\n<\/section>\n<h3 class=\"article__question\">Comment qualifier les relations entre l\u2019AKP et HTC\u00a0?<\/h3>\n<p class=\"article__paragraph \"><strong>Contrairement \u00e0 l\u2019Arm\u00e9e nationale syrienne<\/strong><em> [ANS, coalition rebelle cr\u00e9\u00e9e en 2017, affid\u00e9e \u00e0 Ankara],<\/em> <strong>HTC n\u2019est pas un proxy turc<\/strong>. La relation avec Ankara est \u00e9videmment complexe, mais on peut dire que la Turquie a r\u00e9ussi dans une certaine mesure \u00e0 l\u2019influencer.<\/p>\n<p class=\"article__paragraph \">De son c\u00f4t\u00e9, le gouvernement turc a aussi ses priorit\u00e9s, comme celle d\u2019\u00e9touffer toute volont\u00e9 d\u2019autonomie kurde dans le Nord syrien. Et la difficult\u00e9, avec des suppl\u00e9tifs comme l\u2019ANS, c\u2019est qu\u2019ils sont difficilement contr\u00f4lables\u00a0: ce probl\u00e8me doit r\u00e9guli\u00e8rement donner des maux de t\u00eate \u00e0 Ankara\u2026<\/p>\n<h3><\/h3>\n<h3 class=\"article__question\">La presse, quasi unanime, parle d\u2019un succ\u00e8s pour Erdogan. Qu\u2019en pensez-vous\u00a0?<\/h3>\n<p class=\"article__paragraph \">Les r\u00e9centes discussions sur la Turquie en tant que \u00ab\u00a0vainqueur\u00a0<em>\u00bb<\/em> ultime de la guerre civile syrienne ont raviv\u00e9 les d\u00e9bats sur les pr\u00e9tendues ambitions n\u00e9o-ottomanes d\u2019Erdogan. Pourtant, le \u00ab\u00a0n\u00e9o-ottomanisme\u00a0\u00bb est un terme alambiqu\u00e9, qui embrouille l\u2019analyse plus qu\u2019il ne la clarifie. Qu\u2019entend-on exactement par l\u00e0\u00a0? Et \u00e0 quelle \u00e9poque de l\u2019Empire\u00a0ottoman fait-il r\u00e9f\u00e9rence\u00a0? Le despotisme d\u2019Abd\u00fclhamid II <em>[sultan de 1876\u00a0\u00e0 1909]\u00a0<\/em>? L\u2019expansionnisme de Soliman le Magnifique <em>[sultan et calife de l\u2019islam, de 1520 \u00e0 1566, \u00e0 l\u2019apog\u00e9e de l\u2019empire]<\/em>\u00a0? Les r\u00e9formes des Tanzimat <em>[r\u00e9formes modernisatrices mises en \u0153uvre au XIX<sup>e<\/sup>\u00a0si\u00e8cle]<\/em>\u00a0?<\/p>\n<p class=\"article__paragraph \">Le r\u00e9cit n\u00e9o-ottomaniste existe depuis longtemps dans les cercles islamistes turcs \u2013 il n\u2019a pas commenc\u00e9 avec Erdogan. Ses racines remontent \u00e0 <a href=\"https:\/\/www.lemonde.fr\/disparitions\/article\/2011\/03\/02\/necmettin-erbakan-pionnier-de-l-islam-politique-turc_1487285_3382.html\">Necmettin Erbakan<\/a>, p\u00e8re du mouvement islamiste turc et mentor d\u2019Erdogan, et il visait principalement \u00e0 remettre en question le discours h\u00e9g\u00e9monique la\u00efque, k\u00e9maliste et r\u00e9publicain.<\/p>\n<p class=\"article__paragraph \">Les ouvertures de la Turquie \u00e0 l\u2019\u00e9gard des pays arabes, \u00e0 la suite des \u00ab\u00a0printemps\u00a0\u00bb de 2011, n\u2019\u00e9taient pas motiv\u00e9es par un programme \u00ab\u00a0n\u00e9o-ottoman\u00a0\u00bb ou par l\u2019ambition de construire un \u00ab\u00a0<strong>bloc fr\u00e9riste\u00a0<\/strong>\u00bb. <strong>Sa force motrice n\u2019\u00e9tait pas l\u2019id\u00e9ologie islamiste. Erdogan ne veut pas gouverner Alep. Son v\u00e9ritable objectif est de renforcer le r\u00e9cit identitaire<\/strong> qu\u2019il \u00e9labore depuis la fin des ann\u00e9es 2000, \u00e0 partir de ces ann\u00e9es o\u00f9 il a pris le contr\u00f4le du judiciaire et de l\u2019arm\u00e9e. Le public qu\u2019il vise est avant tout national, comme pour tout ce qu\u2019il entreprend. L\u2019objectif est de consolider sa base autour d\u2019un r\u00e9cit triomphaliste.<\/p>\n<\/article>\n<p>&nbsp;<\/p>\n<p><a href=\"https:\/\/www.lemonde.fr\/international\/article\/2025\/02\/01\/aupres-des-nouvelles-autorites-syriennes-la-turquie-joue-le-role-de-cabinet-de-conseil_6526654_3210.html\">LE MONDE\u00a0<\/a><\/p>\n<\/section>\n","protected":false},"excerpt":{"rendered":"<p>L\u2019arriv\u00e9e au pouvoir d\u2019Ahmed Al-Charaa \u00e0 Damas fournit au pr\u00e9sident turc l\u2019occasion de mettre en avant une formation islamiste autre que la sienne, estime la politologue Ezgi Basaran, dans un entretien au \u00ab\u00a0Monde\u00a0\u00bb. Avec l\u2019objectif de renforcer un r\u00e9cit identitaire et triomphaliste visant \u00e0 consolider sa base nationale. &nbsp; Propos recueillis par\u00a0Nicolas Bourcier(Istanbul, correspondant) Ancienne<\/p>\n","protected":false},"author":1051,"featured_media":181927,"comment_status":"open","ping_status":"open","sticky":false,"template":"","format":"standard","meta":{"_uf_show_specific_survey":0,"_uf_disable_surveys":false,"footnotes":""},"categories":[37],"tags":[],"class_list":{"0":"post-181922","1":"post","2":"type-post","3":"status-publish","4":"format-standard","5":"has-post-thumbnail","7":"category-alaune-fr"},"aioseo_notices":[],"_links":{"self":[{"href":"https:\/\/middleeasttransparent.com\/fr\/wp-json\/wp\/v2\/posts\/181922","targetHints":{"allow":["GET"]}}],"collection":[{"href":"https:\/\/middleeasttransparent.com\/fr\/wp-json\/wp\/v2\/posts"}],"about":[{"href":"https:\/\/middleeasttransparent.com\/fr\/wp-json\/wp\/v2\/types\/post"}],"author":[{"embeddable":true,"href":"https:\/\/middleeasttransparent.com\/fr\/wp-json\/wp\/v2\/users\/1051"}],"replies":[{"embeddable":true,"href":"https:\/\/middleeasttransparent.com\/fr\/wp-json\/wp\/v2\/comments?post=181922"}],"version-history":[{"count":0,"href":"https:\/\/middleeasttransparent.com\/fr\/wp-json\/wp\/v2\/posts\/181922\/revisions"}],"wp:featuredmedia":[{"embeddable":true,"href":"https:\/\/middleeasttransparent.com\/fr\/wp-json\/wp\/v2\/media\/181927"}],"wp:attachment":[{"href":"https:\/\/middleeasttransparent.com\/fr\/wp-json\/wp\/v2\/media?parent=181922"}],"wp:term":[{"taxonomy":"category","embeddable":true,"href":"https:\/\/middleeasttransparent.com\/fr\/wp-json\/wp\/v2\/categories?post=181922"},{"taxonomy":"post_tag","embeddable":true,"href":"https:\/\/middleeasttransparent.com\/fr\/wp-json\/wp\/v2\/tags?post=181922"}],"curies":[{"name":"wp","href":"https:\/\/api.w.org\/{rel}","templated":true}]}}