{"id":181658,"date":"2025-01-27T19:29:52","date_gmt":"2025-01-27T18:29:52","guid":{"rendered":"https:\/\/middleeasttransparent.com\/?p=181658"},"modified":"2025-01-27T19:29:52","modified_gmt":"2025-01-27T18:29:52","slug":"regain-de-violences-a-la-frontiere-israel-liban","status":"publish","type":"post","link":"https:\/\/middleeasttransparent.com\/fr\/regain-de-violences-a-la-frontiere-israel-liban\/","title":{"rendered":"Regain de violences \u00e0 la fronti\u00e8re Isra\u00ebl-Liban"},"content":{"rendered":"<h2><strong>Apr\u00e8s soixante jours de tr\u00eave, l\u2019arm\u00e9e isra\u00e9lienne a ouvert le feu sur des Libanais qui voulaient regagner leur village.<\/strong><\/h2>\n<p>&nbsp;<\/p>\n<p>&nbsp;<\/p>\n<h3><span style=\"color: #666699;\">Les craintes libanaises se sont mat\u00e9rialis\u00e9es \u00e0 l\u2019\u00e9ch\u00e9ance de la p\u00e9riode de soixante jours fix\u00e9e par l\u2019accord de cessez-le-feu du 26 novembre \u00e0 l\u2019issue de treize mois d\u2019un conflit entre le Hezbollah et Isra\u00ebl. L\u2019arm\u00e9e isra\u00e9lienne n\u2019a pas achev\u00e9 son retrait du sud du Liban, qui devait permettre le d\u00e9ploiement de l\u2019arm\u00e9e libanaise aux c\u00f4t\u00e9s des Casques bleus de la Finul, en lieu et place des combattants de l\u2019organisation alli\u00e9e de l\u2019Iran. Isra\u00ebl accuse le Hezbollah de ne pas avoir respect\u00e9 son engagement de se retirer au nord du fleuve Litani, et affirme avoir demand\u00e9 \u00e0 l\u2019Administration Trump de reporter l\u2019\u00e9ch\u00e9ance.<\/span><\/h3>\n<p>&nbsp;<\/p>\n<p>&nbsp;<\/p>\n<p>Cette position est jug\u00e9e inadmissible par le tout nouveau chef de l\u2019\u00c9tat libanais, qui en a appel\u00e9 samedi \u00e0 son homologue fran\u00e7ais, Emmanuel Macron, parrain de l\u2019accord aux c\u00f4t\u00e9s des \u00c9tats-Unis. L\u2019excommandant en chef de l\u2019arm\u00e9e, Joseph Aoun, a \u00e9t\u00e9 \u00e9lu avec pour mission de garantir le r\u00e9tablissement de la souverainet\u00e9 de l\u2019\u00c9tat libanais sur tout le territoire. \u00ab Les engagements pris par les parties doivent \u00eatre honor\u00e9s dans les plus brefs d\u00e9lais \u00bb, a r\u00e9pondu Emmanuel Macron, qui \u00e9tait le 17 janvier \u00e0 Beyrouth pour f\u00e9liciter le tout nouveau pr\u00e9sident et lui affirmer le soutien de la France.<\/p>\n<p>De fait, c\u2019est l\u2019arm\u00e9e isra\u00e9lienne qui d\u00e9cide du tempo, constate Nicholas Blanford, chercheur au centre de r\u00e9flexion Atlantic Council. \u00ab En continuant d\u2019op\u00e9rer sur le terrain, de faire exploser des tunnels, de br\u00fbler des villages, elle a compliqu\u00e9 singuli\u00e8rement le d\u00e9ploiement de l\u2019arm\u00e9e libanaise, qui respecte globalement sa part de l\u2019engagement \u00bb, dit-il. Or, explique-t-on de source diplomatique, la r\u00e9solution de probl\u00e8mes logistiques a pris du temps. La question du d\u00e9mant\u00e8lement des infrastructures et des entrep\u00f4ts d\u2019armes constitu\u00e9s au fil des ans par le Hezbollah est particuli\u00e8rement probl\u00e9matique. \u00ab Le plus souvent, Isra\u00ebl signale indirectement \u00e0 l\u2019arm\u00e9e libanaise les positions concern\u00e9es. Dans d\u2019autres cas, le Hezbollah laisse le terrain libre \u00e0 l\u2019arm\u00e9e, \u00e0 charge pour elle de proc\u00e9der \u00e0 l\u2019inspection des lieux sans empressement pour l\u2019orienter \u00bb, explique un connaisseur. \u00ab L\u2019arm\u00e9e libanaise fait aussi vite qu\u2019elle peut \u00e9tant donn\u00e9 ses ressources. En tout \u00e9tat de cause, Isra\u00ebl \u00e9tait cens\u00e9 se retirer dans les soixante jours et a choisi de tergiverser \u00bb, souligne Nicholas Blanford.<\/p>\n<h3>Une mobilisation encourag\u00e9e par le Hezbollah<\/h3>\n<p>Le porte-parole militaire isra\u00e9lien en langue arabe a multipli\u00e9 les messages avertissant les habitants d\u2019une soixantaine de localit\u00e9s frontali\u00e8res de ne pas rentrer chez eux. Une interdiction qui fut brav\u00e9e ouvertement dimanche tout au long de la fronti\u00e8re, provoquant une mont\u00e9e palpable de la tension. Par centaines, des villageois se sont rendus en voiture et \u00e0 pied dans leurs villages et se sont retrouv\u00e9s souvent nez \u00e0 nez avec les chars et les soldats isra\u00e9liens. Arm\u00e9s de leurs t\u00e9l\u00e9phones portables, ils ont film\u00e9 cette mobilisation diffus\u00e9e largement sur les r\u00e9seaux sociaux avant que des cha\u00eenes de t\u00e9l\u00e9vision se mettent aussi de la partie, suscitant des \u00e9lans patriotiques \u00e0 travers le pays.<\/p>\n<p>\u00c0 Haroun, par exemple, on a vu une femme d\u2019un certain \u00e2ge avancer seule face \u00e0 l\u2019occupant, \u00e0 qui elle a cri\u00e9 : \u00ab Ceci est notre terre. \u00bb \u00c0 Kfar Kila, une vid\u00e9o montre un cort\u00e8ge d\u2019hommes, de femmes et d\u2019enfants brandissant des drapeaux du Hezbollah encourag\u00e9s \u00e0 avancer vers les positions isra\u00e9liennes, \u00e0 pied, malgr\u00e9 les tirs. Les soldats ont ouvert le feu \u00e0 e plusieurs reprises. Le bilan \u00e9tait dimanche soir d\u2019au moins 22 morts et 124 bless\u00e9s. L\u2019arm\u00e9e libanaise, qui a pour a sa part d\u00e9plor\u00e9 au moins un tu\u00e9, n\u2019a pas r\u00e9ussi \u00e0 endiguer le mouvement, mais a cherch\u00e9 \u00e0 assurer au mieux la s\u00e9curit\u00e9 des citoyens face \u00e0 \u00ab l\u2019ennemi isra\u00e9lien, qui persiste \u00e0 violer la souverainet\u00e9 du Liban \u00bb, a-t-elle d\u00e9nonc\u00e9 dans un communiqu\u00e9.<\/p>\n<p>Malgr\u00e9 son insistance sur le caract\u00e8re spontan\u00e9 du retour des civils chez eux, l\u2019implication du Hezbollah est explicite. Ce qui se joue pour l\u2019organisation est existentiel, explique l\u2019analyste politique Khaldoun el Charif. \u00ab Ce retour dans le Sud montre qu\u2019il conserve une forte capacit\u00e9 de mobilisation dans la communaut\u00e9 chiite et qu\u2019il vient d\u2019op\u00e9rer un changement d\u2019image en d\u00e9viant le m\u00e9contentement de sa base vers le nouveau tandem ex\u00e9cutif enjoint de d\u00e9fendre la souverainet\u00e9 de tout le territoire. \u00bb Apr\u00e8s sa lourde d\u00e9faite militaire, la formation a c\u00e9d\u00e9 beaucoup de terrain politique en se r\u00e9signant \u00e0 l\u2019\u00e9lection de Joseph Aoun et \u00e0 la d\u00e9signation de Nawaf Salam \u00e0 la pr\u00e9sidence du Conseil, qui n\u2019avait pas sa pr\u00e9f\u00e9rence.<\/p>\n<p><strong>\u00ab Le Hezbollah n\u2019a aucune envie de risquer une nouvelle escalade et sa priorit\u00e9 est d\u2019enclencher le processus de reconstruction pour r\u00e9conforter sa base sociale \u00bb, souligne Nicholas Blanford.\u00a0<\/strong><\/p>\n<p>&nbsp;<\/p>\n<p><a href=\"https:\/\/www.lefigaro.fr\/international\/regain-de-violences-a-la-frontiere-israel-liban-20250126\"><strong>LE FIGARO<\/strong><\/a><\/p>\n","protected":false},"excerpt":{"rendered":"<p>Apr\u00e8s soixante jours de tr\u00eave, l\u2019arm\u00e9e isra\u00e9lienne a ouvert le feu sur des Libanais qui voulaient regagner leur village. &nbsp; &nbsp; Les craintes libanaises se sont mat\u00e9rialis\u00e9es \u00e0 l\u2019\u00e9ch\u00e9ance de la p\u00e9riode de soixante jours fix\u00e9e par l\u2019accord de cessez-le-feu du 26 novembre \u00e0 l\u2019issue de treize mois d\u2019un conflit entre le Hezbollah et Isra\u00ebl.<\/p>\n","protected":false},"author":725,"featured_media":181665,"comment_status":"open","ping_status":"open","sticky":false,"template":"","format":"standard","meta":{"_uf_show_specific_survey":0,"_uf_disable_surveys":false,"footnotes":""},"categories":[37],"tags":[],"class_list":{"0":"post-181658","1":"post","2":"type-post","3":"status-publish","4":"format-standard","5":"has-post-thumbnail","7":"category-alaune-fr"},"aioseo_notices":[],"_links":{"self":[{"href":"https:\/\/middleeasttransparent.com\/fr\/wp-json\/wp\/v2\/posts\/181658","targetHints":{"allow":["GET"]}}],"collection":[{"href":"https:\/\/middleeasttransparent.com\/fr\/wp-json\/wp\/v2\/posts"}],"about":[{"href":"https:\/\/middleeasttransparent.com\/fr\/wp-json\/wp\/v2\/types\/post"}],"author":[{"embeddable":true,"href":"https:\/\/middleeasttransparent.com\/fr\/wp-json\/wp\/v2\/users\/725"}],"replies":[{"embeddable":true,"href":"https:\/\/middleeasttransparent.com\/fr\/wp-json\/wp\/v2\/comments?post=181658"}],"version-history":[{"count":0,"href":"https:\/\/middleeasttransparent.com\/fr\/wp-json\/wp\/v2\/posts\/181658\/revisions"}],"wp:featuredmedia":[{"embeddable":true,"href":"https:\/\/middleeasttransparent.com\/fr\/wp-json\/wp\/v2\/media\/181665"}],"wp:attachment":[{"href":"https:\/\/middleeasttransparent.com\/fr\/wp-json\/wp\/v2\/media?parent=181658"}],"wp:term":[{"taxonomy":"category","embeddable":true,"href":"https:\/\/middleeasttransparent.com\/fr\/wp-json\/wp\/v2\/categories?post=181658"},{"taxonomy":"post_tag","embeddable":true,"href":"https:\/\/middleeasttransparent.com\/fr\/wp-json\/wp\/v2\/tags?post=181658"}],"curies":[{"name":"wp","href":"https:\/\/api.w.org\/{rel}","templated":true}]}}