{"id":181563,"date":"2025-01-24T23:25:52","date_gmt":"2025-01-24T22:25:52","guid":{"rendered":"https:\/\/middleeasttransparent.com\/?p=181563"},"modified":"2025-01-24T23:27:48","modified_gmt":"2025-01-24T22:27:48","slug":"h-en-algerie-un-livre-sur-lheritage-juif-du-pays-dechaine-une-controverse","status":"publish","type":"post","link":"https:\/\/middleeasttransparent.com\/fr\/h-en-algerie-un-livre-sur-lheritage-juif-du-pays-dechaine-une-controverse\/","title":{"rendered":"En Alg\u00e9rie, un livre sur l\u2019h\u00e9ritage juif du pays d\u00e9cha\u00eene une controverse"},"content":{"rendered":"<div class=\"titles-author_wrapper\">\n<div class=\"Titles\">\n<div class=\"Title\"><\/div>\n<\/div>\n<div class=\"Introduction\">\n<h2 id=\"U2026993530950TD\"><strong>Les autorit\u00e9s ont ordonn\u00e9 la fermeture des \u00e9ditions Frantz Fanon, qui ont publi\u00e9 l\u2019ouvrage, pr\u00e9fac\u00e9 par une \u00e9crivaine franco-isra\u00e9lienne<\/strong><\/h2>\n<\/div>\n<div class=\"authors\">\n<div class=\"author-wrapper\">\n<p>&nbsp;<\/p>\n<\/div>\n<\/div>\n<\/div>\n<div class=\"Text\">\n<div class=\"dropcap\">\n<p>&nbsp;<\/p>\n<p>&nbsp;<\/p>\n<h3 id=\"U202702544632KF\"><span style=\"color: #666699;\">La maison d\u2019\u00e9dition Frantz Fanon, l\u2019une des plus dynamiques en Alg\u00e9rie \u2212\u00a0150\u00a0titres \u00e0 son catalogue en dix ans \u2013 est ferm\u00e9e depuis le 14\u00a0janvier, un cran suppl\u00e9mentaire dans le resserrement de l\u2019\u00e9tau autour de la sc\u00e8ne intellectuelle du pays. Ce jour-l\u00e0, le\u00a0<span class=\"italic\">wali<\/span> (pr\u00e9fet) de Boumerd\u00e8s a fait apposer sur la porte de l\u2019\u00e9tablissement, domicili\u00e9 dans cette ville situ\u00e9e \u00e0 une cinquantaine de kilom\u00e8tres \u00e0 l\u2019est d\u2019Alger, des scell\u00e9s assortis d\u2019une affichette portant une justification singuli\u00e8re. La fermeture \u2013 elle est cens\u00e9e durer six mois \u2013 a \u00e9t\u00e9 d\u00e9cid\u00e9e, dit le texte, en raison de l\u2019\u00e9dition d\u2019un<span class=\"italic\">\u00ab\u00a0livre dont le contenu porte atteinte \u00e0 la s\u00e9curit\u00e9 et \u00e0 l\u2019ordre public ainsi qu\u2019\u00e0 l\u2019identit\u00e9 nationale et colporte un discours de haine\u00a0\u00bb<\/span>.<\/span><\/h3>\n<\/div>\n<p>&nbsp;<\/p>\n<div class=\"dropcap\">\n<p>&nbsp;<\/p>\n<p id=\"U202702544632COG\">Le livre litigieux a pour titre<span class=\"italic\"><strong><em> L\u2019Alg\u00e9rie juive<\/em><\/strong>.<strong><em> L\u2019autre moi que je connais si peu<\/em><\/strong><\/span>, un essai sign\u00e9 de l\u2019\u00e9crivaine franco-alg\u00e9rienne H\u00e9dia Bensahli et dont l\u2019ambition est de porter \u00e0 la connaissance du public les traces de jud\u00e9it\u00e9 qui traversent l\u2019histoire de l\u2019Alg\u00e9rie, \u00e0 rebours du r\u00e9cit officiel sur son homog\u00e9n\u00e9it\u00e9 arabo-musulmane. Paru en septembre\u00a02023, l\u2019essai n\u2019avait pas soulev\u00e9 trop de difficult\u00e9s au d\u00e9but de son parcours \u00e9ditorial. Tout au plus, le patron des \u00e9ditions Frantz Fanon, Amar Ingrachen, avait-il \u00e9t\u00e9 invit\u00e9 par les services de s\u00e9curit\u00e9 lors du Salon international du livre d\u2019Alger (SILA), fin octobre\u00a02023, \u00e0 retirer une affiche promotionnelle du livre et \u00e0 ne pas exposer celui-ci trop ostensiblement.<\/p>\n<\/div>\n<p><a href=\"https:\/\/middleeasttransparent.com\/fr\/h-en-algerie-un-livre-sur-lheritage-juif-du-pays-dechaine-une-controverse\/lautre-algerie\/\" rel=\"attachment wp-att-181567\"><img fetchpriority=\"high\" decoding=\"async\" class=\"aligncenter size-full wp-image-181567\" src=\"https:\/\/middleeasttransparent.com\/wp-content\/uploads\/2025\/01\/lautre-algerie.png\" alt=\"\" width=\"176\" height=\"287\" srcset=\"https:\/\/middleeasttransparent.com\/wp-content\/uploads\/2025\/01\/lautre-algerie.png 176w, https:\/\/middleeasttransparent.com\/wp-content\/uploads\/2025\/01\/lautre-algerie-150x245.png 150w\" sizes=\"(max-width: 176px) 100vw, 176px\" \/><\/a><\/p>\n<div class=\"dropcap\">\n<p id=\"U202702544632CXD\">Un an plus tard, le changement de climat est radical. Le 26\u00a0octobre\u00a02024, une discussion sur l\u2019ouvrage \u00e0 la librairie alg\u00e9roise L\u2019Arbre \u00e0 dires, en pr\u00e9sence de M<span class=\"sup\">me<\/span>\u00a0Bensahli, est interdite et les exemplaires du livre sont saisis. Le g\u00e9rant de la librairie est interrog\u00e9 par la police, tout comme l\u2019\u00e9diteur, M.\u00a0Ingrachen, celui-ci \u00e9tant ensuite plac\u00e9 sous contr\u00f4le judiciaire. Deux jours plus t\u00f4t, une autre rencontre pr\u00e9vue \u00e0 la librairie Cheikh, \u00e0 Tizi Ouzou (Kabylie), o\u00f9 M<span class=\"sup\">me<\/span>\u00a0Bensahli devait proc\u00e9der \u00e0 une s\u00e9ance de signatures, avait \u00e9t\u00e9 interdite, dans les m\u00eames conditions. Quelques jours plus tard, la maison Frantz Fanon a \u00e9t\u00e9 bannie du SILA, un net durcissement par rapport \u00e0 l\u2019\u00e9dition de 2023.<\/p>\n<p id=\"U202702544632IbF\">C\u2019est que la guerre dans la bande de Gaza est pass\u00e9e par l\u00e0 pour exacerber les passions. L\u2019attention s\u2019est en effet subitement focalis\u00e9e sur le profil de la pr\u00e9faci\u00e8re de <span class=\"italic\">L\u2019Alg\u00e9rie juive<\/span>, Val\u00e9rie Zenatti, romanci\u00e8re franco-isra\u00e9lienne issue d\u2019une lign\u00e9e juive de Constantine, un h\u00e9ritage familial qui a inspir\u00e9 son roman <span class=\"italic\">Jacob, Jacob <\/span>(Editions de l\u2019Olivier, 2014), couronn\u00e9 par le prix du livre Inter\u00a02015\u00a0et traduit en arabe aux \u00e9ditions Frantz Fanon, en\u00a02021.<\/p>\n<p id=\"U202702544632JK\">Dans le contexte de l\u2019\u00e9motion incandescente autour de Gaza, un d\u00e9tail du parcours personnel de Val\u00e9rie Zenatti, agr\u00e9g\u00e9e d\u2019h\u00e9breu et traductrice du grand \u00e9crivain isra\u00e9lien Aharon Appelfeld, a d\u00e9cha\u00een\u00e9 la controverse\u00a0: l\u2019\u00e9crivaine a effectu\u00e9 son service militaire dans l\u2019arm\u00e9e isra\u00e9lienne lors de la premi\u00e8re Intifada (1988-1990). De cette exp\u00e9rience, elle a tir\u00e9 un livre jeunesse, <span class=\"italic\">Quand j\u2019\u00e9tais soldate <\/span>(L\u2019Ecole des loisirs, 2002), avant de signer un roman sur une correspondance \u00e9pistolaire entre une Isra\u00e9lienne de J\u00e9rusalem et un Palestinien de Gaza (<span class=\"italic\">Une bouteille dans la mer de Gaza<\/span>, L\u2019Ecole des loisirs, 2005). Du reste, elle a obtenu un visa pour l\u2019Alg\u00e9rie, en\u00a02012, afin de pr\u00e9senter le film tir\u00e9 de ce roman dans diff\u00e9rents instituts fran\u00e7ais.<\/p>\n<h2 class=\"Papier principal-intertitre quot-actu\">Dogmes officiels bouscul\u00e9s<\/h2>\n<p id=\"U202702544632q7C\">Or, cette biographie de Val\u00e9rie Zenatti a soudain paru intol\u00e9rable aux yeux du d\u00e9put\u00e9 Zouhir Fares, membre du parti islamiste El-Bina, qui a vu dans cette pr\u00e9face de <span class=\"italic\">L\u2019Alg\u00e9rie juive<\/span> une <span class=\"italic\">\u00ab\u00a0normalisation culturelle avec l\u2019entit\u00e9 sioniste\u00a0\u00bb<\/span>. Des comptes sur les r\u00e9seaux sociaux (Facebook, X et TikTok) ont suivi, avec moult commentaires rappelant le<span class=\"italic\">\u00ab\u00a0g\u00e9nocide\u00a0\u00bb<\/span> de Gaza et qualifiant par association M<span class=\"sup\">me<\/span>\u00a0Zenatti de <span class=\"italic\">\u00ab\u00a0g\u00e9nocidaire\u00a0\u00bb<\/span>.<span class=\"italic\">\u00ab\u00a0Tant de fantasmes projet\u00e9s sur ma personne sans me conna\u00eetre, ni m\u2019avoir lue\u00a0\u00bb<\/span>, d\u00e9plore la romanci\u00e8re.<\/p>\n<p id=\"U202702544632ZKE\" class=\"puce\">Il reste le livre lui-m\u00eame, dont l\u2019exhortation \u00e0 revisiter l\u2019histoire de l\u2019Alg\u00e9rie au prisme de la pluralit\u00e9 de ses h\u00e9ritages bouscule les dogmes officiels. <span class=\"italic\">\u00ab\u00a0L\u2019Alg\u00e9rie, quoi que l\u2019on en dise, est comme toutes les contr\u00e9es du monde<\/span>, \u00e9crit H\u00e9dia Bensahli.<span class=\"italic\">Elle ne peut \u00eatre estampill\u00e9e du sceau de l\u2019uniformit\u00e9. Elle est plurielle\u00a0! <strong>Nous concevons et ressentons parfaitement l\u2019Alg\u00e9rie arabo-musulmane, nous admettons enfin l\u2019Alg\u00e9rie berb\u00e8re\u00a0; il me semble que nous devrions aussi nous pencher sur cette Alg\u00e9rie juive que nous connaissons si peu.\u00a0\u00bb<\/strong><\/span><\/p>\n<\/div>\n<p><a href=\"https:\/\/www.lemonde.fr\/afrique\/article\/2025\/01\/23\/en-algerie-une-maison-d-edition-fermee-en-raison-d-un-livre-sur-son-heritage-juif_6512596_3212.html\">Le Monde<\/a><\/p>\n<\/div>\n","protected":false},"excerpt":{"rendered":"<p>Les autorit\u00e9s ont ordonn\u00e9 la fermeture des \u00e9ditions Frantz Fanon, qui ont publi\u00e9 l\u2019ouvrage, pr\u00e9fac\u00e9 par une \u00e9crivaine franco-isra\u00e9lienne &nbsp; &nbsp; &nbsp; La maison d\u2019\u00e9dition Frantz Fanon, l\u2019une des plus dynamiques en Alg\u00e9rie \u2212\u00a0150\u00a0titres \u00e0 son catalogue en dix ans \u2013 est ferm\u00e9e depuis le 14\u00a0janvier, un cran suppl\u00e9mentaire dans le resserrement de l\u2019\u00e9tau autour<\/p>\n","protected":false},"author":550,"featured_media":181571,"comment_status":"open","ping_status":"open","sticky":false,"template":"","format":"standard","meta":{"_uf_show_specific_survey":0,"_uf_disable_surveys":false,"footnotes":""},"categories":[37],"tags":[],"class_list":{"0":"post-181563","1":"post","2":"type-post","3":"status-publish","4":"format-standard","5":"has-post-thumbnail","7":"category-alaune-fr"},"aioseo_notices":[],"_links":{"self":[{"href":"https:\/\/middleeasttransparent.com\/fr\/wp-json\/wp\/v2\/posts\/181563","targetHints":{"allow":["GET"]}}],"collection":[{"href":"https:\/\/middleeasttransparent.com\/fr\/wp-json\/wp\/v2\/posts"}],"about":[{"href":"https:\/\/middleeasttransparent.com\/fr\/wp-json\/wp\/v2\/types\/post"}],"author":[{"embeddable":true,"href":"https:\/\/middleeasttransparent.com\/fr\/wp-json\/wp\/v2\/users\/550"}],"replies":[{"embeddable":true,"href":"https:\/\/middleeasttransparent.com\/fr\/wp-json\/wp\/v2\/comments?post=181563"}],"version-history":[{"count":0,"href":"https:\/\/middleeasttransparent.com\/fr\/wp-json\/wp\/v2\/posts\/181563\/revisions"}],"wp:featuredmedia":[{"embeddable":true,"href":"https:\/\/middleeasttransparent.com\/fr\/wp-json\/wp\/v2\/media\/181571"}],"wp:attachment":[{"href":"https:\/\/middleeasttransparent.com\/fr\/wp-json\/wp\/v2\/media?parent=181563"}],"wp:term":[{"taxonomy":"category","embeddable":true,"href":"https:\/\/middleeasttransparent.com\/fr\/wp-json\/wp\/v2\/categories?post=181563"},{"taxonomy":"post_tag","embeddable":true,"href":"https:\/\/middleeasttransparent.com\/fr\/wp-json\/wp\/v2\/tags?post=181563"}],"curies":[{"name":"wp","href":"https:\/\/api.w.org\/{rel}","templated":true}]}}